{"id":5898,"date":"2022-08-20T11:47:45","date_gmt":"2022-08-20T09:47:45","guid":{"rendered":"http:\/\/adni.local\/story\/?p=5898"},"modified":"2023-08-21T16:12:19","modified_gmt":"2023-08-21T14:12:19","slug":"lancement-projet-acteurs-du-nord-isere","status":"publish","type":"post","link":"https:\/\/www.acteurs-du-nord-isere.fr\/story\/lancement-projet-acteurs-du-nord-isere\/","title":{"rendered":"Lancement du projet Acteurs du Nord-Is\u00e8re"},"content":{"rendered":"\n<h2 class=\"wp-block-heading\">Le d\u00e9part d&rsquo;une nouvelle aventure locale<\/h2>\n\n\n\n<p>J&rsquo;ai le plaisir de vous pr\u00e9senter l&rsquo;article d&rsquo;ouverture qui lance officiellement les premiers pas de la plateforme <a href=\"https:\/\/www.acteurs-du-nord-isere.fr\/\" target=\"_blank\" rel=\"noopener\"><strong>Acteurs du Nord-Is\u00e8re<\/strong><\/a> et l&rsquo;espace du blog <strong>Story du Nord-Is\u00e8re<\/strong>. <\/p>\n\n\n\n<p>L&rsquo;objectif est simple, <strong>mettre en avant les synergies du territoire <\/strong>avec les diff\u00e9rents acteurs qui le composent entre <strong>le monde associatif, \u00e9conomique et les collectivit\u00e9s.<\/strong> <\/p>\n\n\n<div class=\"wp-block-image\">\n<figure class=\"aligncenter size-large\"><img loading=\"lazy\" decoding=\"async\" width=\"1024\" height=\"555\" src=\"https:\/\/www.acteurs-du-nord-isere.fr\/story\/wp-content\/uploads\/sites\/3\/2022\/08\/Histoire-1024x555.jpg\" alt=\"\" class=\"wp-image-5922\" srcset=\"https:\/\/www.acteurs-du-nord-isere.fr\/story\/wp-content\/uploads\/sites\/3\/2022\/08\/Histoire-1024x555.jpg 1024w, https:\/\/www.acteurs-du-nord-isere.fr\/story\/wp-content\/uploads\/sites\/3\/2022\/08\/Histoire-300x163.jpg 300w, https:\/\/www.acteurs-du-nord-isere.fr\/story\/wp-content\/uploads\/sites\/3\/2022\/08\/Histoire-768x416.jpg 768w, https:\/\/www.acteurs-du-nord-isere.fr\/story\/wp-content\/uploads\/sites\/3\/2022\/08\/Histoire-1536x832.jpg 1536w, https:\/\/www.acteurs-du-nord-isere.fr\/story\/wp-content\/uploads\/sites\/3\/2022\/08\/Histoire.jpg 1920w\" sizes=\"auto, (max-width: 1024px) 100vw, 1024px\" \/><figcaption class=\"wp-element-caption\">Logo Acteurs du Nord-Is\u00e8re<\/figcaption><\/figure>\n<\/div>\n\n\n<h2 class=\"wp-block-heading\">La g\u00e9n\u00e8se du projet AdNI (Acteurs du Nord-Is\u00e8re)<\/h2>\n\n\n\n<p>Ce projet me trotte dans la t\u00eate depuis plusieurs ann\u00e9es d\u00e9sormais. Il est n\u00e9 d&rsquo;un retour d&rsquo;exp\u00e9rience personnelle et professionnelle. Apr\u00e8s de premi\u00e8res \u00e9tudes en communication visuelle \u00e0 Villefontaine, j&rsquo;ai eu la chance de monter en 2011 l&rsquo;<strong>agence de communication Dezup<\/strong> avec deux amis. Depuis ces derni\u00e8res ann\u00e9es, nous avons pu r\u00e9aliser beaucoup de projets avec des entreprises locales et des Unions Commer\u00e7antes. Je participe \u00e9galement \u00e0 diff\u00e9rentes associations qui m&rsquo;ont fait d\u00e9couvrir toute l&rsquo;\u00e9nergie des b\u00e9n\u00e9voles pour cr\u00e9er et animer des projets.<\/p>\n\n\n\n<p>Suite \u00e0 ces exp\u00e9riences et \u00e0 l&rsquo;\u00e9volution du digital et des r\u00e9seaux sociaux, il me sentait int\u00e9ressant de mettre en place une plateforme qui permettrait de <strong>voir ce qui nous entoure<\/strong> et <strong>rencontrer les acteurs qui composent le territoire du Nord-Is\u00e8re<\/strong>. L&rsquo;id\u00e9e est de r\u00e9pondre aux besoins de visibilit\u00e9 des acteurs et \u00e0 la recherche d&rsquo;information des habitants. Le tout sans avoir la perturbation des r\u00e9seaux sociaux qui nous affiche en majorit\u00e9 des contenus qu&rsquo;on ne souhaite pas. Une plateforme qui permet de d\u00e9couvrir ce qui se passe dans notre commune et aux alentours. <\/p>\n\n\n\r\n<blockquote class=\"nectar_single_testimonial\" data-color=\"accent-color\" data-style=\"bold\">\r\n  <div class=\"inner\">\r\n  <p>\r\n    <span class=\"open-quote\">\u201d<\/span>\r\n    Le vrai drame, c&rsquo;est la distance et que les \u00eatres ne se connaissent pas.<\/p>\r\n    <span class=\"wrap\"><span>Jean Cocteau<\/span>\r\n    <span class=\"title\">L&rsquo;aigle \u00e0 deux t\u00eates, p.385, in Th\u00e9\u00e2tre 2<\/span><\/span>\r\n  <\/div>\r\n<\/blockquote>\r\n\n\n\n<h3 class=\"wp-block-heading\">Un d\u00e9veloppement progressif<\/h3>\n\n\n\n<p>Le d\u00e9veloppement du projet va prendre beaucoup de temps, car il est travaill\u00e9 uniquement sur le temps personnel dans un premier temps. <\/p>\n\n\n\n<p><strong>En 2019<\/strong>, le projet commence \u00e0 \u00eatre mis sur papier avec les grandes lignes, afin de d\u00e9finir les besoins et les enjeux.<\/p>\n\n\n\n<p><strong>C&rsquo;est seulement en 2020<\/strong>, que nous avions mis en place une landing page en ligne (<em>page d&rsquo;attente<\/em>) afin de parler du projet officiellement. Durant cette ann\u00e9e, nous avions \u00e9galement eu l&rsquo;arriv\u00e9e du COVID qui a perturb\u00e9 l&rsquo;avancement du projet, mais qui \u00e0 <strong>d\u00e9montr\u00e9 l&rsquo;importance du digital<\/strong>. Nous avons m\u00eame eu le droit \u00e0 notre premier article dans le Dauphin\u00e9 lib\u00e9r\u00e9 ! <a href=\"https:\/\/www.ledauphine.com\/culture-loisirs\/2020\/11\/17\/mettre-en-relation-l-ensemble-des-acteurs-du-territoire\" target=\"_blank\" rel=\"noopener\">Voir l&rsquo;article<\/a><\/p>\n\n\n\n<p><strong>En 2021<\/strong> le d\u00e9veloppement commence \u00e0 passer sur le temps de l&rsquo;agence et on lance l&rsquo;ouverture aux premiers inscrits afin que les acteurs s&rsquo;enregistrent. On re\u00e7oit <strong>une centaine de pr\u00e9-inscriptions<\/strong> entre les associations, les entreprises et habitants. L&rsquo;objectif d&rsquo;une ouverture officielle pour septembre se pr\u00e9cise. Malheureusement, le d\u00e9veloppement prend pas mal de retard et un changement au niveau de l&rsquo;agence avec le d\u00e9part de mon associ\u00e9 met en pause le projet. <\/p>\n\n\n\n<h3 class=\"wp-block-heading\">Une nouvelle reprise se dessine&#8230;<\/h3>\n\n\n\n<p>En 2022, je me retrouve seul \u00e0 l&rsquo;agence Dezup et je g\u00e8re en priorit\u00e9 ce nouveau d\u00e9part. Durant l&rsquo;\u00e9t\u00e9, je prends enfin le temps de me remettre sur <strong>le projet Acteurs du Nord-Is\u00e8re<\/strong>. Je reprends l&rsquo;ensemble des id\u00e9es et du d\u00e9veloppement afin d&rsquo;aller \u00e0 l&rsquo;essentiel et de passer de la th\u00e9orie \u00e0 la pratique. <\/p>\n\n\n\n<p>D\u00e9sormais le projet est en route et vous pouvez d\u00e9j\u00e0 d\u00e9couvrir les premiers parties. <\/p>\n\n\n\n<h2 class=\"wp-block-heading\">La suite pour Acteurs du Nord-Is\u00e8re se fera avec vous&#8230; <\/h2>\n\n\n\n<p><strong>Si vous \u00eates une association<\/strong>, <strong>une entreprise <\/strong>ou<strong> une collectivit\u00e9<\/strong> bas\u00e9e en Nord-Is\u00e8re vous pouvez d\u00e9j\u00e0 vous inscrire pour \u00eatre pr\u00e9sent sur la plateforme. <\/p>\n\n\n<a href=\"https:\/\/www.acteurs-du-nord-isere.fr\/inscription\/\" class=\"more-btn blue\">Inscrire mon \u00e9tablissement<\/a>\r\n\n\n\n<p>Le temps de faire rentrer les premiers acteurs, je poursuis le d\u00e9veloppement de la plateforme pour la mise en place du<strong> <a href=\"https:\/\/reseau-adni.fr\/\" target=\"_blank\" rel=\"noopener\" title=\"\">r\u00e9seau AdNI<\/a> <\/strong>qui apportera des outils \u00e0 vos structures. <\/p>\n\n\n\n<p>N&rsquo;h\u00e9sitez pas \u00e0 nous suivre sur les r\u00e9seaux ou par newsletter pour participer \u00e0 l&rsquo;aventure !<\/p>\n\n\n<ul class=\"socials post\">\n\n  <li class=\"nav-item social\">\n      <a class=\"nav-link\" href=\"https:\/\/dezup.typeform.com\/to\/I2cU66\" target=\"blank\" aria-label=\"Newlsetter\">\n        <i class=\"fa-solid fa-envelope\"><\/i>\n      <\/a>\n    <\/li>\n    <li class=\"nav-item social\">\n      <a class=\"nav-link\" href=\"https:\/\/www.instagram.com\/acteursdunordisere\/\" target=\"blank\" aria-label=\"instagram\">\n        <i class=\"fa-brands fa-instagram\"><\/i>\n      <\/a>\n    <\/li>\n    <li class=\"nav-item social\">\n      <a class=\"nav-link\" href=\"https:\/\/www.facebook.com\/ActeursNordIsere\/\" target=\"blank\" aria-label=\"facebook\">\n        <i class=\"fa-brands fa-facebook-f\"><\/i>\n      <\/a>\n    <\/li>\n    <li class=\"nav-item social\">\n      <a class=\"nav-link\" href=\"https:\/\/www.youtube.com\/@ActeursduNord-Isere\" target=\"blank\" aria-label=\"youtube\">\n        <i class=\"fa-brands fa-youtube-play\"><\/i>\n      <\/a>\n    <\/li>\n    <li class=\"nav-item social\">\n      <a class=\"nav-link\" href=\"https:\/\/www.linkedin.com\/company\/acteurs-du-nord-isere\/\" target=\"blank\" aria-label=\"linkedin\">\n        <i class=\"fa-brands fa-linkedin\"><\/i>\n      <\/a>\n    <\/li>\n\n<\/ul>\n\n\n\n\n<p><em>Vincent Ginet, <\/em><br><em>acteur du Nord-Is\u00e8re parmi tant d&rsquo;autres&#8230; <\/em><\/p>\n\n\n<div class=\"headband-icon cyan visiteurs\">\r\n    <h4>Vous avez un \u00e9tablissement sur le territoire du Nord-Is\u00e8re ?<\/h4>\r\n    <p class=\"txt\">Rejoignez l&rsquo;aventure en inscrivant votre association, entreprise ou collectivit\u00e9 sur notre plateforme.<\/p>\r\n    <a class=\"more-btn white\" href=\"\/inscription\/\">Inscrire mon \u00e9tablissement<\/a>\r\n<\/div>\r\n","protected":false},"excerpt":{"rendered":"<p>Le d\u00e9part d&rsquo;une nouvelle aventure locale J&rsquo;ai le plaisir de vous pr\u00e9senter l&rsquo;article d&rsquo;ouverture qui lance officiellement les premiers pas de la plateforme Acteurs du&#8230;<\/p>\n","protected":false},"author":3,"featured_media":5907,"comment_status":"closed","ping_status":"closed","sticky":false,"template":"","format":"standard","meta":{"_acf_changed":false,"footnotes":""},"categories":[26],"tags":[28,27,29],"categoriescommunes":[],"class_list":{"0":"post-5898","1":"post","2":"type-post","3":"status-publish","4":"format-standard","5":"has-post-thumbnail","7":"category-le-territoire","8":"tag-adni","9":"tag-journal-de-bord","10":"tag-story"},"acf":[],"aioseo_notices":[],"_links":{"self":[{"href":"https:\/\/www.acteurs-du-nord-isere.fr\/story\/wp-json\/wp\/v2\/posts\/5898","targetHints":{"allow":["GET"]}}],"collection":[{"href":"https:\/\/www.acteurs-du-nord-isere.fr\/story\/wp-json\/wp\/v2\/posts"}],"about":[{"href":"https:\/\/www.acteurs-du-nord-isere.fr\/story\/wp-json\/wp\/v2\/types\/post"}],"author":[{"embeddable":true,"href":"https:\/\/www.acteurs-du-nord-isere.fr\/story\/wp-json\/wp\/v2\/users\/3"}],"replies":[{"embeddable":true,"href":"https:\/\/www.acteurs-du-nord-isere.fr\/story\/wp-json\/wp\/v2\/comments?post=5898"}],"version-history":[{"count":1,"href":"https:\/\/www.acteurs-du-nord-isere.fr\/story\/wp-json\/wp\/v2\/posts\/5898\/revisions"}],"predecessor-version":[{"id":6637,"href":"https:\/\/www.acteurs-du-nord-isere.fr\/story\/wp-json\/wp\/v2\/posts\/5898\/revisions\/6637"}],"wp:featuredmedia":[{"embeddable":true,"href":"https:\/\/www.acteurs-du-nord-isere.fr\/story\/wp-json\/wp\/v2\/media\/5907"}],"wp:attachment":[{"href":"https:\/\/www.acteurs-du-nord-isere.fr\/story\/wp-json\/wp\/v2\/media?parent=5898"}],"wp:term":[{"taxonomy":"category","embeddable":true,"href":"https:\/\/www.acteurs-du-nord-isere.fr\/story\/wp-json\/wp\/v2\/categories?post=5898"},{"taxonomy":"post_tag","embeddable":true,"href":"https:\/\/www.acteurs-du-nord-isere.fr\/story\/wp-json\/wp\/v2\/tags?post=5898"},{"taxonomy":"categoriescommunes","embeddable":true,"href":"https:\/\/www.acteurs-du-nord-isere.fr\/story\/wp-json\/wp\/v2\/categoriescommunes?post=5898"}],"curies":[{"name":"wp","href":"https:\/\/api.w.org\/{rel}","templated":true}]}}