{"id":5952,"date":"2022-08-25T20:50:57","date_gmt":"2022-08-25T18:50:57","guid":{"rendered":"http:\/\/adni.local\/story\/?p=5952"},"modified":"2023-08-21T23:39:22","modified_gmt":"2023-08-21T21:39:22","slug":"acteurs-du-nord-isere-le-digital-au-service-du-territoire","status":"publish","type":"post","link":"https:\/\/www.acteurs-du-nord-isere.fr\/story\/acteurs-du-nord-isere-le-digital-au-service-du-territoire\/","title":{"rendered":"Acteurs du Nord-Is\u00e8re, le digital au service du territoire"},"content":{"rendered":"\n<p>Je vous propose un petit tour d&rsquo;horizon sur <strong>les bases et les enjeux du projet Acteurs du Nord-Is\u00e8re<\/strong>. Ce projet est n\u00e9 d&rsquo;un retour d&rsquo;exp\u00e9rience que j&rsquo;ai pu avoir ces 10 derni\u00e8res ann\u00e9es. Vous trouverez quelques pr\u00e9cisions dans le tout premier article du blog Story qui permet de comprendre la naissance du projet : <a href=\"\/story\/lancement-projet-acteurs-du-nord-isere\/\">Lancement du projet Acteurs du Nord Is\u00e8re.<\/a><\/p>\n\n\n\n<p>Mon parcours a permis de rencontrer diff\u00e9rentes sturctures sur le territoire entre les commer\u00e7ants, artisans, les UC (union commer\u00e7ante, exemple : <a href=\"https:\/\/bourgoin-commerces.com\/\" target=\"_blank\" rel=\"noopener\">Passion Commerces &#8211; Bourgoin Jallieu<\/a>) et les associations. J&rsquo;ai r\u00e9alis\u00e9 diff\u00e9rentes missions afin de les accompagner dans leur gestion et leur communication sur le digital. <\/p>\n\n\n\n<h2 class=\"wp-block-heading\">Les enjeux du digital et des r\u00e9seaux (sociaux)<\/h2>\n\n\n\n<p>Le digital a d\u00e9sormais une part importante dans notre quotidien, c&rsquo;\u00e9tait d\u00e9j\u00e0 le cas post covid, mais d\u00e9sormais,<strong> il devient un enjeu structurel pour les \u00e9tablissements.<\/strong> Or, nous ne sommes pas tous \u00e9gaux face \u00e0 son utilisation et sa mise en place.<\/p>\n\n\n\n<p>Un des premiers constats est que pour beaucoup de structures, il manque les bases du digital et une connaissance des outils disponibles. Les causes peuvent \u00eatre nombreuses, le manque de temps et d&rsquo;information ou \u00eatre mal accompagn\u00e9. Certaines structures professionnelles vendent des services web \u00e0 des prix non justifi\u00e9 et sans r\u00e9elle p\u00e9dagogie aupr\u00e8s de leur client, c&rsquo;est un peu le Far-west du digital. Pour vous donner un conseil, dans le web et dans tout autre domaine, <strong>comparez toujours les prix pour se faire une id\u00e9e<\/strong> <strong>d&rsquo;un secteur<\/strong>.<\/p>\n\n\n\r\n<blockquote class=\"nectar_single_testimonial\" data-color=\"accent-color\" data-style=\"bold\">\r\n  <div class=\"inner\">\r\n  <p>\r\n    <span class=\"open-quote\">\u201d<\/span>\r\n    Il est important d&rsquo;avoir une pr\u00e9sence en ligne, tout comme il est important d&rsquo;avoir des locaux physiques si on souhaite \u00eatre visible et accueillir du public.<\/p>\r\n    <span class=\"wrap\"><span><\/span>\r\n    <span class=\"title\"><\/span><\/span>\r\n  <\/div>\r\n<\/blockquote>\r\n\n\n\n<h3 class=\"wp-block-heading\">Quid des r\u00e9seaux sociaux ?<\/h3>\n\n\n\n<p>M\u00eame si les r\u00e9seaux sociaux ont pris une part importante dans notre soci\u00e9t\u00e9, il reste certains freins avec leur utilisation. Leur gestion peut \u00eatre chronophage et les codes \u00e9voluent rapidement. Un grand nombre d&rsquo;\u00e9tablissements ont des pages amis et non des pages professionnelles. De plus, si vous avez connu l&rsquo;arriv\u00e9e des r\u00e9seaux sociaux il y a plus de dix ans, les contenus non plus rien \u00e0 voir avec ceux d&rsquo;aujourd&rsquo;hui. Avant on pouvait suivre r\u00e9ellement des pages ou amis, d\u00e9sormais 50% du contenu que l&rsquo;on nous montre n&rsquo;est pas voulu par l&rsquo;utilisateur (<em>pub, vid\u00e9o, posts d&rsquo;autres pages, etc.<\/em>). Par contre, il est important d&rsquo;avoir un minimum de pr\u00e9sence sur ces r\u00e9seaux, car ils facilitent la communication due \u00e0 la grande partie de la population qui utilise ces plateformes.<\/p>\n\n\n\n<h3 class=\"wp-block-heading\">Il n&rsquo;y a pas que le digital dans la vie&#8230;<\/h3>\n\n\n\n<p>Bien heureusement, les rencontres et les rapports humains resteront toujours plus importants. En dehors des r\u00e9seaux sociaux et bien avant leur arriv\u00e9e, il existe les r\u00e9seaux physiques. Ce sont <strong>les unions commer\u00e7antes<\/strong>, <strong>les f\u00e9d\u00e9rations<\/strong>, <strong>les groupements d&rsquo;entreprises<\/strong> ou <strong>les associations <\/strong>tout simplement. Ils permettent de se rencontrer et de s&rsquo;organiser. Chaque r\u00e9seau \u00e0 ses sp\u00e9cialit\u00e9s et ses crit\u00e8res pour adh\u00e9rer. Comme pour les devis, il faut toujours comparer pour voir ce qui vous convient le mieux. Par contre, la difficult\u00e9 est de conna\u00eetre l&rsquo;existence et les services que proposent ces r\u00e9seaux. L&rsquo;acc\u00e8s \u00e0 l&rsquo;information est parfois difficile&#8230;<\/p>\n\n\n\n<h2 class=\"wp-block-heading\">Pourquoi le digital au service du territoire ?<\/h2>\n\n\n\n<p>Pour ne pas le subir&#8230; le digital est un outil pr\u00e9cieux qui doit nous aider \u00e0 se d\u00e9velopper, s&rsquo;organiser et nous apporter des solutions. La plateforme Acteurs du Nord-Is\u00e8re est l\u00e0 pour mettre en avant les synergies du territoire et accompagner les acteurs. Nous avons imagin\u00e9 <strong>une fiche simple et efficace <\/strong>qui permet \u00e0 chaque acteur de pr\u00e9senter son savoir-faire. Nous ne sommes pas l\u00e0 pour remplacer vos r\u00e9seaux sociaux ou site internet, mais simplement tisser du lien et mettre en avant votre pr\u00e9sence. <\/p>\n\n\n\n<div class=\"wp-block-columns is-layout-flex wp-container-core-columns-is-layout-9d6595d7 wp-block-columns-is-layout-flex\">\n<div class=\"wp-block-column is-layout-flow wp-block-column-is-layout-flow\" style=\"flex-basis:45%\">\n<p><strong>Les fiches sont imagin\u00e9es pour amener l&rsquo;information essentielle <\/strong>qui permet la d\u00e9couverte d&rsquo;un \u00e9tablissement. Vous trouverez uniquement les informations de base et les liens vers les r\u00e9seaux ou site internet de l&rsquo;acteur. Un acteur vous int\u00e9resse, partez \u00e0 la d\u00e9couverte de ses r\u00e9seaux selon vos pr\u00e9f\u00e9rences.<\/p>\n<\/div>\n\n\n\n<div class=\"wp-block-column is-layout-flow wp-block-column-is-layout-flow\">\n<figure class=\"wp-block-image size-full\"><img loading=\"lazy\" decoding=\"async\" width=\"750\" height=\"700\" src=\"https:\/\/www.acteurs-du-nord-isere.fr\/story\/wp-content\/uploads\/sites\/3\/2022\/09\/fiches-adni.png\" alt=\"\" class=\"wp-image-6088\" srcset=\"https:\/\/www.acteurs-du-nord-isere.fr\/story\/wp-content\/uploads\/sites\/3\/2022\/09\/fiches-adni.png 750w, https:\/\/www.acteurs-du-nord-isere.fr\/story\/wp-content\/uploads\/sites\/3\/2022\/09\/fiches-adni-300x280.png 300w\" sizes=\"auto, (max-width: 750px) 100vw, 750px\" \/><\/figure>\n<\/div>\n<\/div>\n\n\n\n<p>L&rsquo;utilisation du digital est l\u00e0 pour r\u00e9pondre principalement \u00e0 une question : <strong>Qui fait quoi, comment, o\u00f9 et quand ?<\/strong> Nous aurons \u00e9galement une partie d\u00e9di\u00e9e aux \u00e9tablissements avec<a href=\"https:\/\/reseau-adni.fr\/\" title=\"\"> <strong>le r\u00e9seau AdNI <\/strong><\/a>qui am\u00e8nera des outils, conseils et solutions pour leur structure. <\/p>\n\n\n\n<h2 class=\"wp-block-heading\">Pourquoi le Nord-Is\u00e8re ?<\/h2>\n\n\n\n<p>En effet, pourquoi ne pas prendre le d\u00e9partement de l&rsquo;Is\u00e8re en entier&#8230; Simplement pour garder un r\u00e9el <strong>esprit de localit\u00e9 et de proximit\u00e9<\/strong>. Quand on entend parler de r\u00e9gion ou de d\u00e9partement, on est d\u00e9j\u00e0 trop \u00e9loign\u00e9 de notre quotidien. <strong>Le Nord-Is\u00e8re est notre territoire<\/strong>, celui qu&rsquo;on vit et qu&rsquo;on parcourt tous les jours. Un acteur qui se trouve \u00e0 plus de 100Km de nous n&rsquo;est pas pertinant. Par contre d\u00e9couvrir ce qui se passe \u00e0 une ou deux communes de<strong> nous donne davantage de sens.<\/strong> <\/p>\n\n\n\n<h2 class=\"wp-block-heading\">Redonner du sens \u00e0 ce qui nous entoure<\/h2>\n\n\n\n<p>La cr\u00e9ation de cette plateforme est l\u00e0 pour d\u00e9couvrir toutes les synergies qui sont pr\u00e9sentes sur le territoire. Les grands axes sont tourn\u00e9s sur <a href=\"\/trouver-une-commune-en-nord-isere\/\">les 225 communes du territoire<\/a>, les entreprises et les associations. <\/p>\n\n\n\n<p>Nous esp\u00e9rons que cette plateforme vous aide dans votre quotidien \u00e0 rechercher des professionnels, associations ou les r\u00e9seaux qui sont \u00e0 deux pas de chez vous. <\/p>\n\n\n<div class=\"headband-icon cyan visiteurs\">\r\n    <h4>Vous avez un \u00e9tablissement sur le territoire du Nord-Is\u00e8re ?<\/h4>\r\n    <p class=\"txt\">Rejoignez l&rsquo;aventure en inscrivant votre association, entreprise ou collectivit\u00e9 sur notre plateforme.<\/p>\r\n    <a class=\"more-btn white\" href=\"\/inscription\/\">Inscrire mon \u00e9tablissement<\/a>\r\n<\/div>\r\n\n\n\n<p><\/p>\n","protected":false},"excerpt":{"rendered":"<p>Je vous propose un petit tour d&rsquo;horizon sur les bases et les enjeux du projet Acteurs du Nord-Is\u00e8re. Ce projet est n\u00e9 d&rsquo;un retour d&rsquo;exp\u00e9rience&#8230;<\/p>\n","protected":false},"author":3,"featured_media":6085,"comment_status":"closed","ping_status":"closed","sticky":false,"template":"","format":"standard","meta":{"_acf_changed":false,"footnotes":""},"categories":[26],"tags":[28,35,278],"categoriescommunes":[],"class_list":{"0":"post-5952","1":"post","2":"type-post","3":"status-publish","4":"format-standard","5":"has-post-thumbnail","7":"category-le-territoire","8":"tag-adni","9":"tag-data","10":"tag-digital"},"acf":[],"aioseo_notices":[],"_links":{"self":[{"href":"https:\/\/www.acteurs-du-nord-isere.fr\/story\/wp-json\/wp\/v2\/posts\/5952","targetHints":{"allow":["GET"]}}],"collection":[{"href":"https:\/\/www.acteurs-du-nord-isere.fr\/story\/wp-json\/wp\/v2\/posts"}],"about":[{"href":"https:\/\/www.acteurs-du-nord-isere.fr\/story\/wp-json\/wp\/v2\/types\/post"}],"author":[{"embeddable":true,"href":"https:\/\/www.acteurs-du-nord-isere.fr\/story\/wp-json\/wp\/v2\/users\/3"}],"replies":[{"embeddable":true,"href":"https:\/\/www.acteurs-du-nord-isere.fr\/story\/wp-json\/wp\/v2\/comments?post=5952"}],"version-history":[{"count":1,"href":"https:\/\/www.acteurs-du-nord-isere.fr\/story\/wp-json\/wp\/v2\/posts\/5952\/revisions"}],"predecessor-version":[{"id":6638,"href":"https:\/\/www.acteurs-du-nord-isere.fr\/story\/wp-json\/wp\/v2\/posts\/5952\/revisions\/6638"}],"wp:featuredmedia":[{"embeddable":true,"href":"https:\/\/www.acteurs-du-nord-isere.fr\/story\/wp-json\/wp\/v2\/media\/6085"}],"wp:attachment":[{"href":"https:\/\/www.acteurs-du-nord-isere.fr\/story\/wp-json\/wp\/v2\/media?parent=5952"}],"wp:term":[{"taxonomy":"category","embeddable":true,"href":"https:\/\/www.acteurs-du-nord-isere.fr\/story\/wp-json\/wp\/v2\/categories?post=5952"},{"taxonomy":"post_tag","embeddable":true,"href":"https:\/\/www.acteurs-du-nord-isere.fr\/story\/wp-json\/wp\/v2\/tags?post=5952"},{"taxonomy":"categoriescommunes","embeddable":true,"href":"https:\/\/www.acteurs-du-nord-isere.fr\/story\/wp-json\/wp\/v2\/categoriescommunes?post=5952"}],"curies":[{"name":"wp","href":"https:\/\/api.w.org\/{rel}","templated":true}]}}