{"id":6058,"date":"2022-08-31T17:48:32","date_gmt":"2022-08-31T15:48:32","guid":{"rendered":"http:\/\/adni.local\/story\/?p=6058"},"modified":"2022-09-01T20:08:33","modified_gmt":"2022-09-01T18:08:33","slug":"les-journees-du-patrimoine-nord-isere","status":"publish","type":"post","link":"https:\/\/www.acteurs-du-nord-isere.fr\/story\/les-journees-du-patrimoine-nord-isere\/","title":{"rendered":"Les Journ\u00e9es du patrimoine 2022 en Nord-Is\u00e8re"},"content":{"rendered":"\n<h2 class=\"wp-block-heading\">Le 17 et 18 septembre : Les Journ\u00e9es du patrimoine<\/h2>\n\n\n\n<p>Comme chaque ann\u00e9e, <strong>les Journ\u00e9es du patrimoine <\/strong>nous donnent la chance de d\u00e9couvrir de tr\u00e8s beaux lieux avec une valeur culturelle et historique remarquables. Pour 2022, c&rsquo;est environ<strong> 540 sites <\/strong>r\u00e9partis sur pr\u00e8s de <strong>250 communes<\/strong> du d\u00e9partement de l&rsquo;Is\u00e8re qui vous ouvrent leurs portes et vous proposent plus de <strong>600 animations<\/strong> !<\/p>\n\n\n\n<p>Si vous aimez les <a href=\"\/story\/tag\/chateaux\/\">ch\u00e2teaux<\/a>, l&rsquo;art, l&rsquo;histoire, la d\u00e9couverte de lieux insolites et uniques vous aurez de quoi parcourir le territoire du Nord-Is\u00e8re. Les organisateurs sont au rendez-vous et vous attendent pour partager leur passion et leur savoir-faire durant ces journ\u00e9es.<\/p>\n\n\n\n<p>Pour d\u00e9couvrir les diff\u00e9rents lieux ouverts et \u00e9v\u00e8nements pr\u00e9vu durant le weekend du et 18 septembre, rendez-vous sur le site des <strong>Journ\u00e9es du patrimoine de l&rsquo;Is\u00e8re<\/strong>.<\/p>\n\n\n<a href=\"https:\/\/journeesdupatrimoine.isere.fr\/\" class=\"more-btn blue\">Voir le site des Journ\u00e9es du patrimoine<\/a>\r\n\n\n\n<h3 class=\"wp-block-heading\">Consultez une carte interactive pour d\u00e9couvrir les diff\u00e9rents lieux en Nord-Is\u00e8re<\/h3>\n\n\n\n<figure class=\"wp-block-image size-large\"><a href=\"www.isere-tourisme.com\/selection\/journees-du-patrimoine\"><img loading=\"lazy\" decoding=\"async\" width=\"1024\" height=\"528\" src=\"https:\/\/www.acteurs-du-nord-isere.fr\/story\/wp-content\/uploads\/sites\/3\/2022\/09\/carte-nord-isere-journees-patrimoines-1024x528.jpg\" alt=\"\" class=\"wp-image-6061\" srcset=\"https:\/\/www.acteurs-du-nord-isere.fr\/story\/wp-content\/uploads\/sites\/3\/2022\/09\/carte-nord-isere-journees-patrimoines-1024x528.jpg 1024w, https:\/\/www.acteurs-du-nord-isere.fr\/story\/wp-content\/uploads\/sites\/3\/2022\/09\/carte-nord-isere-journees-patrimoines-300x155.jpg 300w, https:\/\/www.acteurs-du-nord-isere.fr\/story\/wp-content\/uploads\/sites\/3\/2022\/09\/carte-nord-isere-journees-patrimoines-768x396.jpg 768w, https:\/\/www.acteurs-du-nord-isere.fr\/story\/wp-content\/uploads\/sites\/3\/2022\/09\/carte-nord-isere-journees-patrimoines.jpg 1345w\" sizes=\"auto, (max-width: 1024px) 100vw, 1024px\" \/><\/a><\/figure>\n\n\n\n<p><em>Carte interactive du site isere-toursime.com<\/em><\/p>\n\n\n\n<p>Cette carte n&rsquo;est malheureusement pas encore disponible sur notre plateforme <a href=\"https:\/\/www.acteurs-du-nord-isere.fr\/\">Acteurs du Nord-Is\u00e8re <\/a>qui vient juste d&rsquo;\u00eatre lanc\u00e9e&#8230; Par contre, on esp\u00e8re avoir beaucoup d&rsquo;acteurs inscrits d&rsquo;ici 2023 pour vous proposer une exp\u00e9rience de recherche personnalis\u00e9e pour le Nord-Is\u00e8re. En attendant, vous pouvez d\u00e9couvrir une carte <strong>via le site Is\u00e8re tourisme <\/strong>qui regroupe l&rsquo;ensemble des \u00e9v\u00e8nements. <\/p>\n\n\n\n<p><a href=\"https:\/\/www.isere-tourisme.com\/selection\/journees-du-patrimoine\" target=\"_blank\" rel=\"noopener\">www.isere-tourisme.com\/selection\/journees-du-patrimoine<\/a><\/p>\n\n\n\n<h2 class=\"wp-block-heading\">L&rsquo;affiche et le teaser des Journ\u00e9es du patrimoine en Is\u00e8re<\/h2>\n\n\n\n<figure class=\"wp-block-embed is-type-rich is-provider-prise-en-charge-des-contenus-embarques wp-block-embed-prise-en-charge-des-contenus-embarques wp-embed-aspect-16-9 wp-has-aspect-ratio\"><div class=\"wp-block-embed__wrapper\">\n<iframe loading=\"lazy\" title=\"Journ\u00e9es europ\u00e9ennes du patrimoine 2022 en Is\u00e8re\" width=\"1080\" height=\"608\" src=\"https:\/\/www.youtube.com\/embed\/ArIoikQxWZE?feature=oembed\" frameborder=\"0\" allow=\"accelerometer; autoplay; clipboard-write; encrypted-media; gyroscope; picture-in-picture\" allowfullscreen><\/iframe>\n<\/div><\/figure>\n\n\n\n<p>En conclusion, on vous laisse d\u00e9couvrir ci-dessous l&rsquo;affiche 2022 des <strong>Journ\u00e9es du patrimoine en Is\u00e8re<\/strong>. Commencez d\u00e8s maintenant \u00e0 faire votre s\u00e9lection de lieux \u00e0 visiter durant ce weekend. Il y a beaucoup de choix et vous ne pourrez pas tout visiter durant les deux jours, mais heureusement, certains lieux sont ouverts toute l&rsquo;ann\u00e9e.<\/p>\n\n\n\n<p>Bonne d\u00e9couverte \u00e0 tous !<\/p>\n\n\n\n<figure class=\"wp-block-image size-full\"><img loading=\"lazy\" decoding=\"async\" width=\"431\" height=\"652\" src=\"https:\/\/www.acteurs-du-nord-isere.fr\/story\/wp-content\/uploads\/sites\/3\/2022\/09\/affiche-journee-patrimoine-nord-isere.jpg\" alt=\"\" class=\"wp-image-6064\" srcset=\"https:\/\/www.acteurs-du-nord-isere.fr\/story\/wp-content\/uploads\/sites\/3\/2022\/09\/affiche-journee-patrimoine-nord-isere.jpg 431w, https:\/\/www.acteurs-du-nord-isere.fr\/story\/wp-content\/uploads\/sites\/3\/2022\/09\/affiche-journee-patrimoine-nord-isere-198x300.jpg 198w\" sizes=\"auto, (max-width: 431px) 100vw, 431px\" \/><\/figure>\n\n\n<div class=\"headband-icon cyan visiteurs\">\r\n    <h4>Vous avez un \u00e9tablissement sur le territoire du Nord-Is\u00e8re ?<\/h4>\r\n    <p class=\"txt\">Rejoignez l&rsquo;aventure en inscrivant votre association, entreprise ou collectivit\u00e9 sur notre plateforme.<\/p>\r\n    <a class=\"more-btn white\" href=\"\/inscription\/\">Inscrire mon \u00e9tablissement<\/a>\r\n<\/div>\r\n","protected":false},"excerpt":{"rendered":"<p>Le 17 et 18 septembre : Les Journ\u00e9es du patrimoine Comme chaque ann\u00e9e, les Journ\u00e9es du patrimoine nous donnent la chance de d\u00e9couvrir de tr\u00e8s&#8230;<\/p>\n","protected":false},"author":3,"featured_media":6077,"comment_status":"closed","ping_status":"closed","sticky":false,"template":"","format":"standard","meta":{"_acf_changed":false,"footnotes":""},"categories":[6,7],"tags":[277,274,275,273,276],"categoriescommunes":[],"class_list":{"0":"post-6058","1":"post","2":"type-post","3":"status-publish","4":"format-standard","5":"has-post-thumbnail","7":"category-culture-loisirs","8":"category-evenements","9":"tag-chateaux","10":"tag-histoire","11":"tag-musee","12":"tag-patrimoine","13":"tag-tourisme"},"acf":[],"aioseo_notices":[],"_links":{"self":[{"href":"https:\/\/www.acteurs-du-nord-isere.fr\/story\/wp-json\/wp\/v2\/posts\/6058","targetHints":{"allow":["GET"]}}],"collection":[{"href":"https:\/\/www.acteurs-du-nord-isere.fr\/story\/wp-json\/wp\/v2\/posts"}],"about":[{"href":"https:\/\/www.acteurs-du-nord-isere.fr\/story\/wp-json\/wp\/v2\/types\/post"}],"author":[{"embeddable":true,"href":"https:\/\/www.acteurs-du-nord-isere.fr\/story\/wp-json\/wp\/v2\/users\/3"}],"replies":[{"embeddable":true,"href":"https:\/\/www.acteurs-du-nord-isere.fr\/story\/wp-json\/wp\/v2\/comments?post=6058"}],"version-history":[{"count":0,"href":"https:\/\/www.acteurs-du-nord-isere.fr\/story\/wp-json\/wp\/v2\/posts\/6058\/revisions"}],"wp:featuredmedia":[{"embeddable":true,"href":"https:\/\/www.acteurs-du-nord-isere.fr\/story\/wp-json\/wp\/v2\/media\/6077"}],"wp:attachment":[{"href":"https:\/\/www.acteurs-du-nord-isere.fr\/story\/wp-json\/wp\/v2\/media?parent=6058"}],"wp:term":[{"taxonomy":"category","embeddable":true,"href":"https:\/\/www.acteurs-du-nord-isere.fr\/story\/wp-json\/wp\/v2\/categories?post=6058"},{"taxonomy":"post_tag","embeddable":true,"href":"https:\/\/www.acteurs-du-nord-isere.fr\/story\/wp-json\/wp\/v2\/tags?post=6058"},{"taxonomy":"categoriescommunes","embeddable":true,"href":"https:\/\/www.acteurs-du-nord-isere.fr\/story\/wp-json\/wp\/v2\/categoriescommunes?post=6058"}],"curies":[{"name":"wp","href":"https:\/\/api.w.org\/{rel}","templated":true}]}}