{"id":6082,"date":"2022-09-06T21:59:15","date_gmt":"2022-09-06T19:59:15","guid":{"rendered":"http:\/\/adni.local\/story\/?p=6082"},"modified":"2022-09-24T18:46:27","modified_gmt":"2022-09-24T16:46:27","slug":"la-demarche-citoyenne-jachete-bleu-blanc-rouge-est-nee-en-nord-isere","status":"publish","type":"post","link":"https:\/\/www.acteurs-du-nord-isere.fr\/story\/la-demarche-citoyenne-jachete-bleu-blanc-rouge-est-nee-en-nord-isere\/","title":{"rendered":"La d\u00e9marche citoyenne j\u2019ach\u00e8te Bleu Blanc Rouge est n\u00e9e en Nord-Is\u00e8re"},"content":{"rendered":"\n<p>Durant ces derniers mois, une nouvelle association est n\u00e9e en Nord-Is\u00e8re avec un objectif essentiel pour tous : <strong>Valoriser le Made in France.<\/strong><\/p>\n\n\n\n<p>Elle place <strong>la pr\u00e9servation de l\u2019emploi en France<\/strong>, de <strong>la proximit\u00e9 <\/strong>et de <strong>l\u2019environnement<\/strong> au centre de ses pr\u00e9occupations. Cette d\u00e9marche est initi\u00e9e par<strong> l&rsquo;association pour l\u2019Emploi et la Proximit\u00e9 <\/strong>cr\u00e9\u00e9e par une \u00e9quipe de commer\u00e7ants et citoyens bas\u00e9s en Nord-Is\u00e8re.<\/p>\n\n\n\n<div class=\"wp-block-columns is-layout-flex wp-container-core-columns-is-layout-9d6595d7 wp-block-columns-is-layout-flex\">\n<div class=\"wp-block-column is-layout-flow wp-block-column-is-layout-flow\" style=\"flex-basis:60%\">\n<figure class=\"wp-block-image size-large\"><img loading=\"lazy\" decoding=\"async\" width=\"1024\" height=\"1024\" src=\"https:\/\/www.acteurs-du-nord-isere.fr\/story\/wp-content\/uploads\/sites\/3\/2022\/09\/equipe-bleu-blanc-rouge-1024x1024.jpg\" alt=\"\" class=\"wp-image-6132\" srcset=\"https:\/\/www.acteurs-du-nord-isere.fr\/story\/wp-content\/uploads\/sites\/3\/2022\/09\/equipe-bleu-blanc-rouge-1024x1024.jpg 1024w, https:\/\/www.acteurs-du-nord-isere.fr\/story\/wp-content\/uploads\/sites\/3\/2022\/09\/equipe-bleu-blanc-rouge-300x300.jpg 300w, https:\/\/www.acteurs-du-nord-isere.fr\/story\/wp-content\/uploads\/sites\/3\/2022\/09\/equipe-bleu-blanc-rouge-150x150.jpg 150w, https:\/\/www.acteurs-du-nord-isere.fr\/story\/wp-content\/uploads\/sites\/3\/2022\/09\/equipe-bleu-blanc-rouge-768x768.jpg 768w, https:\/\/www.acteurs-du-nord-isere.fr\/story\/wp-content\/uploads\/sites\/3\/2022\/09\/equipe-bleu-blanc-rouge-100x100.jpg 100w, https:\/\/www.acteurs-du-nord-isere.fr\/story\/wp-content\/uploads\/sites\/3\/2022\/09\/equipe-bleu-blanc-rouge-140x140.jpg 140w, https:\/\/www.acteurs-du-nord-isere.fr\/story\/wp-content\/uploads\/sites\/3\/2022\/09\/equipe-bleu-blanc-rouge-500x500.jpg 500w, https:\/\/www.acteurs-du-nord-isere.fr\/story\/wp-content\/uploads\/sites\/3\/2022\/09\/equipe-bleu-blanc-rouge-350x350.jpg 350w, https:\/\/www.acteurs-du-nord-isere.fr\/story\/wp-content\/uploads\/sites\/3\/2022\/09\/equipe-bleu-blanc-rouge-1000x1000.jpg 1000w, https:\/\/www.acteurs-du-nord-isere.fr\/story\/wp-content\/uploads\/sites\/3\/2022\/09\/equipe-bleu-blanc-rouge-800x800.jpg 800w, https:\/\/www.acteurs-du-nord-isere.fr\/story\/wp-content\/uploads\/sites\/3\/2022\/09\/equipe-bleu-blanc-rouge.jpg 1080w\" sizes=\"auto, (max-width: 1024px) 100vw, 1024px\" \/><figcaption><em>Photo via la page Facebook J&rsquo;ach\u00e8te Bleu Blanc Rouge<\/em><\/figcaption><\/figure>\n<\/div>\n\n\n\n<div class=\"wp-block-column is-layout-flow wp-block-column-is-layout-flow\">\n<p><strong>La charte \u00ab\u00a0J\u2019ach\u00e8te Bleu Blanc Rouge\u00a0\u00bb pour valoriser la fabrication fran\u00e7aise<\/strong><\/p>\n\n\n\n<p><em>L\u2019Association pour l\u2019emploi et la proximit\u00e9, bas\u00e9e \u00e0 L\u2019Isle-d\u2019Abeau, lance la d\u00e9marche \u00ab&nbsp;J\u2019ach\u00e8te Bleu Blanc Rouge&nbsp;\u00bb &#8230;<\/em><\/p>\n\n\n\n<p><a href=\"https:\/\/www.ledauphine.com\/societe\/2022\/06\/26\/isere-nord-une-charte-pour-valoriser-la-fabrication-francaise\">Voir l&rsquo;article sur ledauphine.com<\/a><\/p>\n<\/div>\n<\/div>\n\n\n\n<h2 class=\"wp-block-heading\">La d\u00e9marche citoyenne j\u2019ach\u00e8te Bleu Blanc Rouge accompagne les membres de son r\u00e9seau <\/h2>\n\n\n\n<p>Retrouvez ci-dessous une partie des valeurs mis en avant par l&rsquo;association :<\/p>\n\n\n\n<ul class=\"wp-block-list\"><li>L\u2019implication responsable des consommateurs dans leur acte d\u2019achat.<\/li><li>Les engagements professionnels (du commerce et des services) en termes de conseil, d\u2019\u00e9thique, de mise en avant des produits,\u2026<\/li><li>La dynamique de tous ceux qui contribuent \u00e0 pr\u00e9server et\/ou cr\u00e9er des emplois induits par la production, la vente et la consommation de ces produits<\/li><li>L\u2019emploi s\u2019impose comme un enjeu \u00e9conomique et environnemental prioritaire.<\/li><\/ul>\n\n\n\n<p>Actuellement, une dizaine d&rsquo;adh\u00e9rents ont d\u00e9j\u00e0 rejoint le r\u00e9seau, avec <strong>des commer\u00e7ants, artisans, ind\u00e9pandants et industrielles<\/strong>. Si vous souhaitez en savoir plus sur cette d\u00e9marche, vous trouverez leur d\u00e9pliant ci-dessous :<\/p>\n\n\n\n<div class=\"wp-block-columns is-layout-flex wp-container-core-columns-is-layout-9d6595d7 wp-block-columns-is-layout-flex\">\n<div class=\"wp-block-column is-layout-flow wp-block-column-is-layout-flow\">\n<p>La d\u00e9marche citoyenne j\u2019ach\u00e8te Bleu Blanc Rouge accompagne les membres de son r\u00e9seau avec :<\/p>\n\n\n\n<ul class=\"wp-block-list\"><li>La signature d\u2019une charte d\u2019engagement.<\/li><li>Une participation tout au long de l\u2019ann\u00e9e \u00e0 un r\u00e9seau professionnel innovant avec un \u00e9change sur vos exp\u00e9riences, vos initiatives et mises en pratique de travail.<\/li><li>Des outils d\u2019informations \u00e0 pr\u00e9senter dans votre entreprise (affiches, \u00e9tiquettes, chevalets, objets publicitaires,\u2026)<\/li><li>Une communication r\u00e9guli\u00e8re de la d\u00e9marche par l\u2019interm\u00e9diaire de diff\u00e9rents supports<\/li><\/ul>\n\n\n<a href=\"https:\/\/www.acteurs-du-nord-isere.fr\/story\/wp-content\/uploads\/sites\/3\/2022\/09\/Presentation-jachete-bleu-blanc-rouge.pdf\" class=\"more-btn blue\">Voir le d\u00e9pliant de pr\u00e9sentation<\/a>\r\n<\/div>\n\n\n\n<div class=\"wp-block-column is-layout-flow wp-block-column-is-layout-flow\" style=\"flex-basis:40%\">\n<figure class=\"wp-block-image size-full is-resized\"><img loading=\"lazy\" decoding=\"async\" src=\"https:\/\/www.acteurs-du-nord-isere.fr\/story\/wp-content\/uploads\/sites\/3\/2022\/09\/depliant-jachete-bleu-blanc-rouge.jpg\" alt=\"\" class=\"wp-image-6109\" width=\"402\" height=\"580\" srcset=\"https:\/\/www.acteurs-du-nord-isere.fr\/story\/wp-content\/uploads\/sites\/3\/2022\/09\/depliant-jachete-bleu-blanc-rouge.jpg 550w, https:\/\/www.acteurs-du-nord-isere.fr\/story\/wp-content\/uploads\/sites\/3\/2022\/09\/depliant-jachete-bleu-blanc-rouge-208x300.jpg 208w\" sizes=\"auto, (max-width: 402px) 100vw, 402px\" \/><\/figure>\n<\/div>\n<\/div>\n\n\n\n<h2 class=\"wp-block-heading\">Acteurs du Nord-Is\u00e8re et j\u2019ach\u00e8te Bleu Blanc Rouge<\/h2>\n\n\n\n<p><strong>La d\u00e9marche j\u2019ach\u00e8te Bleu Blanc Rouge <\/strong>est essentielle pour un avenir durable et nous souhaitons la soutenir avec notre projet Acteurs du Nord-Is\u00e8re. D\u00e8s que nous aurons l&rsquo;ouverture des acteurs sur le site, vous pourrez trouver<strong> un badge \u00ab\u00a0J\u2019ach\u00e8te Bleu Blanc Rouge\u00a0\u00bb<\/strong> afin de trouver facilement les \u00e9tablissements qui adh\u00e8rent \u00e0 la d\u00e9marche. <\/p>\n\n\n\n<figure class=\"wp-block-image size-large\"><img loading=\"lazy\" decoding=\"async\" width=\"1024\" height=\"411\" src=\"https:\/\/www.acteurs-du-nord-isere.fr\/story\/wp-content\/uploads\/sites\/3\/2022\/09\/logo-jachete-bleu-blanc-rouge-1024x411.jpg\" alt=\"\" class=\"wp-image-6108\" srcset=\"https:\/\/www.acteurs-du-nord-isere.fr\/story\/wp-content\/uploads\/sites\/3\/2022\/09\/logo-jachete-bleu-blanc-rouge-1024x411.jpg 1024w, https:\/\/www.acteurs-du-nord-isere.fr\/story\/wp-content\/uploads\/sites\/3\/2022\/09\/logo-jachete-bleu-blanc-rouge-300x120.jpg 300w, https:\/\/www.acteurs-du-nord-isere.fr\/story\/wp-content\/uploads\/sites\/3\/2022\/09\/logo-jachete-bleu-blanc-rouge-768x308.jpg 768w, https:\/\/www.acteurs-du-nord-isere.fr\/story\/wp-content\/uploads\/sites\/3\/2022\/09\/logo-jachete-bleu-blanc-rouge-1536x616.jpg 1536w, https:\/\/www.acteurs-du-nord-isere.fr\/story\/wp-content\/uploads\/sites\/3\/2022\/09\/logo-jachete-bleu-blanc-rouge.jpg 1616w\" sizes=\"auto, (max-width: 1024px) 100vw, 1024px\" \/><figcaption><em>Logo d\u00e9marche citoyenne j\u2019ach\u00e8te Bleu Blanc Rouge <\/em><\/figcaption><\/figure>\n\n\n\n<p>Au fil du temps, nous reviendrons vous pr\u00e9senter l&rsquo;\u00e9volution de cette d\u00e9marche. <br>D\u00e9couvrez toutes leur informations sur leur site<a href=\"https:\/\/jachetebleublancrouge.fr\/\" target=\"_blank\" rel=\"noopener\" title=\" jachetebleublancrouge.fr\"> jachetebleublancrouge.fr<\/a>.<\/p>\n","protected":false},"excerpt":{"rendered":"<p>Durant ces derniers mois, une nouvelle association est n\u00e9e en Nord-Is\u00e8re avec un objectif essentiel pour tous : Valoriser le Made in France. Elle place&#8230;<\/p>\n","protected":false},"author":3,"featured_media":6105,"comment_status":"closed","ping_status":"closed","sticky":false,"template":"","format":"standard","meta":{"_acf_changed":false,"footnotes":""},"categories":[26,5],"tags":[],"categoriescommunes":[],"class_list":{"0":"post-6082","1":"post","2":"type-post","3":"status-publish","4":"format-standard","5":"has-post-thumbnail","7":"category-le-territoire","8":"category-monde-economique"},"acf":[],"aioseo_notices":[],"_links":{"self":[{"href":"https:\/\/www.acteurs-du-nord-isere.fr\/story\/wp-json\/wp\/v2\/posts\/6082","targetHints":{"allow":["GET"]}}],"collection":[{"href":"https:\/\/www.acteurs-du-nord-isere.fr\/story\/wp-json\/wp\/v2\/posts"}],"about":[{"href":"https:\/\/www.acteurs-du-nord-isere.fr\/story\/wp-json\/wp\/v2\/types\/post"}],"author":[{"embeddable":true,"href":"https:\/\/www.acteurs-du-nord-isere.fr\/story\/wp-json\/wp\/v2\/users\/3"}],"replies":[{"embeddable":true,"href":"https:\/\/www.acteurs-du-nord-isere.fr\/story\/wp-json\/wp\/v2\/comments?post=6082"}],"version-history":[{"count":1,"href":"https:\/\/www.acteurs-du-nord-isere.fr\/story\/wp-json\/wp\/v2\/posts\/6082\/revisions"}],"predecessor-version":[{"id":6151,"href":"https:\/\/www.acteurs-du-nord-isere.fr\/story\/wp-json\/wp\/v2\/posts\/6082\/revisions\/6151"}],"wp:featuredmedia":[{"embeddable":true,"href":"https:\/\/www.acteurs-du-nord-isere.fr\/story\/wp-json\/wp\/v2\/media\/6105"}],"wp:attachment":[{"href":"https:\/\/www.acteurs-du-nord-isere.fr\/story\/wp-json\/wp\/v2\/media?parent=6082"}],"wp:term":[{"taxonomy":"category","embeddable":true,"href":"https:\/\/www.acteurs-du-nord-isere.fr\/story\/wp-json\/wp\/v2\/categories?post=6082"},{"taxonomy":"post_tag","embeddable":true,"href":"https:\/\/www.acteurs-du-nord-isere.fr\/story\/wp-json\/wp\/v2\/tags?post=6082"},{"taxonomy":"categoriescommunes","embeddable":true,"href":"https:\/\/www.acteurs-du-nord-isere.fr\/story\/wp-json\/wp\/v2\/categoriescommunes?post=6082"}],"curies":[{"name":"wp","href":"https:\/\/api.w.org\/{rel}","templated":true}]}}