{"id":6214,"date":"2023-02-07T15:52:52","date_gmt":"2023-02-07T14:52:52","guid":{"rendered":"http:\/\/dev.adni.link\/story\/?p=6214"},"modified":"2023-02-20T17:17:46","modified_gmt":"2023-02-20T16:17:46","slug":"plantes-en-folie-a-pupetieres-29-30-avril-et-1er-mai-2023","status":"publish","type":"post","link":"https:\/\/www.acteurs-du-nord-isere.fr\/story\/plantes-en-folie-a-pupetieres-29-30-avril-et-1er-mai-2023\/","title":{"rendered":"Plantes en folie \u00e0 Pupeti\u00e8res \u2013 29, 30 Avril et 1er Mai 2023"},"content":{"rendered":"\n<p>\u00c7a y est, l\u2019information a \u00e9t\u00e9 divulgu\u00e9e pour notre plus grande joie ! La prochaine&nbsp;<strong>journ\u00e9e des plantes en folie au domaine de Pupeti\u00e8res<\/strong>&nbsp;(Ch\u00e2bons) se d\u00e9roulera le&nbsp;<strong>weekend du 29 et 30 avril ainsi que le 1er mai 2023<\/strong>. Cette ann\u00e9e l\u2019\u00e9v\u00e9nement s\u2019intitule \u00ab&nbsp;<strong>Plantes en Folie<\/strong>&nbsp;\u00bb pour une nouvelle version des traditionnelles f\u00eates des plantes organis\u00e9es au printemps.<\/p>\n\n\n\n<div class=\"wp-block-media-text alignwide is-stacked-on-mobile\" style=\"grid-template-columns:48% auto\"><figure class=\"wp-block-media-text__media\"><img loading=\"lazy\" decoding=\"async\" width=\"526\" height=\"701\" src=\"https:\/\/www.acteurs-du-nord-isere.fr\/story\/wp-content\/uploads\/sites\/3\/2023\/01\/Plantes-en-Folie-au-chateau-de-Pupetieres-Printemps-avril-mai-2023.png\" alt=\"Plantes en folie \u00e0 Pupeti\u00e8res \u2013 29, 30 Avril et 1er Mai 2023\" class=\"wp-image-6188 size-full\" srcset=\"https:\/\/www.acteurs-du-nord-isere.fr\/story\/wp-content\/uploads\/sites\/3\/2023\/01\/Plantes-en-Folie-au-chateau-de-Pupetieres-Printemps-avril-mai-2023.png 526w, https:\/\/www.acteurs-du-nord-isere.fr\/story\/wp-content\/uploads\/sites\/3\/2023\/01\/Plantes-en-Folie-au-chateau-de-Pupetieres-Printemps-avril-mai-2023-225x300.png 225w\" sizes=\"auto, (max-width: 526px) 100vw, 526px\" \/><\/figure><div class=\"wp-block-media-text__content\">\n<h2 class=\"wp-block-heading\">\u00c0 qui s\u2019adresse cet \u00e9v\u00e9nement ?<\/h2>\n\n\n\n<p>\u00c0 tous les&nbsp;<strong>passionn\u00e9s de jardins, de fleurs et amateurs de plantes<\/strong>. Aux petits et grands qui souhaitent prendre le temps de se balader dans un joli cadre et d\u00e9couvrir ce domaine.<\/p>\n\n\n\n<h2 class=\"wp-block-heading\">Plantes en folie le programme&nbsp;:<\/h2>\n\n\n\n<p>Plus de&nbsp;<strong>70 exposants seront pr\u00e9sents.&nbsp;<\/strong>Des partenaires, des animations, des conf\u00e9rences, une exposition, des ateliers, des&nbsp;<strong>visites du ch\u00e2teau<\/strong>, le&nbsp;<strong>bapt\u00eame du rosier V\u00e9ronique Jannot<\/strong>&nbsp;(marraine de cette premi\u00e8re \u00e9dition).<\/p>\n\n\n\n<p>Les meilleurs sp\u00e9cialistes du monde v\u00e9g\u00e9tal, artisans et artistes seront au rendez-vous.<\/p>\n\n\n\n<p><\/p>\n<\/div><\/div>\n\n\n\n<div class=\"wp-block-columns is-layout-flex wp-container-core-columns-is-layout-9d6595d7 wp-block-columns-is-layout-flex\">\n<div class=\"wp-block-column is-layout-flow wp-block-column-is-layout-flow\">\n<h3 class=\"wp-block-heading\"><strong>Tarifs (en attente de confirmation)<\/strong><\/h3>\n\n\n\n<ul class=\"wp-block-list\">\n<li>Tarif individuel : 7 \u20ac<\/li>\n\n\n\n<li>Tarif groupe : 5 \u20ac<\/li>\n<\/ul>\n\n\n\n<h3 class=\"wp-block-heading\"><strong>O\u00f9 se situe le ch\u00e2teau de Pupeti\u00e8res ?<\/strong><\/h3>\n\n\n\n<h4 class=\"wp-block-heading\"><strong>Adresse du&nbsp;<\/strong><strong>Ch\u00e2teau de Pupeti\u00e8res<\/strong><\/h4>\n\n\n\n<p>100, route de Virieu<br>38690 CHABONS<\/p>\n\n\n\n<h4 class=\"wp-block-heading\"><strong>Emails du ch\u00e2teau de Pupeti\u00e8re<\/strong>s<\/h4>\n\n\n\n<ul class=\"wp-block-list\">\n<li><a href=\"mailto:pupetiere@orange.fr\">pupetiere@orange.fr<\/a><\/li>\n\n\n\n<li><a href=\"mailto:plantespupetieres@gmail.com\">plantespupetieres@gmail.com<\/a><\/li>\n<\/ul>\n\n\n\n<h4 class=\"wp-block-heading\"><strong>T\u00e9l\u00e9phone du ch\u00e2teau de Pupeti\u00e8re<\/strong>s<\/h4>\n\n\n\n<ul class=\"wp-block-list\">\n<li>06 14 30 27 31<\/li>\n<\/ul>\n<\/div>\n\n\n\n<div class=\"wp-block-column is-layout-flow wp-block-column-is-layout-flow\"><div class=\"wp-block-image\">\n<figure class=\"aligncenter size-full is-resized\"><img loading=\"lazy\" decoding=\"async\" src=\"https:\/\/www.acteurs-du-nord-isere.fr\/story\/wp-content\/uploads\/sites\/3\/2023\/01\/Plantes-en-Folie-au-chateau-de-Pupetieres-2023.png\" alt=\"\" class=\"wp-image-6187\" width=\"537\" height=\"476\" srcset=\"https:\/\/www.acteurs-du-nord-isere.fr\/story\/wp-content\/uploads\/sites\/3\/2023\/01\/Plantes-en-Folie-au-chateau-de-Pupetieres-2023.png 696w, https:\/\/www.acteurs-du-nord-isere.fr\/story\/wp-content\/uploads\/sites\/3\/2023\/01\/Plantes-en-Folie-au-chateau-de-Pupetieres-2023-300x266.png 300w\" sizes=\"auto, (max-width: 537px) 100vw, 537px\" \/><figcaption class=\"wp-element-caption\"><em>Pr\u00e9c\u00e9dente f\u00eate des plantes au ch\u00e2teau de Pupeti\u00e8res <\/em><br><em>&#8211; Cr\u00e9dit photo : ADNI<\/em><\/figcaption><\/figure>\n<\/div><\/div>\n<\/div>\n\n\n\n<div class=\"wp-block-columns is-layout-flex wp-container-core-columns-is-layout-9d6595d7 wp-block-columns-is-layout-flex\">\n<div class=\"wp-block-column is-layout-flow wp-block-column-is-layout-flow\"><div class=\"wp-block-image\">\n<figure class=\"aligncenter size-full is-resized\"><img loading=\"lazy\" decoding=\"async\" src=\"https:\/\/www.acteurs-du-nord-isere.fr\/story\/wp-content\/uploads\/sites\/3\/2023\/01\/Chateau-de-Pupetieres-Chabons-1.png\" alt=\"\" class=\"wp-image-6194\" width=\"369\" height=\"491\" srcset=\"https:\/\/www.acteurs-du-nord-isere.fr\/story\/wp-content\/uploads\/sites\/3\/2023\/01\/Chateau-de-Pupetieres-Chabons-1.png 703w, https:\/\/www.acteurs-du-nord-isere.fr\/story\/wp-content\/uploads\/sites\/3\/2023\/01\/Chateau-de-Pupetieres-Chabons-1-225x300.png 225w\" sizes=\"auto, (max-width: 369px) 100vw, 369px\" \/><figcaption class=\"wp-element-caption\"><em>Ch\u00e2teau de Pupeti\u00e8res <\/em><br><em>&#8211; Cr\u00e9dit photo : ADNI<\/em><\/figcaption><\/figure>\n<\/div><\/div>\n\n\n\n<div class=\"wp-block-column is-layout-flow wp-block-column-is-layout-flow\">\n<p><strong>Notre retour des pr\u00e9c\u00e9dentes journ\u00e9es des plantes&nbsp;:<\/strong><\/p>\n\n\n\n<p><em>\u00ab&nbsp;Que ce soit au printemps ou \u00e0 l\u2019automne, c\u2019est toujours un immense plaisir d\u2019aller faire un tour dans ce magnifique domaine. Pour les amoureux des fleurs, des plantes, des monuments historiques comme nous, c\u2019est devenu une date incontournable chaque ann\u00e9e. Nous aimons nous balader entre les stands et d\u00e9couvrir de nouveaux artisans et producteurs. L\u2019ambiance y est familiale et chaleureuse.<\/em><\/p>\n\n\n\n<p><em>Le plus +&nbsp;: profitez d\u2019un des stands de nourriture sur place pour s\u2019offrir une petite douceur gustative&nbsp;!<\/em><\/p>\n\n\n\n<p><em>Merci aux propri\u00e9taires du ch\u00e2teau, aux organisateurs et \u00e0 tous les exposants qui nous r\u00e9galent \u00e0 chaque \u00e9v\u00e9nement.&nbsp;\u00bb<\/em><\/p>\n\n\n\n<p><em>Vincent et Alicia d\u2019ADNI<\/em><\/p>\n<\/div>\n<\/div>\n\n\n\n<h2 class=\"has-text-align-center wp-block-heading\"><em>Pour suivre l\u2019actualit\u00e9 de l\u2019\u00e9v\u00e9nement :<\/em><\/h2>\n\n\n\n<div class=\"wp-block-columns is-layout-flex wp-container-core-columns-is-layout-9d6595d7 wp-block-columns-is-layout-flex\">\n<div class=\"wp-block-column is-layout-flow wp-block-column-is-layout-flow\"><a href=\"https:\/\/pupetieres.jimdofree.com\/\" class=\"more-btn blue\">D\u00e9couvrez le site internet du ch\u00e2teau de Pupeti\u00e8res !<\/a>\r\n\n\n\n<div class=\"wp-block-buttons is-layout-flex wp-block-buttons-is-layout-flex\"><\/div>\n<\/div>\n\n\n\n<div class=\"wp-block-column is-layout-flow wp-block-column-is-layout-flow\"><a href=\"https:\/\/www.facebook.com\/chateaudepupetieres\" class=\"more-btn blue\">D\u00e9couvrez la page Facebook de l&rsquo;\u00e9v\u00e9nement !<\/a>\r\n<\/div>\n<\/div>\n\n\n\n<p class=\"has-text-align-center\"><em>Quelques photos du ch\u00e2teau de Pupeti\u00e8res (Cr\u00e9dit photo : ADNI)<\/em> :<\/p>\n\n\n\n<figure class=\"wp-block-gallery has-nested-images columns-default is-cropped wp-block-gallery-1 is-layout-flex wp-block-gallery-is-layout-flex\">\n<figure class=\"wp-block-image size-large\"><img loading=\"lazy\" decoding=\"async\" width=\"703\" height=\"937\" data-id=\"6184\" src=\"https:\/\/www.acteurs-du-nord-isere.fr\/story\/wp-content\/uploads\/sites\/3\/2023\/01\/Chateau-de-Pupetieres-Chabons.png\" alt=\"\" class=\"wp-image-6184\" srcset=\"https:\/\/www.acteurs-du-nord-isere.fr\/story\/wp-content\/uploads\/sites\/3\/2023\/01\/Chateau-de-Pupetieres-Chabons.png 703w, https:\/\/www.acteurs-du-nord-isere.fr\/story\/wp-content\/uploads\/sites\/3\/2023\/01\/Chateau-de-Pupetieres-Chabons-225x300.png 225w\" sizes=\"auto, (max-width: 703px) 100vw, 703px\" \/><\/figure>\n\n\n\n<figure class=\"wp-block-image size-large\"><img loading=\"lazy\" decoding=\"async\" width=\"703\" height=\"937\" data-id=\"6185\" src=\"https:\/\/www.acteurs-du-nord-isere.fr\/story\/wp-content\/uploads\/sites\/3\/2023\/01\/Chateau-de-Pupetieres-Fete-des-plantes-2023.png\" alt=\"\" class=\"wp-image-6185\" srcset=\"https:\/\/www.acteurs-du-nord-isere.fr\/story\/wp-content\/uploads\/sites\/3\/2023\/01\/Chateau-de-Pupetieres-Fete-des-plantes-2023.png 703w, https:\/\/www.acteurs-du-nord-isere.fr\/story\/wp-content\/uploads\/sites\/3\/2023\/01\/Chateau-de-Pupetieres-Fete-des-plantes-2023-225x300.png 225w\" sizes=\"auto, (max-width: 703px) 100vw, 703px\" \/><\/figure>\n\n\n\n<figure class=\"wp-block-image size-large\"><img loading=\"lazy\" decoding=\"async\" width=\"703\" height=\"937\" data-id=\"6186\" src=\"https:\/\/www.acteurs-du-nord-isere.fr\/story\/wp-content\/uploads\/sites\/3\/2023\/01\/Fete-des-plantes-Chabons-Isere.png\" alt=\"\" class=\"wp-image-6186\" srcset=\"https:\/\/www.acteurs-du-nord-isere.fr\/story\/wp-content\/uploads\/sites\/3\/2023\/01\/Fete-des-plantes-Chabons-Isere.png 703w, https:\/\/www.acteurs-du-nord-isere.fr\/story\/wp-content\/uploads\/sites\/3\/2023\/01\/Fete-des-plantes-Chabons-Isere-225x300.png 225w\" sizes=\"auto, (max-width: 703px) 100vw, 703px\" \/><\/figure>\n\n\n\n<figure class=\"wp-block-image size-large\"><img loading=\"lazy\" decoding=\"async\" width=\"696\" height=\"618\" data-id=\"6187\" src=\"https:\/\/www.acteurs-du-nord-isere.fr\/story\/wp-content\/uploads\/sites\/3\/2023\/01\/Plantes-en-Folie-au-chateau-de-Pupetieres-2023.png\" alt=\"\" class=\"wp-image-6187\" srcset=\"https:\/\/www.acteurs-du-nord-isere.fr\/story\/wp-content\/uploads\/sites\/3\/2023\/01\/Plantes-en-Folie-au-chateau-de-Pupetieres-2023.png 696w, https:\/\/www.acteurs-du-nord-isere.fr\/story\/wp-content\/uploads\/sites\/3\/2023\/01\/Plantes-en-Folie-au-chateau-de-Pupetieres-2023-300x266.png 300w\" sizes=\"auto, (max-width: 696px) 100vw, 696px\" \/><\/figure>\n\n\n\n<figure class=\"wp-block-image size-large\"><img loading=\"lazy\" decoding=\"async\" width=\"703\" height=\"638\" data-id=\"6189\" src=\"https:\/\/www.acteurs-du-nord-isere.fr\/story\/wp-content\/uploads\/sites\/3\/2023\/01\/Visite-chateau-Nord-Isere.png\" alt=\"\" class=\"wp-image-6189\" srcset=\"https:\/\/www.acteurs-du-nord-isere.fr\/story\/wp-content\/uploads\/sites\/3\/2023\/01\/Visite-chateau-Nord-Isere.png 703w, https:\/\/www.acteurs-du-nord-isere.fr\/story\/wp-content\/uploads\/sites\/3\/2023\/01\/Visite-chateau-Nord-Isere-300x272.png 300w\" sizes=\"auto, (max-width: 703px) 100vw, 703px\" \/><\/figure>\n<\/figure>\n\n\n\n<h2 class=\"has-text-align-center wp-block-heading\">Proposez un \u00e9v\u00e9nement !<\/h2>\n\n\n\n<p class=\"has-text-align-center\">Vous \u00eates une association, une entreprise ou une collectivit\u00e9 et&nbsp;<strong>souhaitez communiquer autour de votre \u00e9v\u00e9nement<\/strong>&nbsp;<strong>en Nord-Is\u00e8re<\/strong>&#8230;<br>Partagez \u00e0 ADNI votre \u00e9v\u00e9nement pour qu\u2019on en parle sur notre plate-forme !<\/p>\n\n\n\n<div class=\"wp-block-buttons is-layout-flex wp-block-buttons-is-layout-flex\">\n<div class=\"wp-block-button aligncenter is-style-fill\"><a class=\"wp-block-button__link has-vivid-cyan-blue-to-vivid-purple-gradient-background has-background wp-element-button\" href=\"https:\/\/www.acteurs-du-nord-isere.fr\/story\/proposer-un-evenement-en-nord-isere\/\" target=\"_blank\" rel=\"noreferrer noopener\">Cliquez ici pour nous partager votre \u00e9v\u00e9nement !<\/a><\/div>\n<\/div>\n","protected":false},"excerpt":{"rendered":"<p>La prochaine\u00a0journ\u00e9e des plantes au domaine de Pupeti\u00e8res\u00a0(Ch\u00e2bons) se d\u00e9roulera le\u00a0weekend du 29 et 30 avril ainsi que le 1er mai 2023.<\/p>\n","protected":false},"author":4,"featured_media":6187,"comment_status":"closed","ping_status":"closed","sticky":false,"template":"","format":"standard","meta":{"_acf_changed":false,"footnotes":""},"categories":[6,7],"tags":[277,291,295,294,297,276,293],"categoriescommunes":[232],"class_list":{"0":"post-6214","1":"post","2":"type-post","3":"status-publish","4":"format-standard","5":"has-post-thumbnail","7":"category-culture-loisirs","8":"category-evenements","9":"tag-chateaux","10":"tag-fete-du-printemps","11":"tag-jardin","12":"tag-marche-de-producteurs","13":"tag-printemps","14":"tag-tourisme","15":"tag-visite","16":"categoriescommunes-chabons"},"acf":[],"aioseo_notices":[],"_links":{"self":[{"href":"https:\/\/www.acteurs-du-nord-isere.fr\/story\/wp-json\/wp\/v2\/posts\/6214","targetHints":{"allow":["GET"]}}],"collection":[{"href":"https:\/\/www.acteurs-du-nord-isere.fr\/story\/wp-json\/wp\/v2\/posts"}],"about":[{"href":"https:\/\/www.acteurs-du-nord-isere.fr\/story\/wp-json\/wp\/v2\/types\/post"}],"author":[{"embeddable":true,"href":"https:\/\/www.acteurs-du-nord-isere.fr\/story\/wp-json\/wp\/v2\/users\/4"}],"replies":[{"embeddable":true,"href":"https:\/\/www.acteurs-du-nord-isere.fr\/story\/wp-json\/wp\/v2\/comments?post=6214"}],"version-history":[{"count":20,"href":"https:\/\/www.acteurs-du-nord-isere.fr\/story\/wp-json\/wp\/v2\/posts\/6214\/revisions"}],"predecessor-version":[{"id":6347,"href":"https:\/\/www.acteurs-du-nord-isere.fr\/story\/wp-json\/wp\/v2\/posts\/6214\/revisions\/6347"}],"wp:featuredmedia":[{"embeddable":true,"href":"https:\/\/www.acteurs-du-nord-isere.fr\/story\/wp-json\/wp\/v2\/media\/6187"}],"wp:attachment":[{"href":"https:\/\/www.acteurs-du-nord-isere.fr\/story\/wp-json\/wp\/v2\/media?parent=6214"}],"wp:term":[{"taxonomy":"category","embeddable":true,"href":"https:\/\/www.acteurs-du-nord-isere.fr\/story\/wp-json\/wp\/v2\/categories?post=6214"},{"taxonomy":"post_tag","embeddable":true,"href":"https:\/\/www.acteurs-du-nord-isere.fr\/story\/wp-json\/wp\/v2\/tags?post=6214"},{"taxonomy":"categoriescommunes","embeddable":true,"href":"https:\/\/www.acteurs-du-nord-isere.fr\/story\/wp-json\/wp\/v2\/categoriescommunes?post=6214"}],"curies":[{"name":"wp","href":"https:\/\/api.w.org\/{rel}","templated":true}]}}