{"id":6346,"date":"2023-03-19T20:05:33","date_gmt":"2023-03-19T19:05:33","guid":{"rendered":"http:\/\/dev.adni.link\/story\/?p=6346"},"modified":"2023-03-19T20:25:30","modified_gmt":"2023-03-19T19:25:30","slug":"la-saint-albanaise-courses-natures-randonnees-en-nord-isere-le-2-avril-2023","status":"publish","type":"post","link":"https:\/\/www.acteurs-du-nord-isere.fr\/story\/la-saint-albanaise-courses-natures-randonnees-en-nord-isere-le-2-avril-2023\/","title":{"rendered":"La Saint-Albanaise : Courses natures &#038; randonn\u00e9es en Nord-Is\u00e8re le 2 avril 2023"},"content":{"rendered":"\n<div class=\"wp-block-columns is-layout-flex wp-container-core-columns-is-layout-9d6595d7 wp-block-columns-is-layout-flex\">\n<div class=\"wp-block-column is-layout-flow wp-block-column-is-layout-flow\">\n<h2 class=\"wp-block-heading\">La Saint-Albanaise : trails et randonn\u00e9es \u00e0 Saint-Alban-de-Roche<\/h2>\n\n\n\n<p>Le dimanche 2 avril 2023, <a href=\"https:\/\/www.acteurs-du-nord-isere.fr\/commune\/saint-alban-de-roche\/\" target=\"_blank\" rel=\"noopener\" title=\"\">la commune de Saint-Alban-de-Roche<\/a> accueillera la nouvelle \u00e9dition de \u00ab\u00a0<strong>La Saint-Albanaise<\/strong>\u00ab\u00a0. Cette course nature organis\u00e9e par <a href=\"https:\/\/courirastalban.fr\/\" target=\"_blank\" rel=\"noopener\" title=\"l'association Courir \u00e0 St-Alban\">Courir \u00e0 St-Alban<\/a> (<em>Association de course \u00e0 pied<\/em>) offre aux participants une exp\u00e9rience sportive unique au coeur du Nord-Is\u00e8re, avec des parcours pour tous les niveaux.<\/p>\n\n\n\n<p>Vous aurez la possibilit\u00e9 de<strong> participer \u00e0 un trail<\/strong>, qui est une discipline de course \u00e0 pied en pleine nature, sur des parcours souvent accident\u00e9s et comportant des d\u00e9nivel\u00e9s importants, afin de mettre \u00e0 l&rsquo;\u00e9preuve votre physique. Ou vous aurez le choix de <strong>participer \u00e0 une randonn\u00e9e<\/strong> \u00e0 un rythme plus tranquille, avec l&rsquo;objectif de profiter des paysages et de prendre le temps de se reconnecter avec la nature.<\/p>\n<\/div>\n\n\n\n<div class=\"wp-block-column is-layout-flow wp-block-column-is-layout-flow\">\n<figure class=\"wp-block-image size-large\"><img loading=\"lazy\" decoding=\"async\" width=\"724\" height=\"1024\" src=\"https:\/\/www.acteurs-du-nord-isere.fr\/story\/wp-content\/uploads\/sites\/3\/2023\/03\/stalbanaise_2023-724x1024.jpg\" alt=\"\" class=\"wp-image-6351\" srcset=\"https:\/\/www.acteurs-du-nord-isere.fr\/story\/wp-content\/uploads\/sites\/3\/2023\/03\/stalbanaise_2023-724x1024.jpg 724w, https:\/\/www.acteurs-du-nord-isere.fr\/story\/wp-content\/uploads\/sites\/3\/2023\/03\/stalbanaise_2023-212x300.jpg 212w, https:\/\/www.acteurs-du-nord-isere.fr\/story\/wp-content\/uploads\/sites\/3\/2023\/03\/stalbanaise_2023-768x1086.jpg 768w, https:\/\/www.acteurs-du-nord-isere.fr\/story\/wp-content\/uploads\/sites\/3\/2023\/03\/stalbanaise_2023-1086x1536.jpg 1086w, https:\/\/www.acteurs-du-nord-isere.fr\/story\/wp-content\/uploads\/sites\/3\/2023\/03\/stalbanaise_2023.jpg 1169w\" sizes=\"auto, (max-width: 724px) 100vw, 724px\" \/><figcaption class=\"wp-element-caption\"><em>Affiche pour les courses en Nord-Is\u00e8re : La Saint-Albanaise<\/em><\/figcaption><\/figure>\n<\/div>\n<\/div>\n\n\n\n<div class=\"wp-block-columns is-layout-flex wp-container-core-columns-is-layout-9d6595d7 wp-block-columns-is-layout-flex\">\n<div class=\"wp-block-column is-layout-flow wp-block-column-is-layout-flow\">\n<figure class=\"wp-block-image size-large\"><img loading=\"lazy\" decoding=\"async\" width=\"747\" height=\"1024\" src=\"https:\/\/www.acteurs-du-nord-isere.fr\/story\/wp-content\/uploads\/sites\/3\/2023\/03\/trial-St-Alban-de-roche-12km-1-747x1024.jpg\" alt=\"\" class=\"wp-image-6369\" srcset=\"https:\/\/www.acteurs-du-nord-isere.fr\/story\/wp-content\/uploads\/sites\/3\/2023\/03\/trial-St-Alban-de-roche-12km-1-747x1024.jpg 747w, https:\/\/www.acteurs-du-nord-isere.fr\/story\/wp-content\/uploads\/sites\/3\/2023\/03\/trial-St-Alban-de-roche-12km-1-219x300.jpg 219w, https:\/\/www.acteurs-du-nord-isere.fr\/story\/wp-content\/uploads\/sites\/3\/2023\/03\/trial-St-Alban-de-roche-12km-1-768x1053.jpg 768w, https:\/\/www.acteurs-du-nord-isere.fr\/story\/wp-content\/uploads\/sites\/3\/2023\/03\/trial-St-Alban-de-roche-12km-1.jpg 776w\" sizes=\"auto, (max-width: 747px) 100vw, 747px\" \/><figcaption class=\"wp-element-caption\"><em>Parcours du trial de 12 km pour La Saint-Albanaise<\/em><\/figcaption><\/figure>\n<\/div>\n\n\n\n<div class=\"wp-block-column is-layout-flow wp-block-column-is-layout-flow\">\n<h2 class=\"wp-block-heading\">D\u00e9part \u00e0 Saint-Alban-de-Roche pour un trail de 12 ou 21 km <\/h2>\n\n\n\n<p>Pour les plus aguerris, deux trails sont propos\u00e9s : le premier de 12 km (<em>d\u00e9part \u00e0 9h<\/em>) et le second de 21 km (<em>d\u00e9part \u00e0 8h30<\/em>), avec des paysages vari\u00e9s entre plaines et for\u00eats. Les inscriptions sont obligatoires et payantes pour ces deux courses, mais la qualit\u00e9 de l&rsquo;exp\u00e9rience et l&rsquo;enjeu pour la comp\u00e9tition sportive en vaut largement la peine.<\/p>\n\n\n\n<h3 class=\"wp-block-heading\">Une course gratuite pour les enfants jusqu&rsquo;\u00e0 10 ans<\/h3>\n\n\n\n<p>Pour les plus jeunes, une course gratuite est organis\u00e9e sp\u00e9cialement pour eux. Les enfants pourront ainsi se d\u00e9fouler et partager un moment sportif en famille ou entre amis. Sans oublier un cadeau qui sera offert \u00e0 chaque participant.e peu importe leur r\u00e9sultat.<\/p>\n<\/div>\n<\/div>\n\n\n\n<h2 class=\"has-text-align-left wp-block-heading\">Un parcours de randonn\u00e9e pour d\u00e9couvrir les chemins de nature \u00e0 Saint-Alban-de-Roche<\/h2>\n\n\n\n<p>Enfin, pour les amateurs de randonn\u00e9es, des parcours de 10 km et 15 km sont propos\u00e9s gratuitement. Une occasion unique de d\u00e9couvrir les magnifiques paysages de St-Alban-de-Roche.<\/p>\n\n\n\n<div class=\"wp-block-columns is-layout-flex wp-container-core-columns-is-layout-9d6595d7 wp-block-columns-is-layout-flex\">\n<div class=\"wp-block-column is-layout-flow wp-block-column-is-layout-flow\"><div class=\"wp-block-image\">\n<figure class=\"aligncenter size-full\"><img loading=\"lazy\" decoding=\"async\" width=\"256\" height=\"133\" src=\"https:\/\/www.acteurs-du-nord-isere.fr\/story\/wp-content\/uploads\/sites\/3\/2023\/03\/Logo-courir-a-st-alban.jpg\" alt=\"\" class=\"wp-image-6370\"\/><\/figure>\n<\/div><\/div>\n\n\n\n<div class=\"wp-block-column is-layout-flow wp-block-column-is-layout-flow\">\n<p><strong>L&rsquo;association Courir \u00e0 St-Alban<\/strong> est fi\u00e8re d&rsquo;organiser cette manifestation sportive qui encourage la pratique du sport en pleine nature. Elle invite tous les amateurs de courses et de randonn\u00e9es \u00e0 participer \u00e0 cet \u00e9v\u00e9nement convivial et festif.<\/p>\n<\/div>\n<\/div>\n\n\n\n<div style=\"height:100px\" aria-hidden=\"true\" class=\"wp-block-spacer\"><\/div>\n\n\n\n<h2 class=\"wp-block-heading\">La Saint-Albanaise : Informations et liens<\/h2>\n\n\n\n<p>Ne manquez pas <strong>\u00ab\u00a0La Saint-Albanaise\u00a0\u00bb<\/strong> <strong>le dimanche 2 avril 2023<\/strong> et venez vivre une exp\u00e9rience sportive inoubliable ! Pour en savoir plus, d\u00e9couvrez le site de l&rsquo;association avec l&rsquo;acc\u00e8s au r\u00e9glement et aux inscriptions pour le trail : <\/p>\n\n\n<a href=\"https:\/\/courirastalban.fr\/informations\" class=\"more-btn blue\">Courir \u00e0 St-Alban<\/a>\r\n\n\n\n<div class=\"wp-block-buttons is-layout-flex wp-block-buttons-is-layout-flex\"><\/div>\n\n\n\n<div class=\"wp-block-columns is-layout-flex wp-container-core-columns-is-layout-9d6595d7 wp-block-columns-is-layout-flex\">\n<div class=\"wp-block-column is-layout-flow wp-block-column-is-layout-flow\">\n<hr class=\"wp-block-separator has-alpha-channel-opacity is-style-wide\"\/>\n\n\n\n<div style=\"height:40px\" aria-hidden=\"true\" class=\"wp-block-spacer\"><\/div>\n\n\n\n<h2 class=\"has-text-align-left wp-block-heading\">Proposez un \u00e9v\u00e9nement !<\/h2>\n\n\n\n<p>Vous \u00eates une association, une entreprise ou une collectivit\u00e9 et\u00a0<strong>souhaitez communiquer autour de votre \u00e9v\u00e9nement<\/strong>\u00a0<strong>en Nord-Is\u00e8re<\/strong>\u2026 Partagez votre \u00e9v\u00e9nement sur Acteurs du Nord-Is\u00e8re pour qu\u2019on en parle sur notre plate-forme !<\/p>\n\n\n<a href=\"https:\/\/www.acteurs-du-nord-isere.fr\/story\/proposer-un-evenement-en-nord-isere\/\" class=\"more-btn blue\">Proposez un \u00e9v\u00e9nement !<\/a>\r\n<\/div>\n<\/div>\n","protected":false},"excerpt":{"rendered":"<p>La Saint-Albanaise, course nature organis\u00e9e par l&rsquo;association Courir \u00e0 St-Alban offre aux participants une exp\u00e9rience sportive unique au coeur du Nord-Is\u00e8re, avec des parcours pour tous les niveaux.<\/p>\n","protected":false},"author":3,"featured_media":6354,"comment_status":"closed","ping_status":"closed","sticky":false,"template":"","format":"standard","meta":{"_acf_changed":false,"footnotes":""},"categories":[7],"tags":[39,303,302,37,301],"categoriescommunes":[70],"class_list":{"0":"post-6346","1":"post","2":"type-post","3":"status-publish","4":"format-standard","5":"has-post-thumbnail","7":"category-evenements","8":"tag-course","9":"tag-nature","10":"tag-randonnee","11":"tag-sport","12":"tag-trial","13":"categoriescommunes-saint-alban-de-roche"},"acf":[],"aioseo_notices":[],"_links":{"self":[{"href":"https:\/\/www.acteurs-du-nord-isere.fr\/story\/wp-json\/wp\/v2\/posts\/6346","targetHints":{"allow":["GET"]}}],"collection":[{"href":"https:\/\/www.acteurs-du-nord-isere.fr\/story\/wp-json\/wp\/v2\/posts"}],"about":[{"href":"https:\/\/www.acteurs-du-nord-isere.fr\/story\/wp-json\/wp\/v2\/types\/post"}],"author":[{"embeddable":true,"href":"https:\/\/www.acteurs-du-nord-isere.fr\/story\/wp-json\/wp\/v2\/users\/3"}],"replies":[{"embeddable":true,"href":"https:\/\/www.acteurs-du-nord-isere.fr\/story\/wp-json\/wp\/v2\/comments?post=6346"}],"version-history":[{"count":25,"href":"https:\/\/www.acteurs-du-nord-isere.fr\/story\/wp-json\/wp\/v2\/posts\/6346\/revisions"}],"predecessor-version":[{"id":6385,"href":"https:\/\/www.acteurs-du-nord-isere.fr\/story\/wp-json\/wp\/v2\/posts\/6346\/revisions\/6385"}],"wp:featuredmedia":[{"embeddable":true,"href":"https:\/\/www.acteurs-du-nord-isere.fr\/story\/wp-json\/wp\/v2\/media\/6354"}],"wp:attachment":[{"href":"https:\/\/www.acteurs-du-nord-isere.fr\/story\/wp-json\/wp\/v2\/media?parent=6346"}],"wp:term":[{"taxonomy":"category","embeddable":true,"href":"https:\/\/www.acteurs-du-nord-isere.fr\/story\/wp-json\/wp\/v2\/categories?post=6346"},{"taxonomy":"post_tag","embeddable":true,"href":"https:\/\/www.acteurs-du-nord-isere.fr\/story\/wp-json\/wp\/v2\/tags?post=6346"},{"taxonomy":"categoriescommunes","embeddable":true,"href":"https:\/\/www.acteurs-du-nord-isere.fr\/story\/wp-json\/wp\/v2\/categoriescommunes?post=6346"}],"curies":[{"name":"wp","href":"https:\/\/api.w.org\/{rel}","templated":true}]}}