{"id":6436,"date":"2023-04-04T18:42:01","date_gmt":"2023-04-04T16:42:01","guid":{"rendered":"http:\/\/dev.adni.link\/story\/?p=6436"},"modified":"2023-04-04T18:45:53","modified_gmt":"2023-04-04T16:45:53","slug":"lestival-du-dauphine-le-10-juin-a-la-tour-du-pin","status":"publish","type":"post","link":"https:\/\/www.acteurs-du-nord-isere.fr\/story\/lestival-du-dauphine-le-10-juin-a-la-tour-du-pin\/","title":{"rendered":"L&rsquo;Estival du Dauphin\u00e9 le 10 juin \u00e0\u00a0la Tour du Pin\u00a0!"},"content":{"rendered":"\n<h2 class=\"wp-block-heading\">\u00ab\u00a0Un festival qui fait du bien \u00e0 la plan\u00e8te et aux gens pour un quotidien gourmand, innovant et local !\u00a0\u00bb<\/h2>\n\n\n\n<p>Le samedi 10 Juin, de 10h \u00e0 18h, aura lieu la seconde \u00e9dition de \u00ab\u00a0l\u2019Estival du Dauphin\u00e9\u00a0\u00bb au lyc\u00e9e Horticole de <a href=\"https:\/\/www.acteurs-du-nord-isere.fr\/commune\/la-tour-du-pin\/\" target=\"_blank\" rel=\"noopener\" title=\"La Tour du Pin.\">La Tour du Pin.<\/a><\/p>\n\n\n\n<div class=\"wp-block-columns is-layout-flex wp-container-core-columns-is-layout-9d6595d7 wp-block-columns-is-layout-flex\">\n<div class=\"wp-block-column is-layout-flow wp-block-column-is-layout-flow\">\n<div class=\"wp-block-media-text alignwide is-stacked-on-mobile\" style=\"grid-template-columns:57% auto\"><figure class=\"wp-block-media-text__media\"><img loading=\"lazy\" decoding=\"async\" width=\"1024\" height=\"576\" src=\"https:\/\/www.acteurs-du-nord-isere.fr\/story\/wp-content\/uploads\/sites\/3\/2023\/03\/Estival-du-dauphine-La-Tour-du-Pin-2023-JUIN-1024x576.jpg\" alt=\"\" class=\"wp-image-6438 size-full\" srcset=\"https:\/\/www.acteurs-du-nord-isere.fr\/story\/wp-content\/uploads\/sites\/3\/2023\/03\/Estival-du-dauphine-La-Tour-du-Pin-2023-JUIN-1024x576.jpg 1024w, https:\/\/www.acteurs-du-nord-isere.fr\/story\/wp-content\/uploads\/sites\/3\/2023\/03\/Estival-du-dauphine-La-Tour-du-Pin-2023-JUIN-300x169.jpg 300w, https:\/\/www.acteurs-du-nord-isere.fr\/story\/wp-content\/uploads\/sites\/3\/2023\/03\/Estival-du-dauphine-La-Tour-du-Pin-2023-JUIN-768x432.jpg 768w, https:\/\/www.acteurs-du-nord-isere.fr\/story\/wp-content\/uploads\/sites\/3\/2023\/03\/Estival-du-dauphine-La-Tour-du-Pin-2023-JUIN.jpg 1500w\" sizes=\"auto, (max-width: 1024px) 100vw, 1024px\" \/><\/figure><div class=\"wp-block-media-text__content\">\n<p>Un \u00e9v\u00e9nement convivial et bienveillant pour <strong>se retrouver autour des notions de partage et de plaisir<\/strong> en d\u00e9couvrant des <strong>initiatives pour un quotidien gourmand, local et innovant.<\/strong><\/p>\n<\/div><\/div>\n<\/div>\n<\/div>\n\n\n\n<h2 class=\"wp-block-heading\">Au programme de l&rsquo;Estival du Dauphin\u00e9 &#8211; seconde \u00e9dition :<\/h2>\n\n\n\n<ul class=\"wp-block-list\">\n<li>un <strong>village de producteurs, artisans, commer\u00e7ants et acteurs ind\u00e9pendants<\/strong>, passionn\u00e9s et engag\u00e9s pour d\u00e9couvrir des projets ou des activit\u00e9s \u00e0 2 pas de chez eux tout en d\u00e9gustant des produits du coin ;<\/li>\n\n\n\n<li>des <strong>conf\u00e9rences<\/strong> pour s&rsquo;informer, s&rsquo;inspirer et se questionner sur le monde qui nous entoure (<em>ex. 2022 : des astuces pour lutter contre le gaspillage alimentaire<\/em>) ;<\/li>\n\n\n\n<li>des <strong>ateliers interactifs<\/strong> et pratiques pour apprendre ensemble (<em>ex. 2022 : des massages pour se soigner par la chaleur et l&rsquo;aromath\u00e9rapie<\/em>) ;<\/li>\n\n\n\n<li>des <strong>expositions<\/strong> (<em>ex. 2022 : dessins d&rsquo;humour sur les modes de d\u00e9placement<\/em>) ;<\/li>\n\n\n\n<li>une <strong>grande vente de plantes et fleurs<\/strong> cultiv\u00e9es par les \u00e9l\u00e8ves du Lyc\u00e9e Horticole et Animalier de La Tour-du-Pin ;<\/li>\n\n\n\n<li>des <strong>espaces de d\u00e9gustation et de restauration<\/strong> en faveur d&rsquo;une alimentation locale et durable ;<\/li>\n\n\n\n<li>un <strong>groupe de musique du coin<\/strong> pour r\u00e9pandre de la joie ;<\/li>\n\n\n\n<li>des <strong>espaces de d\u00e9tente<\/strong> pour se pr\u00e9lasser.<\/li>\n<\/ul>\n\n\n\n<figure class=\"wp-block-embed is-type-video is-provider-youtube wp-block-embed-youtube wp-embed-aspect-16-9 wp-has-aspect-ratio\"><div class=\"wp-block-embed__wrapper\">\n<iframe loading=\"lazy\" title=\"Estival du Dauphin\u00e9 : \u00e9dition 2022\" width=\"1080\" height=\"608\" src=\"https:\/\/www.youtube.com\/embed\/xwyQ8-gQAzc?start=1&#038;feature=oembed\" frameborder=\"0\" allow=\"accelerometer; autoplay; clipboard-write; encrypted-media; gyroscope; picture-in-picture; web-share\" allowfullscreen><\/iframe>\n<\/div><figcaption class=\"wp-element-caption\"><em>Pr\u00e9sentation vid\u00e9o de l&rsquo;Estival du Dauphin\u00e9 \u00e9dition 2022.<\/em><\/figcaption><\/figure>\n\n\n\n<h2 class=\"has-text-align-center wp-block-heading\">Informations pratiques<\/h2>\n\n\n\n<div class=\"wp-block-columns is-layout-flex wp-container-core-columns-is-layout-9d6595d7 wp-block-columns-is-layout-flex\">\n<div class=\"wp-block-column is-layout-flow wp-block-column-is-layout-flow\">\n<h3 class=\"wp-block-heading\">O\u00f9 ?<\/h3>\n\n\n\n<p><a href=\"https:\/\/facebook.com\/lyceehorticole\" target=\"_blank\" rel=\"noreferrer noopener\">Lyc\u00e9e Horticole et Animalier de La Tour du Pin<\/a><\/p>\n\n\n\n<p>164 all\u00e9e Louis Clerget, La Tour-du-Pin, France.<\/p>\n\n\n\n<h3 class=\"wp-block-heading\">Comment exposer \u00e0 l&rsquo;Estival du Dauphin\u00e9 ?<\/h3>\n\n\n\n<p> <a href=\"https:\/\/l.facebook.com\/l.php?u=https%3A%2F%2Ft.ly%2F2xmO%3Ffbclid%3DIwAR1QvKwNKI3DPSXGSYqz1z0yATcOJwASwVuxxLMlEWgbKjhdsc2JknfH3ms&amp;h=AT22jrjTAeJB54Ixy7eh1p98syzXv_0xXpZhZBXv7qbFIAY5mvFn_FpHLF354nqAtX11toFGEqU5IhnRmwJCXIzzQo24ht1gg823ZA6B4B1BflqG00JA42gI8VsWD0MXwg&amp;__tn__=q&amp;c[0]=AT23uXO84kfR7L16MX6gUiF9szeAGDb3UX6wmwUd0706F9m5oFTU7pZ-AQJXjp1eRJavtN48aPzP_JxEpt8IP6n19lCZZDQ5vXXMKnkIF_q_B61T7E4COAKjsmeIT_UHx2NLSk5IDclpC3UjahbryET_TCgB\" title=\"Contactez-les ! \">Contactez-les ! <\/a><br>Email : <strong>lestival@zaclys.net&nbsp;<\/strong><\/p>\n<\/div>\n\n\n\n<div class=\"wp-block-column is-layout-flow wp-block-column-is-layout-flow\">\n<h3 class=\"wp-block-heading\">Quand ?<\/h3>\n\n\n\n<p>Le samedi 10 juin 2023 de 10h \u00e0 18h.<\/p>\n\n\n\n<h3 class=\"wp-block-heading\">Tarif <\/h3>\n\n\n\n<p>Entr\u00e9e libre (gratuite). <\/p>\n\n\n\n<h3 class=\"wp-block-heading\">Comment les soutenir ? <\/h3>\n\n\n\n<p><a href=\"https:\/\/www.helloasso.com\/...\/estival-du-dauphine-2023\" title=\"Soutenez-les sur &quot;HelloAsso&quot; !\">Soutenez-les sur \u00ab\u00a0HelloAsso\u00a0\u00bb !<\/a><\/p>\n\n\n\n<p>100 % auto-g\u00e9r\u00e9, cet \u00e9co-\u00e9v\u00e9nement est port\u00e9 par un collectif de citoyens b\u00e9n\u00e9voles avec le soutien de l&rsquo;association Le Quart-Lieu.<\/p>\n<\/div>\n<\/div>\n\n\n<div class=\"wp-block-image\">\n<figure class=\"aligncenter size-full is-resized\"><img loading=\"lazy\" decoding=\"async\" src=\"https:\/\/www.acteurs-du-nord-isere.fr\/story\/wp-content\/uploads\/sites\/3\/2023\/03\/Estival-du-dauphine-Lycee-agricole-la-Tour-du-Pin.jpg\" alt=\"\" class=\"wp-image-6440\" width=\"842\" height=\"474\" srcset=\"https:\/\/www.acteurs-du-nord-isere.fr\/story\/wp-content\/uploads\/sites\/3\/2023\/03\/Estival-du-dauphine-Lycee-agricole-la-Tour-du-Pin.jpg 958w, https:\/\/www.acteurs-du-nord-isere.fr\/story\/wp-content\/uploads\/sites\/3\/2023\/03\/Estival-du-dauphine-Lycee-agricole-la-Tour-du-Pin-300x169.jpg 300w, https:\/\/www.acteurs-du-nord-isere.fr\/story\/wp-content\/uploads\/sites\/3\/2023\/03\/Estival-du-dauphine-Lycee-agricole-la-Tour-du-Pin-768x433.jpg 768w\" sizes=\"auto, (max-width: 842px) 100vw, 842px\" \/><figcaption class=\"wp-element-caption\"><em>Lyc\u00e9e Horticole de La Tour du Pin.<\/em><\/figcaption><\/figure>\n<\/div>\n\n\n<h2 class=\"wp-block-heading\">Notre retour sur l&rsquo;\u00e9dition 2022 !<\/h2>\n\n\n\n<blockquote class=\"wp-block-quote is-layout-flow wp-block-quote-is-layout-flow\">\n<p>\u00ab\u00a0C&rsquo;est avec un \u00e9norme plaisir que nous avons pass\u00e9 une apr\u00e8s-midi \u00e0 la premi\u00e8re \u00e9dition de l&rsquo;<strong>Estival du Dauphin\u00e9<\/strong>. L&rsquo;ambiance \u00e9tait tr\u00e8s bonne et chaleureuse. Les organisateurs tr\u00e8s investis. Cela nous a fait d\u00e9couvrir des initiatives locales tr\u00e8s inspirantes ! Puis nous \u00e9tions heureux de pouvoir repartir avec quelques <strong>plantes issues du Lyc\u00e9e agricole<\/strong>. Nous y retournerons pour cette \u00e9dition 2023 avec plaisir.\u00a0\u00bb<\/p>\n<cite>Vincent et Alicia de ADNI.<\/cite><\/blockquote>\n\n\n<div class=\"wp-block-image\">\n<figure class=\"aligncenter size-full\"><img loading=\"lazy\" decoding=\"async\" width=\"960\" height=\"541\" src=\"https:\/\/www.acteurs-du-nord-isere.fr\/story\/wp-content\/uploads\/sites\/3\/2023\/03\/Estival-du-dauphine-La-Tour-du-Pin-2023.jpg\" alt=\"L'Estival du Dauphin\u00e9\" class=\"wp-image-6439\" srcset=\"https:\/\/www.acteurs-du-nord-isere.fr\/story\/wp-content\/uploads\/sites\/3\/2023\/03\/Estival-du-dauphine-La-Tour-du-Pin-2023.jpg 960w, https:\/\/www.acteurs-du-nord-isere.fr\/story\/wp-content\/uploads\/sites\/3\/2023\/03\/Estival-du-dauphine-La-Tour-du-Pin-2023-300x169.jpg 300w, https:\/\/www.acteurs-du-nord-isere.fr\/story\/wp-content\/uploads\/sites\/3\/2023\/03\/Estival-du-dauphine-La-Tour-du-Pin-2023-768x433.jpg 768w\" sizes=\"auto, (max-width: 960px) 100vw, 960px\" \/><figcaption class=\"wp-element-caption\"><em>La communication de l&rsquo;Estival du Dauphin\u00e9 2023<\/em><\/figcaption><\/figure>\n<\/div>\n\n\n<div class=\"wp-block-columns is-layout-flex wp-container-core-columns-is-layout-9d6595d7 wp-block-columns-is-layout-flex\">\n<div class=\"wp-block-column is-layout-flow wp-block-column-is-layout-flow\">\n<hr class=\"wp-block-separator has-alpha-channel-opacity is-style-wide\"\/>\n\n\n\n<div style=\"height:40px\" aria-hidden=\"true\" class=\"wp-block-spacer\"><\/div>\n\n\n\n<h2 class=\"has-text-align-left wp-block-heading\">Proposez un \u00e9v\u00e9nement !<\/h2>\n\n\n\n<p>Vous \u00eates une association, une entreprise ou une collectivit\u00e9 et\u00a0<strong>souhaitez communiquer autour de votre \u00e9v\u00e9nement<\/strong>\u00a0<strong>en Nord-Is\u00e8re<\/strong>\u2026 Partagez votre \u00e9v\u00e9nement sur Acteurs du Nord-Is\u00e8re pour qu\u2019on en parle sur notre plate-forme !<\/p>\n\n\n<a href=\"https:\/\/www.acteurs-du-nord-isere.fr\/story\/proposer-un-evenement-en-nord-isere\/\" class=\"more-btn blue\">Proposez un \u00e9v\u00e9nement !<\/a>\r\n<\/div>\n<\/div>\n","protected":false},"excerpt":{"rendered":"<p>Festival qui fait du bien \u00e0 la plan\u00e8te et aux gens pour un quotidien gourmand, innovant et local !<\/p>\n","protected":false},"author":4,"featured_media":6438,"comment_status":"closed","ping_status":"closed","sticky":false,"template":"","format":"standard","meta":{"_acf_changed":false,"footnotes":""},"categories":[7,26,5],"tags":[311,309,283,294,310],"categoriescommunes":[55],"class_list":{"0":"post-6436","1":"post","2":"type-post","3":"status-publish","4":"format-standard","5":"has-post-thumbnail","7":"category-evenements","8":"category-le-territoire","9":"category-monde-economique","10":"tag-artisans","11":"tag-ecologie","12":"tag-exposants","13":"tag-marche-de-producteurs","14":"tag-producteurs-locaux","15":"categoriescommunes-la-tour-du-pin"},"acf":[],"aioseo_notices":[],"_links":{"self":[{"href":"https:\/\/www.acteurs-du-nord-isere.fr\/story\/wp-json\/wp\/v2\/posts\/6436","targetHints":{"allow":["GET"]}}],"collection":[{"href":"https:\/\/www.acteurs-du-nord-isere.fr\/story\/wp-json\/wp\/v2\/posts"}],"about":[{"href":"https:\/\/www.acteurs-du-nord-isere.fr\/story\/wp-json\/wp\/v2\/types\/post"}],"author":[{"embeddable":true,"href":"https:\/\/www.acteurs-du-nord-isere.fr\/story\/wp-json\/wp\/v2\/users\/4"}],"replies":[{"embeddable":true,"href":"https:\/\/www.acteurs-du-nord-isere.fr\/story\/wp-json\/wp\/v2\/comments?post=6436"}],"version-history":[{"count":20,"href":"https:\/\/www.acteurs-du-nord-isere.fr\/story\/wp-json\/wp\/v2\/posts\/6436\/revisions"}],"predecessor-version":[{"id":6463,"href":"https:\/\/www.acteurs-du-nord-isere.fr\/story\/wp-json\/wp\/v2\/posts\/6436\/revisions\/6463"}],"wp:featuredmedia":[{"embeddable":true,"href":"https:\/\/www.acteurs-du-nord-isere.fr\/story\/wp-json\/wp\/v2\/media\/6438"}],"wp:attachment":[{"href":"https:\/\/www.acteurs-du-nord-isere.fr\/story\/wp-json\/wp\/v2\/media?parent=6436"}],"wp:term":[{"taxonomy":"category","embeddable":true,"href":"https:\/\/www.acteurs-du-nord-isere.fr\/story\/wp-json\/wp\/v2\/categories?post=6436"},{"taxonomy":"post_tag","embeddable":true,"href":"https:\/\/www.acteurs-du-nord-isere.fr\/story\/wp-json\/wp\/v2\/tags?post=6436"},{"taxonomy":"categoriescommunes","embeddable":true,"href":"https:\/\/www.acteurs-du-nord-isere.fr\/story\/wp-json\/wp\/v2\/categoriescommunes?post=6436"}],"curies":[{"name":"wp","href":"https:\/\/api.w.org\/{rel}","templated":true}]}}