{"id":6464,"date":"2023-04-14T10:07:27","date_gmt":"2023-04-14T08:07:27","guid":{"rendered":"http:\/\/dev.adni.link\/story\/?p=6464"},"modified":"2023-04-14T11:33:37","modified_gmt":"2023-04-14T09:33:37","slug":"festival-berlioz-2023-a-la-cote-saint-andre-mythique","status":"publish","type":"post","link":"https:\/\/www.acteurs-du-nord-isere.fr\/story\/festival-berlioz-2023-a-la-cote-saint-andre-mythique\/","title":{"rendered":"Festival Berlioz 2023 \u00e0 la C\u00f4te-Saint-Andr\u00e9 \u00ab\u00a0Mythique\u00a0\u00bb"},"content":{"rendered":"\n<p>Un \u00e9dition du Festival Berlioz qui s&rsquo;annonce&#8230; Mythique !<\/p>\n\n\n\n<p>Du <strong>20 ao\u00fbt au 3 septembre<\/strong>, orchestres, maestros et solistes seront \u00e0 <strong><a href=\"https:\/\/www.acteurs-du-nord-isere.fr\/commune\/la-cote-saint-andre\/\" target=\"_blank\" rel=\"noopener\" title=\"La C\u00f4te-Saint-Andr\u00e9\">La C\u00f4te-Saint-Andr\u00e9<\/a><\/strong> en Is\u00e8re pour 15 jours de f\u00eate et de musique.<\/p>\n\n\n\n<p>Des <a href=\"https:\/\/www.festivalberlioz.com\/style\/concert-symphonique\/\" target=\"_blank\" rel=\"noopener\" title=\"concerts symphoniques\">concerts symphoniques<\/a>, une <a href=\"https:\/\/www.festivalberlioz.com\/style\/grande-fete\/\" target=\"_blank\" rel=\"noopener\" title=\"grande f\u00eate\">grande f\u00eate<\/a> mais aussi de nombreux <a href=\"https:\/\/www.festivalberlioz.com\/style\/rdv-gratuits\/\" target=\"_blank\" rel=\"noopener\" title=\"\">rendez-vous gratuits<\/a> !<\/p>\n\n\n\n<div class=\"wp-block-media-text alignwide is-stacked-on-mobile\" style=\"grid-template-columns:57% auto\"><figure class=\"wp-block-media-text__media\"><img loading=\"lazy\" decoding=\"async\" width=\"819\" height=\"1024\" src=\"https:\/\/www.acteurs-du-nord-isere.fr\/story\/wp-content\/uploads\/sites\/3\/2023\/04\/Festivel-Berlioz-2023-Affiche-Mythique-819x1024.jpg\" alt=\"Festival Berlioz 2023\" class=\"wp-image-6465 size-full\" srcset=\"https:\/\/www.acteurs-du-nord-isere.fr\/story\/wp-content\/uploads\/sites\/3\/2023\/04\/Festivel-Berlioz-2023-Affiche-Mythique-819x1024.jpg 819w, https:\/\/www.acteurs-du-nord-isere.fr\/story\/wp-content\/uploads\/sites\/3\/2023\/04\/Festivel-Berlioz-2023-Affiche-Mythique-240x300.jpg 240w, https:\/\/www.acteurs-du-nord-isere.fr\/story\/wp-content\/uploads\/sites\/3\/2023\/04\/Festivel-Berlioz-2023-Affiche-Mythique-768x960.jpg 768w, https:\/\/www.acteurs-du-nord-isere.fr\/story\/wp-content\/uploads\/sites\/3\/2023\/04\/Festivel-Berlioz-2023-Affiche-Mythique.jpg 1080w\" sizes=\"auto, (max-width: 819px) 100vw, 819px\" \/><\/figure><div class=\"wp-block-media-text__content\">\n<p>Le <strong>Festival Berlioz<\/strong> \u00e0 la<strong><a href=\"https:\/\/www.acteurs-du-nord-isere.fr\/commune\/la-cote-saint-andre\/\" target=\"_blank\" rel=\"noopener\" title=\" C\u00f4te Saint-Andr\u00e9\"> C\u00f4te Saint-Andr\u00e9<\/a><\/strong> est un \u00e9v\u00e9nement musical embl\u00e9matique qui c\u00e9l\u00e8bre la vie et l&rsquo;\u0153uvre du c\u00e9l\u00e8bre compositeur fran\u00e7ais <strong>Hector Berlioz<\/strong>. Nich\u00e9 au c\u0153ur de la pittoresque ville de la C\u00f4te Saint-Andr\u00e9, dans le d\u00e9partement de l&rsquo;<strong>Is\u00e8re<\/strong>, en r\u00e9gion Auvergne-Rh\u00f4ne-Alpes, ce festival annuel est un incontournable pour les amateurs de <strong>musique classique<\/strong> du monde entier.<\/p>\n\n\n\n<p>Depuis sa cr\u00e9ation en 1961, le Festival Berlioz s&rsquo;est impos\u00e9 comme l&rsquo;<strong>un des \u00e9v\u00e9nements musicaux les plus prestigieux de France<\/strong>. Il se d\u00e9roule chaque ann\u00e9e au mois d&rsquo;ao\u00fbt, attirant un public passionn\u00e9 de musique et de culture. Le festival rend hommage \u00e0 la vie et \u00e0 l&rsquo;\u0153uvre d&rsquo;<strong>Hector Berlioz<\/strong>, un <strong>compositeur fran\u00e7ais du XIXe<\/strong> si\u00e8cle, reconnu pour son g\u00e9nie cr\u00e9atif et son innovation dans la musique classique.<\/p>\n<\/div><\/div>\n\n\n<a href=\"https:\/\/www.festivalberlioz.com\/programmation\/\" class=\"more-btn blue\">D\u00e9couvrir la programmation 2023 !<\/a>\r\n\n\n\n<div class=\"wp-block-buttons is-content-justification-center is-layout-flex wp-container-core-buttons-is-layout-16018d1d wp-block-buttons-is-layout-flex\"><\/div>\n\n\n\n<div class=\"wp-block-columns is-layout-flex wp-container-core-columns-is-layout-9d6595d7 wp-block-columns-is-layout-flex\">\n<div class=\"wp-block-column is-layout-flow wp-block-column-is-layout-flow\" style=\"flex-basis:100%\">\n<h2 class=\"has-text-align-center wp-block-heading\">Liens pratiques pour le Festival Berlioz<\/h2>\n<\/div>\n<\/div>\n\n\n\n<div class=\"wp-block-columns is-layout-flex wp-container-core-columns-is-layout-9d6595d7 wp-block-columns-is-layout-flex\">\n<div class=\"wp-block-column is-layout-flow wp-block-column-is-layout-flow\" style=\"flex-basis:100%\">\n<div class=\"wp-block-columns is-layout-flex wp-container-core-columns-is-layout-9d6595d7 wp-block-columns-is-layout-flex\">\n<div class=\"wp-block-column is-layout-flow wp-block-column-is-layout-flow\">\n<h4 class=\"wp-block-heading\">Email de contact :<\/h4>\n\n\n\n<p>contact@aida38.fr<\/p>\n\n\n\n<h4 class=\"wp-block-heading\">Suivez-le festival sur les r\u00e9seaux sociaux :<\/h4>\n\n\n\n<p><a href=\"https:\/\/www.facebook.com\/festivalberlioz\/\" target=\"_blank\" rel=\"noopener\" title=\"Facebook\">Facebook<\/a><\/p>\n\n\n\n<p><a href=\"https:\/\/www.instagram.com\/festivalberlioz\" target=\"_blank\" rel=\"noopener\" title=\"Instagram\">Instagram<\/a><\/p>\n\n\n\n<p><a href=\"https:\/\/www.youtube.com\/channel\/UC-RaGlnTxf-vAECCYws812g\" target=\"_blank\" rel=\"noopener\" title=\"Youtube\">Youtube<\/a><\/p>\n\n\n\n<h4 class=\"wp-block-heading\">Le mus\u00e9e Hector-Berlioz :<\/h4>\n\n\n\n<p><a href=\"http:\/\/www.musee-hector-berlioz.fr\/\" target=\"_blank\" rel=\"noopener\" title=\"D\u00e9couvrez le mus\u00e9e Hector-Berlioz !\">D\u00e9couvrez le mus\u00e9e Hector-Berlioz !<\/a><\/p>\n<\/div>\n\n\n\n<div class=\"wp-block-column is-layout-flow wp-block-column-is-layout-flow\">\n<h4 class=\"wp-block-heading\">Billetterie Festival Berlioz :<\/h4>\n\n\n\n<p>La <strong>billetterie du Festival <\/strong>est ouverte ! D\u00e9couvrez la programmation et r\u00e9servez d\u00e8s \u00e0 pr\u00e9sent votre \u00e9t\u00e9 musical :<br>-Par t\u00e9l\u00e9phone : 04 74 20 20 79<br>-Sur le site du Festival : <a href=\"http:\/\/www.festivalberlioz.com\/?fbclid=IwAR0bmMk4a9BXp3Q2FW_LNTUtEujSqq38lVinjXqkkkksp8QH7WHboqCsUK0\" target=\"_blank\" rel=\"noreferrer noopener\">www.FestivalBerlioz.com<\/a><br>-A la billetterie du Festival, du mardi au vendredi (9h\/13h &amp; 14h\/18h) et le samedi matin (9h\/13h)<\/p>\n\n\n\n<p>38 place de la Halle, 38 260 La C\u00f4te-Saint-Andr\u00e9<br>04 74 20 20 79<br>billetterie@aida38.fr<\/p>\n<\/div>\n<\/div>\n<\/div>\n<\/div>\n\n\n\n<figure class=\"wp-block-embed is-type-video is-provider-youtube wp-block-embed-youtube wp-embed-aspect-16-9 wp-has-aspect-ratio\"><div class=\"wp-block-embed__wrapper\">\n<iframe loading=\"lazy\" title=\"Festival Berlioz 2022 - Aftermovie\" width=\"1080\" height=\"608\" src=\"https:\/\/www.youtube.com\/embed\/FNEo85PCrqw?feature=oembed\" frameborder=\"0\" allow=\"accelerometer; autoplay; clipboard-write; encrypted-media; gyroscope; picture-in-picture; web-share\" allowfullscreen><\/iframe>\n<\/div><figcaption class=\"wp-element-caption\"><em><strong>Le Festival Berlioz vous propose de revivre les milliers de sublimit\u00e9s musicales de sa derni\u00e8re \u00e9dition : de quoi patienter en attendant l\u2019\u00e9t\u00e9 2023\u2026<\/strong><\/em><\/figcaption><\/figure>\n\n\n\n<div class=\"wp-block-columns is-layout-flex wp-container-core-columns-is-layout-9d6595d7 wp-block-columns-is-layout-flex\">\n<div class=\"wp-block-column is-layout-flow wp-block-column-is-layout-flow\">\n<p>Les <strong>concerts du Festival Berlioz<\/strong> ont lieu dans des <strong>lieux magnifiques et charg\u00e9s d&rsquo;histoire<\/strong>, notamment l&rsquo;\u00e9glise <strong>abbatiale de la C\u00f4te Saint-Andr\u00e9<\/strong>, qui offre une acoustique exceptionnelle et cr\u00e9e une atmosph\u00e8re magique pour les performances musicales. Les <strong>artistes de renomm\u00e9e internationale<\/strong> se produisent lors de ce festival, interpr\u00e9tant les compositions de Berlioz ainsi que d&rsquo;autres chefs-d&rsquo;\u0153uvre du r\u00e9pertoire classique.<\/p>\n\n\n\n<p>En plus des concerts, le Festival Berlioz propose \u00e9galement une vari\u00e9t\u00e9 d&rsquo;\u00e9v\u00e9nements culturels, tels que des <strong>conf\u00e9rences<\/strong>, des <strong>expositions<\/strong>, des <strong>ateliers<\/strong> et des <strong>rencontres avec des musiciens<\/strong>, offrant ainsi une exp\u00e9rience immersive et enrichissante pour les amateurs de musique et les curieux.<\/p>\n<\/div>\n\n\n\n<div class=\"wp-block-column is-layout-flow wp-block-column-is-layout-flow\">\n<p>Au-del\u00e0 de sa programmation musicale exceptionnelle, le Festival Berlioz offre \u00e9galement l&rsquo;opportunit\u00e9 de <strong>d\u00e9couvrir la charmante ville<\/strong> de <a href=\"https:\/\/www.acteurs-du-nord-isere.fr\/commune\/la-cote-saint-andre\/\" target=\"_blank\" rel=\"noopener\" title=\"la C\u00f4te Saint-Andr\u00e9\">la C\u00f4te Saint-Andr\u00e9<\/a><a href=\"https:\/\/www.acteurs-du-nord-isere.fr\/commune\/la-cote-saint-andre\/\" target=\"_blank\" rel=\"noopener\" title=\"a C\u00f4te Saint-Andr\u00e9,\">,<\/a> qui a \u00e9t\u00e9 le <strong>lieu de naissance d&rsquo;Hector Berlioz<\/strong>. Les visiteurs peuvent se promener dans les rues pav\u00e9es de la ville, visiter la maison natale de Berlioz transform\u00e9e en mus\u00e9e, et profiter de l&rsquo;atmosph\u00e8re conviviale et chaleureuse de cette petite ville historique.<\/p>\n\n\n<div class=\"wp-block-image\">\n<figure class=\"aligncenter size-large is-resized\"><img loading=\"lazy\" decoding=\"async\" src=\"https:\/\/www.acteurs-du-nord-isere.fr\/story\/wp-content\/uploads\/sites\/3\/2023\/04\/1280px-Halle_de_la_Cote_Saint_Andre_-1024x768.jpg\" alt=\"\" class=\"wp-image-6490\" width=\"221\" height=\"166\" srcset=\"https:\/\/www.acteurs-du-nord-isere.fr\/story\/wp-content\/uploads\/sites\/3\/2023\/04\/1280px-Halle_de_la_Cote_Saint_Andre_-1024x768.jpg 1024w, https:\/\/www.acteurs-du-nord-isere.fr\/story\/wp-content\/uploads\/sites\/3\/2023\/04\/1280px-Halle_de_la_Cote_Saint_Andre_-300x225.jpg 300w, https:\/\/www.acteurs-du-nord-isere.fr\/story\/wp-content\/uploads\/sites\/3\/2023\/04\/1280px-Halle_de_la_Cote_Saint_Andre_-768x576.jpg 768w, https:\/\/www.acteurs-du-nord-isere.fr\/story\/wp-content\/uploads\/sites\/3\/2023\/04\/1280px-Halle_de_la_Cote_Saint_Andre_.jpg 1280w\" sizes=\"auto, (max-width: 221px) 100vw, 221px\" \/><figcaption class=\"wp-element-caption\"><strong><em>La C\u00f4te-Saint-Andr\u00e9<\/em><\/strong><\/figcaption><\/figure>\n<\/div><\/div>\n<\/div>\n\n\n\n<div class=\"wp-block-columns is-layout-flex wp-container-core-columns-is-layout-9d6595d7 wp-block-columns-is-layout-flex\">\n<div class=\"wp-block-column is-layout-flow wp-block-column-is-layout-flow\">\n<h3 class=\"wp-block-heading\"><strong>LE FESTIVAL EN CHIFFRES :<\/strong><\/h3>\n\n\n\n<p><strong>\u2013 30 300<\/strong>&nbsp;spectateurs<br><strong>\u2013<\/strong>&nbsp;<strong>14 jours<\/strong>&nbsp;de Festival<br><strong>\u2013 91 manifestations&nbsp;<\/strong>(dont 51 en entr\u00e9e libre)<br><strong>\u2013 \u00c0 la C\u00f4te-Saint-Andr\u00e9<\/strong><br><strong>\u2013 1880 artistes<\/strong><br><strong>\u2013 150 b\u00e9n\u00e9voles<\/strong><br><strong>\u2013 48 m\u00e9dias<\/strong>&nbsp;r\u00e9gionaux, nationaux et internationaux<\/p>\n<\/div>\n\n\n\n<div class=\"wp-block-column is-layout-flow wp-block-column-is-layout-flow\">\n<figure class=\"wp-block-image size-large\"><img loading=\"lazy\" decoding=\"async\" width=\"1024\" height=\"681\" src=\"https:\/\/www.acteurs-du-nord-isere.fr\/story\/wp-content\/uploads\/sites\/3\/2023\/04\/Festival-Berlioz-Concert-2023-1024x681.jpg\" alt=\"\" class=\"wp-image-6467\" srcset=\"https:\/\/www.acteurs-du-nord-isere.fr\/story\/wp-content\/uploads\/sites\/3\/2023\/04\/Festival-Berlioz-Concert-2023-1024x681.jpg 1024w, https:\/\/www.acteurs-du-nord-isere.fr\/story\/wp-content\/uploads\/sites\/3\/2023\/04\/Festival-Berlioz-Concert-2023-300x200.jpg 300w, https:\/\/www.acteurs-du-nord-isere.fr\/story\/wp-content\/uploads\/sites\/3\/2023\/04\/Festival-Berlioz-Concert-2023-768x511.jpg 768w, https:\/\/www.acteurs-du-nord-isere.fr\/story\/wp-content\/uploads\/sites\/3\/2023\/04\/Festival-Berlioz-Concert-2023-1536x1022.jpg 1536w, https:\/\/www.acteurs-du-nord-isere.fr\/story\/wp-content\/uploads\/sites\/3\/2023\/04\/Festival-Berlioz-Concert-2023-900x600.jpg 900w, https:\/\/www.acteurs-du-nord-isere.fr\/story\/wp-content\/uploads\/sites\/3\/2023\/04\/Festival-Berlioz-Concert-2023.jpg 2048w\" sizes=\"auto, (max-width: 1024px) 100vw, 1024px\" \/><figcaption class=\"wp-element-caption\"> <strong><em>\u00e0 La C\u00f4te-Saint-Andr\u00e9 &#8211; Is\u00e8re \/ \u00a9 Festival Berlioz\/Bruno Moussier<\/em><\/strong><\/figcaption><\/figure>\n<\/div>\n<\/div>\n\n\n\n<div class=\"wp-block-columns is-layout-flex wp-container-core-columns-is-layout-9d6595d7 wp-block-columns-is-layout-flex\">\n<div class=\"wp-block-column is-layout-flow wp-block-column-is-layout-flow\">\n<hr class=\"wp-block-separator has-alpha-channel-opacity is-style-wide\"\/>\n\n\n\n<div style=\"height:40px\" aria-hidden=\"true\" class=\"wp-block-spacer\"><\/div>\n\n\n\n<h2 class=\"has-text-align-left wp-block-heading\">Proposez un \u00e9v\u00e9nement !<\/h2>\n\n\n\n<p>Vous \u00eates une association, une entreprise ou une collectivit\u00e9 et\u00a0<strong>souhaitez communiquer autour de votre \u00e9v\u00e9nement<\/strong>\u00a0<strong>en Nord-Is\u00e8re<\/strong>\u2026 Partagez votre \u00e9v\u00e9nement sur Acteurs du Nord-Is\u00e8re pour qu\u2019on en parle sur notre plate-forme !<\/p>\n\n\n<a href=\"https:\/\/www.acteurs-du-nord-isere.fr\/story\/proposer-un-evenement-en-nord-isere\/\" class=\"more-btn blue\">Proposez un \u00e9v\u00e9nement !<\/a>\r\n<\/div>\n<\/div>\n","protected":false},"excerpt":{"rendered":"<p>Du 20 ao\u00fbt au 3 septembre, orchestres, maestros, solistes et divas seront \u00e0 La C\u00f4te-Saint-Andr\u00e9 et en Is\u00e8re pour 15 jours de f\u00eate et de musique.<\/p>\n","protected":false},"author":4,"featured_media":6467,"comment_status":"closed","ping_status":"closed","sticky":false,"template":"","format":"standard","meta":{"_acf_changed":false,"footnotes":""},"categories":[6,7,26],"tags":[315,312,314,316,313],"categoriescommunes":[259],"class_list":{"0":"post-6464","1":"post","2":"type-post","3":"status-publish","4":"format-standard","5":"has-post-thumbnail","7":"category-culture-loisirs","8":"category-evenements","9":"category-le-territoire","10":"tag-concerts","11":"tag-festival-berlioz","12":"tag-fete-de-la-musique","13":"tag-gratuits","14":"tag-musique-classique","15":"categoriescommunes-la-cote-saint-andre"},"acf":[],"aioseo_notices":[],"_links":{"self":[{"href":"https:\/\/www.acteurs-du-nord-isere.fr\/story\/wp-json\/wp\/v2\/posts\/6464","targetHints":{"allow":["GET"]}}],"collection":[{"href":"https:\/\/www.acteurs-du-nord-isere.fr\/story\/wp-json\/wp\/v2\/posts"}],"about":[{"href":"https:\/\/www.acteurs-du-nord-isere.fr\/story\/wp-json\/wp\/v2\/types\/post"}],"author":[{"embeddable":true,"href":"https:\/\/www.acteurs-du-nord-isere.fr\/story\/wp-json\/wp\/v2\/users\/4"}],"replies":[{"embeddable":true,"href":"https:\/\/www.acteurs-du-nord-isere.fr\/story\/wp-json\/wp\/v2\/comments?post=6464"}],"version-history":[{"count":28,"href":"https:\/\/www.acteurs-du-nord-isere.fr\/story\/wp-json\/wp\/v2\/posts\/6464\/revisions"}],"predecessor-version":[{"id":6500,"href":"https:\/\/www.acteurs-du-nord-isere.fr\/story\/wp-json\/wp\/v2\/posts\/6464\/revisions\/6500"}],"wp:featuredmedia":[{"embeddable":true,"href":"https:\/\/www.acteurs-du-nord-isere.fr\/story\/wp-json\/wp\/v2\/media\/6467"}],"wp:attachment":[{"href":"https:\/\/www.acteurs-du-nord-isere.fr\/story\/wp-json\/wp\/v2\/media?parent=6464"}],"wp:term":[{"taxonomy":"category","embeddable":true,"href":"https:\/\/www.acteurs-du-nord-isere.fr\/story\/wp-json\/wp\/v2\/categories?post=6464"},{"taxonomy":"post_tag","embeddable":true,"href":"https:\/\/www.acteurs-du-nord-isere.fr\/story\/wp-json\/wp\/v2\/tags?post=6464"},{"taxonomy":"categoriescommunes","embeddable":true,"href":"https:\/\/www.acteurs-du-nord-isere.fr\/story\/wp-json\/wp\/v2\/categoriescommunes?post=6464"}],"curies":[{"name":"wp","href":"https:\/\/api.w.org\/{rel}","templated":true}]}}