{"id":6506,"date":"2023-04-28T16:50:44","date_gmt":"2023-04-28T14:50:44","guid":{"rendered":"http:\/\/dev.adni.link\/story\/?p=6506"},"modified":"2023-04-28T16:50:45","modified_gmt":"2023-04-28T14:50:45","slug":"vide-grenier-a-salagnon-le-14-mai-2023","status":"publish","type":"post","link":"https:\/\/www.acteurs-du-nord-isere.fr\/story\/vide-grenier-a-salagnon-le-14-mai-2023\/","title":{"rendered":"Vide Grenier \u00e0 Salagnon le 14 mai 2023 !"},"content":{"rendered":"\n<p>Le Sou des \u00e9coles de <a href=\"https:\/\/www.acteurs-du-nord-isere.fr\/commune\/salagnon\/\" title=\"Salagnon\">Salagnon<\/a> vous propose son traditionnel <strong>vide grenier<\/strong> le dimanche 14 mai 2023 au parc du Revolet.<br>Buvette et restauration sur place (au profit des enfants). <\/p>\n\n\n\n<div class=\"wp-block-media-text alignwide is-stacked-on-mobile\"><figure class=\"wp-block-media-text__media\"><img loading=\"lazy\" decoding=\"async\" width=\"729\" height=\"1024\" src=\"https:\/\/www.acteurs-du-nord-isere.fr\/story\/wp-content\/uploads\/sites\/3\/2023\/04\/Vide-grenier-salagnon-nord-isere-729x1024.png\" alt=\"\" class=\"wp-image-6507 size-full\" srcset=\"https:\/\/www.acteurs-du-nord-isere.fr\/story\/wp-content\/uploads\/sites\/3\/2023\/04\/Vide-grenier-salagnon-nord-isere-729x1024.png 729w, https:\/\/www.acteurs-du-nord-isere.fr\/story\/wp-content\/uploads\/sites\/3\/2023\/04\/Vide-grenier-salagnon-nord-isere-214x300.png 214w, https:\/\/www.acteurs-du-nord-isere.fr\/story\/wp-content\/uploads\/sites\/3\/2023\/04\/Vide-grenier-salagnon-nord-isere.png 759w\" sizes=\"auto, (max-width: 729px) 100vw, 729px\" \/><\/figure><div class=\"wp-block-media-text__content\">\n<h3 class=\"wp-block-heading\">INFORMATIONS PRATIQUES<\/h3>\n\n\n\n<h4 class=\"wp-block-heading\">Sou des Ecoles de Salagnon<\/h4>\n\n\n\n<ul class=\"wp-block-list\">\n<li>Parc du Revolet<br>Route de Sermerieu<br>38890 Salagnon<\/li>\n\n\n\n<li><a href=\"https:\/\/www.facebook.com\/soudesecoles.salagnon\" title=\"Page Facebook &quot;Sou des \u00e9coles de Salagnon&quot;\">Page Facebook \u00ab\u00a0Sou des \u00e9coles de Salagnon\u00a0\u00bb<\/a><\/li>\n\n\n\n<li><a href=\"mailto:soudesecoles.salagnon@gmail.com\">soudesecoles.salagnon@gmail.com<\/a><\/li>\n<\/ul>\n\n\n\n<h4 class=\"wp-block-heading\">Ouvertures du vide grenier<\/h4>\n\n\n\n<p>Dimanche 14 mai 2023 de 8h \u00e0 16h.<br>Installation des exposants de 6h \u00e0 8h.<\/p>\n\n\n\n<h4 class=\"wp-block-heading\">Tarifs<\/h4>\n\n\n\n<ul class=\"wp-block-list\">\n<li>Entr\u00e9e libre pour les visiteurs.<\/li>\n\n\n\n<li>Tarifs pour les exposants : 2 \u20ac\/m &#8211; R\u00e9servation facultative mais conseill\u00e9e. Pi\u00e8ce d&rsquo;identit\u00e9 obligatoire. <br>Petit + : un caf\u00e9 offert \u00e0 tous les exposants.<\/li>\n<\/ul>\n<\/div><\/div>\n\n\n\n<div class=\"wp-block-columns is-layout-flex wp-container-core-columns-is-layout-9d6595d7 wp-block-columns-is-layout-flex\">\n<div class=\"wp-block-column is-layout-flow wp-block-column-is-layout-flow\">\n<h4 class=\"wp-block-heading\">A NOTER<\/h4>\n\n\n\n<p>Si le v\u00e9hicule est gar\u00e9 sur l&#8217;emplacement, le m\u00e9trage r\u00e9serv\u00e9 doit \u00eatre au moins aussi long que le v\u00e9hicule. Toute r\u00e9servation implique l&rsquo;acceptation du r\u00e8glement int\u00e9rieur.<\/p>\n\n\n\n<div class=\"wp-block-columns is-layout-flex wp-container-core-columns-is-layout-9d6595d7 wp-block-columns-is-layout-flex\">\n<div class=\"wp-block-column is-layout-flow wp-block-column-is-layout-flow\">\n<h2 class=\"wp-block-heading\">La commune de Salagnon<\/h2>\n\n\n\n<p><strong>Salagnon<\/strong> est une petite commune fran\u00e7aise situ\u00e9e dans le d\u00e9partement de l&rsquo;<strong>Is\u00e8re<\/strong>, en r\u00e9gion Auvergne-Rh\u00f4ne-Alpes. La commune est situ\u00e9e \u00e0 environ 30 kilom\u00e8tres de la ville de Lyon et \u00e0 proximit\u00e9 de l&rsquo;autoroute A43. Le village de <strong>Salagnon<\/strong> est entour\u00e9 de collines verdoyantes et offre un cadre naturel agr\u00e9able pour les randonn\u00e9es et les activit\u00e9s de plein air. La commune poss\u00e8de \u00e9galement un <strong>patrimoine historique int\u00e9ressant<\/strong>, avec notamment une <strong>\u00e9glise romane<\/strong> datant du XIe si\u00e8cle et un <strong>ch\u00e2teau du XVIIIe si\u00e8cle<\/strong>.<\/p>\n<\/div>\n\n\n\n<div class=\"wp-block-column is-layout-flow wp-block-column-is-layout-flow\"><div class=\"wp-block-image\">\n<figure class=\"aligncenter size-full is-resized\"><img loading=\"lazy\" decoding=\"async\" src=\"https:\/\/www.acteurs-du-nord-isere.fr\/story\/wp-content\/uploads\/sites\/3\/2023\/04\/vide-grenier-nord-Isere.png\" alt=\"\" class=\"wp-image-6511\" width=\"429\" height=\"254\" srcset=\"https:\/\/www.acteurs-du-nord-isere.fr\/story\/wp-content\/uploads\/sites\/3\/2023\/04\/vide-grenier-nord-Isere.png 457w, https:\/\/www.acteurs-du-nord-isere.fr\/story\/wp-content\/uploads\/sites\/3\/2023\/04\/vide-grenier-nord-Isere-300x178.png 300w\" sizes=\"auto, (max-width: 429px) 100vw, 429px\" \/><\/figure>\n<\/div><\/div>\n<\/div>\n\n\n\n<div class=\"wp-block-columns is-layout-flex wp-container-core-columns-is-layout-9d6595d7 wp-block-columns-is-layout-flex\">\n<div class=\"wp-block-column is-layout-flow wp-block-column-is-layout-flow\">\n<hr class=\"wp-block-separator has-alpha-channel-opacity is-style-wide\"\/>\n\n\n\n<div style=\"height:40px\" aria-hidden=\"true\" class=\"wp-block-spacer\"><\/div>\n\n\n\n<h2 class=\"has-text-align-left wp-block-heading\">Proposez un \u00e9v\u00e9nement !<\/h2>\n\n\n\n<p>Vous \u00eates une association, une entreprise ou une collectivit\u00e9 et\u00a0<strong>souhaitez communiquer autour de votre \u00e9v\u00e9nement<\/strong>\u00a0<strong>en Nord-Is\u00e8re<\/strong>\u2026 Partagez votre \u00e9v\u00e9nement sur Acteurs du Nord-Is\u00e8re pour qu\u2019on en parle sur notre plate-forme !<\/p>\n\n\n<a href=\"https:\/\/www.acteurs-du-nord-isere.fr\/story\/proposer-un-evenement-en-nord-isere\/\" class=\"more-btn blue\">Proposez un \u00e9v\u00e9nement !<\/a>\r\n<\/div>\n<\/div>\n<\/div>\n<\/div>\n","protected":false},"excerpt":{"rendered":"<p>Le Sou des \u00e9coles de Salagnon vous propose son traditionnel vide grenier. Buvette et restauration sur place.<\/p>\n","protected":false},"author":4,"featured_media":6515,"comment_status":"closed","ping_status":"closed","sticky":false,"template":"","format":"standard","meta":{"_acf_changed":false,"footnotes":""},"categories":[7,8],"tags":[298],"categoriescommunes":[111],"class_list":{"0":"post-6506","1":"post","2":"type-post","3":"status-publish","4":"format-standard","5":"has-post-thumbnail","7":"category-evenements","8":"category-monde-associatif","9":"tag-vide-grenier","10":"categoriescommunes-salagnon"},"acf":[],"aioseo_notices":[],"_links":{"self":[{"href":"https:\/\/www.acteurs-du-nord-isere.fr\/story\/wp-json\/wp\/v2\/posts\/6506","targetHints":{"allow":["GET"]}}],"collection":[{"href":"https:\/\/www.acteurs-du-nord-isere.fr\/story\/wp-json\/wp\/v2\/posts"}],"about":[{"href":"https:\/\/www.acteurs-du-nord-isere.fr\/story\/wp-json\/wp\/v2\/types\/post"}],"author":[{"embeddable":true,"href":"https:\/\/www.acteurs-du-nord-isere.fr\/story\/wp-json\/wp\/v2\/users\/4"}],"replies":[{"embeddable":true,"href":"https:\/\/www.acteurs-du-nord-isere.fr\/story\/wp-json\/wp\/v2\/comments?post=6506"}],"version-history":[{"count":14,"href":"https:\/\/www.acteurs-du-nord-isere.fr\/story\/wp-json\/wp\/v2\/posts\/6506\/revisions"}],"predecessor-version":[{"id":6525,"href":"https:\/\/www.acteurs-du-nord-isere.fr\/story\/wp-json\/wp\/v2\/posts\/6506\/revisions\/6525"}],"wp:featuredmedia":[{"embeddable":true,"href":"https:\/\/www.acteurs-du-nord-isere.fr\/story\/wp-json\/wp\/v2\/media\/6515"}],"wp:attachment":[{"href":"https:\/\/www.acteurs-du-nord-isere.fr\/story\/wp-json\/wp\/v2\/media?parent=6506"}],"wp:term":[{"taxonomy":"category","embeddable":true,"href":"https:\/\/www.acteurs-du-nord-isere.fr\/story\/wp-json\/wp\/v2\/categories?post=6506"},{"taxonomy":"post_tag","embeddable":true,"href":"https:\/\/www.acteurs-du-nord-isere.fr\/story\/wp-json\/wp\/v2\/tags?post=6506"},{"taxonomy":"categoriescommunes","embeddable":true,"href":"https:\/\/www.acteurs-du-nord-isere.fr\/story\/wp-json\/wp\/v2\/categoriescommunes?post=6506"}],"curies":[{"name":"wp","href":"https:\/\/api.w.org\/{rel}","templated":true}]}}