{"id":6583,"date":"2023-06-07T12:12:21","date_gmt":"2023-06-07T10:12:21","guid":{"rendered":"http:\/\/dev.adni.link\/story\/?p=6583"},"modified":"2023-08-12T10:36:46","modified_gmt":"2023-08-12T08:36:46","slug":"une-journee-festive-et-musicale-a-ne-pas-manquer-a-doissin-la-fete-du-village-et-de-la-musique","status":"publish","type":"post","link":"https:\/\/www.acteurs-du-nord-isere.fr\/story\/une-journee-festive-et-musicale-a-ne-pas-manquer-a-doissin-la-fete-du-village-et-de-la-musique\/","title":{"rendered":"Une journ\u00e9e festive et musicale \u00e0 ne pas manquer \u00e0 Doissin : la F\u00eate du village et de la musique"},"content":{"rendered":"\n<p>La commune de <a href=\"https:\/\/www.acteurs-du-nord-isere.fr\/commune\/doissin\/\" target=\"_blank\" rel=\"noopener\" title=\"\">Doissin <\/a>se pr\u00e9pare \u00e0 accueillir un \u00e9v\u00e9nement incontournable : <strong>la F\u00eate du village et de la musique.<\/strong> Organis\u00e9e par le dynamique comit\u00e9 des f\u00eates, cette journ\u00e9e promet d&rsquo;\u00eatre riche en divertissements pour tous, de quoi ravir petits et grands. Pr\u00e9parez-vous \u00e0 passer une journ\u00e9e m\u00e9morable <strong>le dimanche 18 juin<\/strong> !<\/p>\n\n\n\n<h2 class=\"wp-block-heading\">Un programme riche en activit\u00e9s pour toute la famille le dimanche 18 juin<\/h2>\n\n\n\n<div class=\"wp-block-media-text alignwide has-media-on-the-right is-stacked-on-mobile\"><div class=\"wp-block-media-text__content\">\n<p>Les festivit\u00e9s d\u00e9buteront <strong>d\u00e8s 8h30 avec un concours de p\u00e9tanque<\/strong> en doublette, avec trois parties pr\u00e9vues pour pimenter la comp\u00e9tition. Que vous soyez un joueur chevronn\u00e9 ou simplement \u00e0 la recherche d&rsquo;un moment convivial, rejoignez-nous sur le terrain et d\u00e9montrez vos talents de tireur !<\/p>\n<\/div><figure class=\"wp-block-media-text__media\"><img loading=\"lazy\" decoding=\"async\" width=\"910\" height=\"564\" src=\"https:\/\/www.acteurs-du-nord-isere.fr\/story\/wp-content\/uploads\/sites\/3\/2023\/06\/Petanque-en-nord-isere.jpg\" alt=\"\" class=\"wp-image-6585 size-full\" srcset=\"https:\/\/www.acteurs-du-nord-isere.fr\/story\/wp-content\/uploads\/sites\/3\/2023\/06\/Petanque-en-nord-isere.jpg 910w, https:\/\/www.acteurs-du-nord-isere.fr\/story\/wp-content\/uploads\/sites\/3\/2023\/06\/Petanque-en-nord-isere-300x186.jpg 300w, https:\/\/www.acteurs-du-nord-isere.fr\/story\/wp-content\/uploads\/sites\/3\/2023\/06\/Petanque-en-nord-isere-768x476.jpg 768w\" sizes=\"auto, (max-width: 910px) 100vw, 910px\" \/><\/figure><\/div>\n\n\n\n<div class=\"wp-block-media-text alignwide is-stacked-on-mobile\"><figure class=\"wp-block-media-text__media\"><img loading=\"lazy\" decoding=\"async\" width=\"612\" height=\"494\" src=\"https:\/\/www.acteurs-du-nord-isere.fr\/story\/wp-content\/uploads\/sites\/3\/2023\/06\/velo-decore.jpg\" alt=\"\" class=\"wp-image-6586 size-full\" srcset=\"https:\/\/www.acteurs-du-nord-isere.fr\/story\/wp-content\/uploads\/sites\/3\/2023\/06\/velo-decore.jpg 612w, https:\/\/www.acteurs-du-nord-isere.fr\/story\/wp-content\/uploads\/sites\/3\/2023\/06\/velo-decore-300x242.jpg 300w\" sizes=\"auto, (max-width: 612px) 100vw, 612px\" \/><\/figure><div class=\"wp-block-media-text__content\">\n<p>Pour les plus jeunes, un d\u00e9fil\u00e9 de v\u00e9los d\u00e9cor\u00e9s haut en couleur. <strong>\u00c0 11h00, un rassemblement sur la place devant Le Petit Doissin<\/strong> permettra aux enfants de pr\u00e9senter fi\u00e8rement leurs cr\u00e9ations color\u00e9es. \u00c0 11h30, c&rsquo;est le d\u00e9part du circuit pour une balade \u00e0 v\u00e9lo s\u00e9curis\u00e9e, o\u00f9 les petits cyclistes pourront montrer leurs chefs-d&rsquo;\u0153uvre roulants aux habitants de la commune.<\/p>\n<\/div><\/div>\n\n\n\n<div class=\"wp-block-columns is-layout-flex wp-container-core-columns-is-layout-9d6595d7 wp-block-columns-is-layout-flex\">\n<div class=\"wp-block-column is-layout-flow wp-block-column-is-layout-flow\">\n<p>Apr\u00e8s tant d&rsquo;efforts, une pause bien m\u00e9rit\u00e9e s&rsquo;impose ! \u00c0 midi, vous pourrez profiter d&rsquo;un ap\u00e9ritif convivial suivi d&rsquo;un d\u00e9licieux repas barbecue qui saura ravir les papilles de toute la famille, avec la buvette tenue par le comit\u00e9 des F\u00eates de Doissin. Profitez de ce moment pour \u00e9changer et faire de nouvelles rencontres dans une ambiance chaleureuse.<\/p>\n\n\n\n<div class=\"wp-block-media-text alignwide is-stacked-on-mobile\"><figure class=\"wp-block-media-text__media\"><img loading=\"lazy\" decoding=\"async\" width=\"1024\" height=\"768\" src=\"https:\/\/www.acteurs-du-nord-isere.fr\/story\/wp-content\/uploads\/sites\/3\/2023\/06\/IMG_20210904_182821.jpg\" alt=\"\" class=\"wp-image-6587 size-full\" srcset=\"https:\/\/www.acteurs-du-nord-isere.fr\/story\/wp-content\/uploads\/sites\/3\/2023\/06\/IMG_20210904_182821.jpg 1024w, https:\/\/www.acteurs-du-nord-isere.fr\/story\/wp-content\/uploads\/sites\/3\/2023\/06\/IMG_20210904_182821-300x225.jpg 300w, https:\/\/www.acteurs-du-nord-isere.fr\/story\/wp-content\/uploads\/sites\/3\/2023\/06\/IMG_20210904_182821-768x576.jpg 768w\" sizes=\"auto, (max-width: 1024px) 100vw, 1024px\" \/><\/figure><div class=\"wp-block-media-text__content\">\n<p>L&rsquo;apr\u00e8s-midi sera rythm\u00e9 par une multitude de jeux divers en \u00e9quipe. Petits et grands pourront participer \u00e0 des d\u00e9fis amusants qui renforceront la coh\u00e9sion et l&rsquo;esprit d&rsquo;\u00e9quipe. Qu&rsquo;il s&rsquo;agisse de jeux de ballons, de courses en sac ou de jeux d&rsquo;adresse, il y en aura pour tous les go\u00fbts !<br>Il y aura \u00e9galement <strong>la mise \u00e0 disposition d&rsquo;un man\u00e8ge et d&rsquo;une structure gonflable disponible gratuitement pour les enfants.<\/strong><\/p>\n<\/div><\/div>\n<\/div>\n<\/div>\n\n\n\n<div class=\"wp-block-columns is-layout-flex wp-container-core-columns-is-layout-9d6595d7 wp-block-columns-is-layout-flex\">\n<div class=\"wp-block-column is-layout-flow wp-block-column-is-layout-flow\">\n<p>En fin d&rsquo;apr\u00e8s-midi, les animations prendront une autre dimension avec l&rsquo;arriv\u00e9e de la f\u00eate de la musique. \u00c0 partir de 18h30, laissez-vous emporter par des spectacles enivrants, des performances musicales captivantes qui sauront \u00e9merveiller petits et grands. De plus, le repas barbecue sera \u00e0 nouveau propos\u00e9 pour reprendre des forces et prolonger cette soir\u00e9e festive.<\/p>\n\n\n\n<p>Et pour clore cette journ\u00e9e en beaut\u00e9, <strong>\u00e0 22h30, un feu d&rsquo;artifice <\/strong>grandiose illuminera le ciel de Doissin. Vivez un moment magique en admirant les couleurs \u00e9clatantes et les explosions scintillantes qui feront briller les yeux de toute la famille.<\/p>\n\n\n\n<figure class=\"wp-block-image size-full\"><img loading=\"lazy\" decoding=\"async\" width=\"1024\" height=\"332\" src=\"https:\/\/www.acteurs-du-nord-isere.fr\/story\/wp-content\/uploads\/sites\/3\/2023\/06\/Feu_artifice-e1686132545909.jpg\" alt=\"\" class=\"wp-image-6589\" srcset=\"https:\/\/www.acteurs-du-nord-isere.fr\/story\/wp-content\/uploads\/sites\/3\/2023\/06\/Feu_artifice-e1686132545909.jpg 1024w, https:\/\/www.acteurs-du-nord-isere.fr\/story\/wp-content\/uploads\/sites\/3\/2023\/06\/Feu_artifice-e1686132545909-300x97.jpg 300w, https:\/\/www.acteurs-du-nord-isere.fr\/story\/wp-content\/uploads\/sites\/3\/2023\/06\/Feu_artifice-e1686132545909-768x249.jpg 768w\" sizes=\"auto, (max-width: 1024px) 100vw, 1024px\" \/><\/figure>\n<\/div>\n<\/div>\n\n\n\n<div class=\"wp-block-columns is-layout-flex wp-container-core-columns-is-layout-9d6595d7 wp-block-columns-is-layout-flex\">\n<div class=\"wp-block-column is-layout-flow wp-block-column-is-layout-flow\">\n<h2 class=\"wp-block-heading\">Rendez-vous le dimanche 18 Juin \u00e0 Doissin en Nord-Is\u00e8re<\/h2>\n\n\n\n<p><strong>La F\u00eate du village et de la musique \u00e0 Doissin<\/strong> est l&rsquo;occasion id\u00e9ale pour passer une journ\u00e9e inoubliable en famille. Entre les jeux, la musique, la bonne humeur et les d\u00e9lices culinaires, vous trouverez sans aucun doute votre bonheur. Alors, r\u00e9servez d\u00e8s maintenant votre dimanche 18 juin et rejoignez-nous pour c\u00e9l\u00e9brer la convivialit\u00e9, le partage et la joie lors de cette journ\u00e9e exceptionnelle \u00e0 Doissin. <\/p>\n\n\n\n<ul class=\"wp-block-list\">\n<li><strong>8h30 <\/strong>Concours p\u00e9tanque (<em>En doublette &#8211; 3 parties <\/em>)<br><\/li>\n\n\n\n<li><strong>11h00<\/strong> V\u00e9los d\u00e9cor\u00e9s par les enfants, rassemblement sur la place devant Le Petit Doissin<br><strong>11h30 <\/strong>d\u00e9part du circuit (parcours s\u00e9curis\u00e9)<\/li>\n\n\n\n<li><strong>12h <\/strong>Ap\u00e9ritif + Repas barbecue<\/li>\n\n\n\n<li><strong>14h<\/strong> Jeux divers en \u00e9quipe<\/li>\n\n\n\n<li><strong>18h30 <\/strong>Animations &amp; f\u00eate de la musique<\/li>\n\n\n\n<li>Repas barbecue<\/li>\n\n\n\n<li><strong>22h30 <\/strong>Feu d&rsquo;artifice<\/li>\n<\/ul>\n<\/div>\n\n\n\n<div class=\"wp-block-column is-layout-flow wp-block-column-is-layout-flow\">\n<figure class=\"wp-block-image size-large\"><img loading=\"lazy\" decoding=\"async\" width=\"723\" height=\"1024\" src=\"https:\/\/www.acteurs-du-nord-isere.fr\/story\/wp-content\/uploads\/sites\/3\/2023\/06\/Affiche_Interquartier_A3_2023-723x1024.jpg\" alt=\"\" class=\"wp-image-6584\" srcset=\"https:\/\/www.acteurs-du-nord-isere.fr\/story\/wp-content\/uploads\/sites\/3\/2023\/06\/Affiche_Interquartier_A3_2023-723x1024.jpg 723w, https:\/\/www.acteurs-du-nord-isere.fr\/story\/wp-content\/uploads\/sites\/3\/2023\/06\/Affiche_Interquartier_A3_2023-212x300.jpg 212w, https:\/\/www.acteurs-du-nord-isere.fr\/story\/wp-content\/uploads\/sites\/3\/2023\/06\/Affiche_Interquartier_A3_2023.jpg 768w\" sizes=\"auto, (max-width: 723px) 100vw, 723px\" \/><\/figure>\n<\/div>\n<\/div>\n\n\n\n<div class=\"wp-block-columns is-layout-flex wp-container-core-columns-is-layout-9d6595d7 wp-block-columns-is-layout-flex\">\n<div class=\"wp-block-column is-layout-flow wp-block-column-is-layout-flow\"><\/div>\n<\/div>\n","protected":false},"excerpt":{"rendered":"<p>La F\u00eate du village et de la musique \u00e0 Doissin est l&rsquo;occasion id\u00e9ale pour passer une journ\u00e9e inoubliable en famille. Entre les jeux, la musique, la bonne humeur<\/p>\n","protected":false},"author":1,"featured_media":6587,"comment_status":"closed","ping_status":"closed","sticky":false,"template":"","format":"standard","meta":{"_acf_changed":false,"footnotes":""},"categories":[6,7],"tags":[320,321,319],"categoriescommunes":[116],"class_list":{"0":"post-6583","1":"post","2":"type-post","3":"status-publish","4":"format-standard","5":"has-post-thumbnail","7":"category-culture-loisirs","8":"category-evenements","9":"tag-fete-du-village","10":"tag-feu-dartifice","11":"tag-musique","12":"categoriescommunes-doissin"},"acf":[],"aioseo_notices":[],"_links":{"self":[{"href":"https:\/\/www.acteurs-du-nord-isere.fr\/story\/wp-json\/wp\/v2\/posts\/6583","targetHints":{"allow":["GET"]}}],"collection":[{"href":"https:\/\/www.acteurs-du-nord-isere.fr\/story\/wp-json\/wp\/v2\/posts"}],"about":[{"href":"https:\/\/www.acteurs-du-nord-isere.fr\/story\/wp-json\/wp\/v2\/types\/post"}],"author":[{"embeddable":true,"href":"https:\/\/www.acteurs-du-nord-isere.fr\/story\/wp-json\/wp\/v2\/users\/1"}],"replies":[{"embeddable":true,"href":"https:\/\/www.acteurs-du-nord-isere.fr\/story\/wp-json\/wp\/v2\/comments?post=6583"}],"version-history":[{"count":7,"href":"https:\/\/www.acteurs-du-nord-isere.fr\/story\/wp-json\/wp\/v2\/posts\/6583\/revisions"}],"predecessor-version":[{"id":6607,"href":"https:\/\/www.acteurs-du-nord-isere.fr\/story\/wp-json\/wp\/v2\/posts\/6583\/revisions\/6607"}],"wp:featuredmedia":[{"embeddable":true,"href":"https:\/\/www.acteurs-du-nord-isere.fr\/story\/wp-json\/wp\/v2\/media\/6587"}],"wp:attachment":[{"href":"https:\/\/www.acteurs-du-nord-isere.fr\/story\/wp-json\/wp\/v2\/media?parent=6583"}],"wp:term":[{"taxonomy":"category","embeddable":true,"href":"https:\/\/www.acteurs-du-nord-isere.fr\/story\/wp-json\/wp\/v2\/categories?post=6583"},{"taxonomy":"post_tag","embeddable":true,"href":"https:\/\/www.acteurs-du-nord-isere.fr\/story\/wp-json\/wp\/v2\/tags?post=6583"},{"taxonomy":"categoriescommunes","embeddable":true,"href":"https:\/\/www.acteurs-du-nord-isere.fr\/story\/wp-json\/wp\/v2\/categoriescommunes?post=6583"}],"curies":[{"name":"wp","href":"https:\/\/api.w.org\/{rel}","templated":true}]}}