{"id":6600,"date":"2023-09-06T16:54:00","date_gmt":"2023-09-06T14:54:00","guid":{"rendered":"http:\/\/dev.adni.link\/story\/?p=6600"},"modified":"2023-09-07T22:50:18","modified_gmt":"2023-09-07T20:50:18","slug":"journees-des-plantes-au-chateau-de-pupetieres-le-30-septembre-et-1er-octobre-2023","status":"publish","type":"post","link":"https:\/\/www.acteurs-du-nord-isere.fr\/story\/journees-des-plantes-au-chateau-de-pupetieres-le-30-septembre-et-1er-octobre-2023\/","title":{"rendered":"Journ\u00e9es des Plantes au ch\u00e2teau de Pupeti\u00e8res le 30 septembre et 1er octobre 2023"},"content":{"rendered":"\n<p>La 11 \u00e8me \u00e9dition <strong>des Journ\u00e9es des Plantes <\/strong>du ch\u00e2teau de Pupeti\u00e8res, pr\u00e9vue <strong>les 30 septembre et 1er octobre<\/strong>, est un \u00e9v\u00e9nement annuel o\u00f9 se retrouvent les habitu\u00e9s de jardinage et amoureux de la nature pour faire le plein de plantes en Nord-Is\u00e8re. Organis\u00e9e sur<strong> le domaine du ch\u00e2teau de Pupeti\u00e8res<\/strong>, ce lieu offre le d\u00e9cor parfait pour cette manifestation qui attire les passionn\u00e9s de jardins et de plantes. Avec <strong>plus de 70 exposants<\/strong>, cette \u00e9dition promet d&rsquo;\u00eatre encore plus riche en d\u00e9couvertes que les pr\u00e9c\u00e9dentes. <\/p>\n\n\n\n<p>Pour certains d&rsquo;entre vous, il se peut que vous ayez d\u00e9j\u00e0 profit\u00e9 d&rsquo;une premi\u00e8re \u00e9dition plus t\u00f4t dans l&rsquo;ann\u00e9e avec l&rsquo;\u00e9v\u00e9nement \u00ab\u00a0<strong><a href=\"https:\/\/www.acteurs-du-nord-isere.fr\/story\/plantes-en-folie-a-pupetieres-29-30-avril-et-1er-mai-2023\/\" title=\"\">Plante en folie \u00e0 Pupeti\u00e8res<\/a><\/strong>\u00ab\u00a0.<\/p>\n\n\n\n<div class=\"wp-block-media-text is-stacked-on-mobile\" style=\"grid-template-columns:44% auto\"><figure class=\"wp-block-media-text__media\"><img loading=\"lazy\" decoding=\"async\" width=\"1024\" height=\"1024\" src=\"https:\/\/www.acteurs-du-nord-isere.fr\/story\/wp-content\/uploads\/sites\/3\/2023\/09\/affiche-journees-des-plantes-pupetiere-2023-1024x1024.jpg\" alt=\"\" class=\"wp-image-6719 size-full\" srcset=\"https:\/\/www.acteurs-du-nord-isere.fr\/story\/wp-content\/uploads\/sites\/3\/2023\/09\/affiche-journees-des-plantes-pupetiere-2023-1024x1024.jpg 1024w, https:\/\/www.acteurs-du-nord-isere.fr\/story\/wp-content\/uploads\/sites\/3\/2023\/09\/affiche-journees-des-plantes-pupetiere-2023-300x300.jpg 300w, https:\/\/www.acteurs-du-nord-isere.fr\/story\/wp-content\/uploads\/sites\/3\/2023\/09\/affiche-journees-des-plantes-pupetiere-2023-150x150.jpg 150w, https:\/\/www.acteurs-du-nord-isere.fr\/story\/wp-content\/uploads\/sites\/3\/2023\/09\/affiche-journees-des-plantes-pupetiere-2023-768x768.jpg 768w, https:\/\/www.acteurs-du-nord-isere.fr\/story\/wp-content\/uploads\/sites\/3\/2023\/09\/affiche-journees-des-plantes-pupetiere-2023-1536x1536.jpg 1536w, https:\/\/www.acteurs-du-nord-isere.fr\/story\/wp-content\/uploads\/sites\/3\/2023\/09\/affiche-journees-des-plantes-pupetiere-2023-100x100.jpg 100w, https:\/\/www.acteurs-du-nord-isere.fr\/story\/wp-content\/uploads\/sites\/3\/2023\/09\/affiche-journees-des-plantes-pupetiere-2023-140x140.jpg 140w, https:\/\/www.acteurs-du-nord-isere.fr\/story\/wp-content\/uploads\/sites\/3\/2023\/09\/affiche-journees-des-plantes-pupetiere-2023-500x500.jpg 500w, https:\/\/www.acteurs-du-nord-isere.fr\/story\/wp-content\/uploads\/sites\/3\/2023\/09\/affiche-journees-des-plantes-pupetiere-2023-350x350.jpg 350w, https:\/\/www.acteurs-du-nord-isere.fr\/story\/wp-content\/uploads\/sites\/3\/2023\/09\/affiche-journees-des-plantes-pupetiere-2023-1000x1000.jpg 1000w, https:\/\/www.acteurs-du-nord-isere.fr\/story\/wp-content\/uploads\/sites\/3\/2023\/09\/affiche-journees-des-plantes-pupetiere-2023-800x800.jpg 800w, https:\/\/www.acteurs-du-nord-isere.fr\/story\/wp-content\/uploads\/sites\/3\/2023\/09\/affiche-journees-des-plantes-pupetiere-2023.jpg 2048w\" sizes=\"auto, (max-width: 1024px) 100vw, 1024px\" \/><\/figure><div class=\"wp-block-media-text__content\">\n<h2 class=\"wp-block-heading\">Les animations et conf\u00e9rences autour des journ\u00e9es des plantes \u00e0 Pupeti\u00e8res<\/h2>\n\n\n\n<p>Lors de ces journ\u00e9es, les visiteurs auront la chance de participer \u00e0 une multitude d&rsquo;animations captivantes. <strong>Florence Recoura<\/strong>, une experte en <strong>d\u00e9coration florale<\/strong>, proposera des d\u00e9monstrations florales qui transformeront le ch\u00e2teau en un v\u00e9ritable jardin enchant\u00e9. De plus, plus de <strong><a href=\"https:\/\/www.acteurs-du-nord-isere.fr\/services\/fleuriste\/\" target=\"_blank\" rel=\"noopener\" title=\"\">15 fleuristes talentueux<\/a><\/strong> travailleront sous sa direction pour cr\u00e9er des d\u00e9cors int\u00e9rieurs et ext\u00e9rieurs \u00e9poustouflants.<\/p>\n\n\n\n<p><\/p>\n<\/div><\/div>\n\n\n\n<div class=\"wp-block-columns is-layout-flex wp-container-core-columns-is-layout-9d6595d7 wp-block-columns-is-layout-flex\">\n<div class=\"wp-block-column is-layout-flow wp-block-column-is-layout-flow\">\n<p>Les conf\u00e9rences pr\u00e9vues lors de ces journ\u00e9es ajouteront une dimension intellectuelle \u00e0 l&rsquo;\u00e9v\u00e9nement. Le samedi, l&rsquo;artiste plasticienne <strong>Isabelle Mazzucchelli<\/strong> \u00e9voquera \u00ab\u00a0<strong>L&rsquo;Empreinte des Plantes<\/strong>\u00ab\u00a0, offrant une perspective artistique fascinante. Le dimanche, <strong>Olivier Beno\u00eet<\/strong>, pr\u00e9sident d&rsquo;OSENS LIFE, apportera une dimension philosophique et scientifique avec sa conf\u00e9rence sur \u00ab\u00a0<strong>R\u00e9v\u00e9lations sur le secret de l&rsquo;existence<\/strong>\u00ab\u00a0. Ces conf\u00e9rences sauront satisfaire la curiosit\u00e9 de tous les passionn\u00e9s de plantes.<\/p>\n\n\n\n<div style=\"height:60px\" aria-hidden=\"true\" class=\"wp-block-spacer\"><\/div>\n\n\n\n<h2 class=\"wp-block-heading\">Les moments forts de l&rsquo;\u00e9v\u00e9nement au ch\u00e2teau de Pupeti\u00e8res<\/h2>\n\n\n\n<p>Au-del\u00e0 des stands et des conf\u00e9rences, plusieurs moments forts marqueront ces Journ\u00e9es des Plantes. Le samedi, \u00e0 14h30, aura lieu <strong>la remise des prix aux exposants<\/strong>, mettant en lumi\u00e8re l&rsquo;excellence horticole pr\u00e9sente \u00e0 l&rsquo;\u00e9v\u00e9nement. Les visiteurs auront \u00e9galement l&rsquo;opportunit\u00e9 de participer \u00e0 <strong>une d\u00e9monstration d&rsquo;art floral sur le podium<\/strong>, le samedi \u00e0 15h30 et le dimanche \u00e0 16h30, pour apprendre les techniques florales les plus r\u00e9centes.<\/p>\n\n\n\n<p>L&rsquo;exposition \u00ab\u00a0<strong>Green, Promenades en for\u00eat<\/strong>\u00a0\u00bb par <strong>Isabelle Mazzuchelli<\/strong> offrira une immersion artistique dans le monde des plantes et de la nature. Cette exposition captivante ajoutera une dimension esth\u00e9tique \u00e0 l&rsquo;\u00e9v\u00e9nement et permettra aux visiteurs de voir la nature sous un nouvel angle. <\/p>\n\n\n\n<p>Vous pourrez \u00e9galement rencontrer <a href=\"http:\/\/www.ferme-florale.fr\/\" target=\"_blank\" rel=\"noopener\" title=\"\">La Ferme Florale Mojo<\/a>, qui fait partie des Acteurs du Nord-Is\u00e8re. Ils sont bas\u00e9s \u00e0 Cessieu et cultivent des fleurs locales et de saison qu&rsquo;ils vendent en direct ou sur des march\u00e9s. D\u00e9couvrez leur fiche sur notre plateforme : <a href=\"https:\/\/www.acteurs-du-nord-isere.fr\/entreprises\/mojo-ferme-florale\/\" title=\"\">Mojo Ferme Florale<\/a><\/p>\n\n\n\n<div style=\"height:60px\" aria-hidden=\"true\" class=\"wp-block-spacer\"><\/div>\n<\/div>\n<\/div>\n\n\n\n<div class=\"wp-block-columns is-layout-flex wp-container-core-columns-is-layout-9d6595d7 wp-block-columns-is-layout-flex\">\n<div class=\"wp-block-column is-layout-flow wp-block-column-is-layout-flow\">\n<h2 class=\"wp-block-heading\">Informations pratiques pour les journ\u00e9es des plantes<\/h2>\n<\/div>\n<\/div>\n\n\n\n<div class=\"wp-block-columns is-layout-flex wp-container-core-columns-is-layout-9d6595d7 wp-block-columns-is-layout-flex\">\n<div class=\"wp-block-column is-layout-flow wp-block-column-is-layout-flow\">\n<p>Ouverture de 10h \u00e0 18h<br>Visites du ch\u00e2teau \u00e9galement possibles de 10h30 \u00e0 17h30.<\/p>\n\n\n\n<h3 class=\"wp-block-heading\">Tarifs (en attente de confirmation)<\/h3>\n\n\n\n<ul class=\"wp-block-list\">\n<li>Tarif individuel : 7 \u20ac<\/li>\n\n\n\n<li>Tarif groupe : 5 \u20ac<\/li>\n\n\n\n<li>Entr\u00e9e est gratuite pour les &#8211; 12 ans<\/li>\n\n\n\n<li>Pass Weekend : 10 \u20ac<\/li>\n\n\n\n<li><strong>Voir la billetterie : <\/strong><a href=\"https:\/\/bit.ly\/BilletteriePupetieres\" target=\"_blank\" rel=\"noopener\" title=\"\">https:\/\/bit.ly\/BilletteriePupetieres<\/a><\/li>\n<\/ul>\n\n\n\n<h3 class=\"wp-block-heading\">O\u00f9 se situe le ch\u00e2teau de Pupeti\u00e8res ?<\/h3>\n\n\n\n<p><strong>Ch\u00e2teau de Pupeti\u00e8res<\/strong><br>100, route de Virieu<br>38690 <a href=\"https:\/\/www.acteurs-du-nord-isere.fr\/commune\/chabons\/\" target=\"_blank\" rel=\"noopener\" title=\"\">Ch\u00e2bons<\/a><\/p>\n<\/div>\n\n\n\n<div class=\"wp-block-column is-layout-flow wp-block-column-is-layout-flow\"><div class=\"wp-block-image\">\n<figure class=\"aligncenter size-full is-resized\"><img loading=\"lazy\" decoding=\"async\" src=\"https:\/\/www.acteurs-du-nord-isere.fr\/story\/wp-content\/uploads\/sites\/3\/2023\/01\/Plantes-en-Folie-au-chateau-de-Pupetieres-2023.png\" alt=\"\" class=\"wp-image-6187\" style=\"width:537px;height:476px\" width=\"537\" height=\"476\" srcset=\"https:\/\/www.acteurs-du-nord-isere.fr\/story\/wp-content\/uploads\/sites\/3\/2023\/01\/Plantes-en-Folie-au-chateau-de-Pupetieres-2023.png 696w, https:\/\/www.acteurs-du-nord-isere.fr\/story\/wp-content\/uploads\/sites\/3\/2023\/01\/Plantes-en-Folie-au-chateau-de-Pupetieres-2023-300x266.png 300w\" sizes=\"auto, (max-width: 537px) 100vw, 537px\" \/><figcaption class=\"wp-element-caption\"><em>Pr\u00e9c\u00e9dente f\u00eate des plantes au ch\u00e2teau de Pupeti\u00e8res <\/em><br><em>&#8211; Cr\u00e9dit photo : Acteurs du Nord-Is\u00e8re (AdNI)<\/em><\/figcaption><\/figure>\n<\/div><\/div>\n<\/div>\n\n\n\n<div class=\"wp-block-media-text is-stacked-on-mobile is-image-fill\" style=\"grid-template-columns:34% auto\"><figure class=\"wp-block-media-text__media\" style=\"background-image:url(https:\/\/www.acteurs-du-nord-isere.fr\/story\/wp-content\/uploads\/sites\/3\/2023\/09\/journees-des-plantes-pupetiere-2023-1024x582.jpg);background-position:50% 50%\"><img loading=\"lazy\" decoding=\"async\" width=\"1024\" height=\"582\" src=\"https:\/\/www.acteurs-du-nord-isere.fr\/story\/wp-content\/uploads\/sites\/3\/2023\/09\/journees-des-plantes-pupetiere-2023-1024x582.jpg\" alt=\"\" class=\"wp-image-6720 size-full\" srcset=\"https:\/\/www.acteurs-du-nord-isere.fr\/story\/wp-content\/uploads\/sites\/3\/2023\/09\/journees-des-plantes-pupetiere-2023-1024x582.jpg 1024w, https:\/\/www.acteurs-du-nord-isere.fr\/story\/wp-content\/uploads\/sites\/3\/2023\/09\/journees-des-plantes-pupetiere-2023-300x170.jpg 300w, https:\/\/www.acteurs-du-nord-isere.fr\/story\/wp-content\/uploads\/sites\/3\/2023\/09\/journees-des-plantes-pupetiere-2023-768x436.jpg 768w, https:\/\/www.acteurs-du-nord-isere.fr\/story\/wp-content\/uploads\/sites\/3\/2023\/09\/journees-des-plantes-pupetiere-2023-1536x873.jpg 1536w, https:\/\/www.acteurs-du-nord-isere.fr\/story\/wp-content\/uploads\/sites\/3\/2023\/09\/journees-des-plantes-pupetiere-2023.jpg 1964w\" sizes=\"auto, (max-width: 1024px) 100vw, 1024px\" \/><\/figure><div class=\"wp-block-media-text__content\">\n<p>En somme, les Journ\u00e9es des Plantes au ch\u00e2teau de Pupeti\u00e8res sont un \u00e9v\u00e9nement incontournable pour tous <strong>les passionn\u00e9s de jardinage, d&rsquo;horticulture, et de nature en Nord-Is\u00e8re.<\/strong> Avec une multitude d&rsquo;activit\u00e9s, d&rsquo;expositions, de conf\u00e9rences, et d&rsquo;animations pr\u00e9vues, cet \u00e9v\u00e9nement offre une occasion unique de se plonger dans le monde fascinant des plantes rares et du jardinage cr\u00e9atif. Ne manquez pas ce rendez-vous incontournable qui promet d&rsquo;\u00e9veiller vos sens et d&rsquo;enrichir vos connaissances botaniques.<\/p>\n<\/div><\/div>\n\n\n\n<div style=\"height:100px\" aria-hidden=\"true\" class=\"wp-block-spacer\"><\/div>\n\n\n\n<div class=\"wp-block-columns is-layout-flex wp-container-core-columns-is-layout-9d6595d7 wp-block-columns-is-layout-flex\">\n<div class=\"wp-block-column is-layout-flow wp-block-column-is-layout-flow\"><div class=\"wp-block-image\">\n<figure class=\"aligncenter size-full is-resized\"><img loading=\"lazy\" decoding=\"async\" src=\"https:\/\/www.acteurs-du-nord-isere.fr\/story\/wp-content\/uploads\/sites\/3\/2023\/01\/Chateau-de-Pupetieres-Chabons-1.png\" alt=\"\" class=\"wp-image-6194\" style=\"width:369px;height:491px\" width=\"369\" height=\"491\" srcset=\"https:\/\/www.acteurs-du-nord-isere.fr\/story\/wp-content\/uploads\/sites\/3\/2023\/01\/Chateau-de-Pupetieres-Chabons-1.png 703w, https:\/\/www.acteurs-du-nord-isere.fr\/story\/wp-content\/uploads\/sites\/3\/2023\/01\/Chateau-de-Pupetieres-Chabons-1-225x300.png 225w\" sizes=\"auto, (max-width: 369px) 100vw, 369px\" \/><figcaption class=\"wp-element-caption\"><em>Ch\u00e2teau de Pupeti\u00e8res <\/em><br><em>&#8211; Cr\u00e9dit photo : <em> Acteurs du Nord-Is\u00e8re (AdNI)<\/em><\/em><\/figcaption><\/figure>\n<\/div><\/div>\n\n\n\n<div class=\"wp-block-column is-layout-flow wp-block-column-is-layout-flow\">\n<p><strong>Notre retour des pr\u00e9c\u00e9dentes journ\u00e9es des plantes&nbsp;:<\/strong><\/p>\n\n\n\n<p><em>\u00ab&nbsp;Que ce soit au printemps ou \u00e0 l\u2019automne, c\u2019est toujours un immense plaisir d\u2019aller faire un tour dans ce magnifique domaine. Pour les amoureux des fleurs, des plantes, des monuments historiques comme nous, c\u2019est devenu une date incontournable chaque ann\u00e9e. Nous aimons nous balader entre les stands et d\u00e9couvrir de nouveaux artisans et producteurs. L\u2019ambiance y est familiale et chaleureuse.<\/em><\/p>\n\n\n\n<p><em>Le plus +&nbsp;: profitez d\u2019un des stands de nourriture sur place pour s\u2019offrir une petite douceur gustative&nbsp;!<\/em><\/p>\n\n\n\n<p><em>Merci aux propri\u00e9taires du ch\u00e2teau, aux organisateurs et \u00e0 tous les exposants qui nous r\u00e9galent \u00e0 chaque \u00e9v\u00e9nement.&nbsp;\u00bb<\/em><\/p>\n\n\n\n<p><em>Vincent et Alicia d\u2019ADNI<\/em><\/p>\n<\/div>\n<\/div>\n\n\n\n<h2 class=\"wp-block-heading has-text-align-center\">Proposez un \u00e9v\u00e9nement !<\/h2>\n\n\n\n<p class=\"has-text-align-center\">Vous \u00eates une association, une entreprise ou une collectivit\u00e9 et&nbsp;<strong>souhaitez communiquer autour de votre \u00e9v\u00e9nement<\/strong>&nbsp;<strong>en Nord-Is\u00e8re<\/strong>&#8230;<br>Partagez \u00e0 ADNI votre \u00e9v\u00e9nement pour qu\u2019on en parle sur notre plate-forme !<\/p>\n\n\n\n<div class=\"wp-block-buttons is-layout-flex wp-block-buttons-is-layout-flex\">\n<div class=\"wp-block-button aligncenter is-style-fill\"><a class=\"wp-block-button__link has-vivid-cyan-blue-to-vivid-purple-gradient-background has-background wp-element-button\" href=\"https:\/\/www.acteurs-du-nord-isere.fr\/story\/proposer-un-evenement-en-nord-isere\/\" target=\"_blank\" rel=\"noreferrer noopener\">Cliquez ici pour nous partager votre \u00e9v\u00e9nement !<\/a><\/div>\n<\/div>\n","protected":false},"excerpt":{"rendered":"<p>Les Journ\u00e9es des Plantes au ch\u00e2teau de Pupeti\u00e8res sont un \u00e9v\u00e9nement incontournable pour tous les passionn\u00e9s de jardinage, d&rsquo;horticulture, et de nature en Nord-Is\u00e8re.<\/p>\n","protected":false},"author":4,"featured_media":6720,"comment_status":"closed","ping_status":"closed","sticky":false,"template":"","format":"standard","meta":{"_acf_changed":false,"footnotes":""},"categories":[6,7],"tags":[277,290,303,337],"categoriescommunes":[232],"class_list":{"0":"post-6600","1":"post","2":"type-post","3":"status-publish","4":"format-standard","5":"has-post-thumbnail","7":"category-culture-loisirs","8":"category-evenements","9":"tag-chateaux","10":"tag-fete-des-plantes","11":"tag-nature","12":"tag-weekend","13":"categoriescommunes-chabons"},"acf":[],"aioseo_notices":[],"_links":{"self":[{"href":"https:\/\/www.acteurs-du-nord-isere.fr\/story\/wp-json\/wp\/v2\/posts\/6600","targetHints":{"allow":["GET"]}}],"collection":[{"href":"https:\/\/www.acteurs-du-nord-isere.fr\/story\/wp-json\/wp\/v2\/posts"}],"about":[{"href":"https:\/\/www.acteurs-du-nord-isere.fr\/story\/wp-json\/wp\/v2\/types\/post"}],"author":[{"embeddable":true,"href":"https:\/\/www.acteurs-du-nord-isere.fr\/story\/wp-json\/wp\/v2\/users\/4"}],"replies":[{"embeddable":true,"href":"https:\/\/www.acteurs-du-nord-isere.fr\/story\/wp-json\/wp\/v2\/comments?post=6600"}],"version-history":[{"count":10,"href":"https:\/\/www.acteurs-du-nord-isere.fr\/story\/wp-json\/wp\/v2\/posts\/6600\/revisions"}],"predecessor-version":[{"id":6737,"href":"https:\/\/www.acteurs-du-nord-isere.fr\/story\/wp-json\/wp\/v2\/posts\/6600\/revisions\/6737"}],"wp:featuredmedia":[{"embeddable":true,"href":"https:\/\/www.acteurs-du-nord-isere.fr\/story\/wp-json\/wp\/v2\/media\/6720"}],"wp:attachment":[{"href":"https:\/\/www.acteurs-du-nord-isere.fr\/story\/wp-json\/wp\/v2\/media?parent=6600"}],"wp:term":[{"taxonomy":"category","embeddable":true,"href":"https:\/\/www.acteurs-du-nord-isere.fr\/story\/wp-json\/wp\/v2\/categories?post=6600"},{"taxonomy":"post_tag","embeddable":true,"href":"https:\/\/www.acteurs-du-nord-isere.fr\/story\/wp-json\/wp\/v2\/tags?post=6600"},{"taxonomy":"categoriescommunes","embeddable":true,"href":"https:\/\/www.acteurs-du-nord-isere.fr\/story\/wp-json\/wp\/v2\/categoriescommunes?post=6600"}],"curies":[{"name":"wp","href":"https:\/\/api.w.org\/{rel}","templated":true}]}}