{"id":6642,"date":"2023-08-27T10:19:10","date_gmt":"2023-08-27T08:19:10","guid":{"rendered":"https:\/\/www.acteurs-du-nord-isere.fr\/story\/?p=6642"},"modified":"2023-08-27T10:39:43","modified_gmt":"2023-08-27T08:39:43","slug":"festival-les-belles-journees-2023-a-bourgoin-jallieu","status":"publish","type":"post","link":"https:\/\/www.acteurs-du-nord-isere.fr\/story\/festival-les-belles-journees-2023-a-bourgoin-jallieu\/","title":{"rendered":"Festival Les Belles Journ\u00e9es 2023 \u00e0 Bourgoin-Jallieu"},"content":{"rendered":"\n<p>Le compte \u00e0 rebours a commenc\u00e9 avec <strong>le Festival Les Belles Journ\u00e9es 2023<\/strong>, un \u00e9v\u00e9nement musical qui devient incontournable \u00e0 <a href=\"https:\/\/www.acteurs-du-nord-isere.fr\/commune\/bourgoin-jallieu\/\" title=\"\">Bourgoin-Jallieu<\/a> du <strong>vendredi 8 au samedi 9 septembre.<\/strong> Nich\u00e9 au c\u0153ur du Nord-Is\u00e8re depuis 2015, ce festival promet deux jours de performances envo\u00fbtantes, d&rsquo;exp\u00e9riences m\u00e9morables et d&rsquo;engagement envers la musique et l&rsquo;environnement, avec une s\u00e9lection d&rsquo;artistes talentueux ! <\/p>\n\n\n\n<p>Organis\u00e9 par la ville de Bourgoin-Jallieu, le festival se d\u00e9roulera durant les deux jours dans l&rsquo;historique <strong>parc des Lilattes<\/strong> situ\u00e9s au coeur de la ville.&nbsp;<\/p>\n\n\n\n<div class=\"wp-block-media-text is-stacked-on-mobile\"><figure class=\"wp-block-media-text__media\"><img loading=\"lazy\" decoding=\"async\" width=\"1021\" height=\"1024\" src=\"https:\/\/www.acteurs-du-nord-isere.fr\/story\/wp-content\/uploads\/sites\/3\/2023\/08\/festival-les-belles-journee-2023-bourgoin-1021x1024.jpg\" alt=\"Les Belles Journ\u00e9es \u00e0 Bourgoin Jallieu\" class=\"wp-image-6643 size-full\" srcset=\"https:\/\/www.acteurs-du-nord-isere.fr\/story\/wp-content\/uploads\/sites\/3\/2023\/08\/festival-les-belles-journee-2023-bourgoin-1021x1024.jpg 1021w, https:\/\/www.acteurs-du-nord-isere.fr\/story\/wp-content\/uploads\/sites\/3\/2023\/08\/festival-les-belles-journee-2023-bourgoin-300x300.jpg 300w, https:\/\/www.acteurs-du-nord-isere.fr\/story\/wp-content\/uploads\/sites\/3\/2023\/08\/festival-les-belles-journee-2023-bourgoin-150x150.jpg 150w, https:\/\/www.acteurs-du-nord-isere.fr\/story\/wp-content\/uploads\/sites\/3\/2023\/08\/festival-les-belles-journee-2023-bourgoin-768x770.jpg 768w, https:\/\/www.acteurs-du-nord-isere.fr\/story\/wp-content\/uploads\/sites\/3\/2023\/08\/festival-les-belles-journee-2023-bourgoin-100x100.jpg 100w, https:\/\/www.acteurs-du-nord-isere.fr\/story\/wp-content\/uploads\/sites\/3\/2023\/08\/festival-les-belles-journee-2023-bourgoin-140x140.jpg 140w, https:\/\/www.acteurs-du-nord-isere.fr\/story\/wp-content\/uploads\/sites\/3\/2023\/08\/festival-les-belles-journee-2023-bourgoin-500x500.jpg 500w, https:\/\/www.acteurs-du-nord-isere.fr\/story\/wp-content\/uploads\/sites\/3\/2023\/08\/festival-les-belles-journee-2023-bourgoin-350x350.jpg 350w, https:\/\/www.acteurs-du-nord-isere.fr\/story\/wp-content\/uploads\/sites\/3\/2023\/08\/festival-les-belles-journee-2023-bourgoin.jpg 1115w\" sizes=\"auto, (max-width: 1021px) 100vw, 1021px\" \/><\/figure><div class=\"wp-block-media-text__content\">\n<h2 class=\"wp-block-heading\">Une programmation musicale \u00e9clectique<\/h2>\n\n\n\n<p>Les amateurs de musique auront la chance de se plonger dans une exp\u00e9rience sonore avec les m\u00e9lodies captivantes d&rsquo;artistes tels qu&rsquo;<strong>Iz\u00efa<\/strong>, <strong>Zazie<\/strong>, <strong>Deluxe<\/strong>, <strong>Benjamin Biolay<\/strong>, <strong>Bandit Bandit<\/strong> et <strong>Ad\u00e9<\/strong>. Deux jours de concert r\u00e9unissant des t\u00eates d&rsquo;affiche nationales qui sauront satisfaire tous les go\u00fbts musicaux. Que vous soyez fan de rock, de pop, de chanson fran\u00e7aise ou de rythmes entra\u00eenants, vous trouverez votre bonheur parmi ces artistes pr\u00e9sents lors du festivale Les Belles Journ\u00e9es.<\/p>\n<\/div><\/div>\n\n\n\n<p>Pour les habitu\u00e9s de ce festival, vous avez surement pu profiter d&rsquo;une premi\u00e8re performance pour Zazie qui \u00e9tait d\u00e9j\u00e0 pr\u00e9sente lors de l&rsquo;\u00e9dition de 2019. D\u00e9couvrez les concerts en fonction des deux jours du festival de musique : <\/p>\n\n\n\n<hr class=\"wp-block-separator has-alpha-channel-opacity\"\/>\n\n\n\n<div class=\"wp-block-columns is-layout-flex wp-container-core-columns-is-layout-9d6595d7 wp-block-columns-is-layout-flex\">\n<div class=\"wp-block-column is-layout-flow wp-block-column-is-layout-flow\">\n<p><strong>Le vendredi 8 septembre :<\/strong><br>&#8211; BENJAMIN BIOLAY<br>&#8211; DELUXE<br>&#8211; BANDIT BANDIT<\/p>\n<\/div>\n\n\n\n<div class=\"wp-block-column is-layout-flow wp-block-column-is-layout-flow\">\n<p><strong>Le samedi 9 septembre :<\/strong><br>&#8211; ZAZIE<br>&#8211; IZ\u00cfA<br>&#8211; AD\u00c9<\/p>\n<\/div>\n\n\n\n<div class=\"wp-block-column is-layout-flow wp-block-column-is-layout-flow\">\n<p>Il y aura \u00e9galement un after le samedi 9 avec : SEND ME LOVE LETTERS + DJ SET<\/p>\n<\/div>\n<\/div>\n\n\n\n<hr class=\"wp-block-separator has-alpha-channel-opacity\"\/>\n\n\n\n<div class=\"wp-block-columns is-layout-flex wp-container-core-columns-is-layout-9d6595d7 wp-block-columns-is-layout-flex\">\n<div class=\"wp-block-column is-layout-flow wp-block-column-is-layout-flow\">\n<h2 class=\"wp-block-heading\">Un \u00c9v\u00e9nement Engag\u00e9<\/h2>\n\n\n\n<p>Le Festival Les Belles Journ\u00e9es est bien plus qu&rsquo;un simple rassemblement musical. Les organisateurs avec la ville e Bourgoin-Jallieu ont \u00e0 c\u0153ur de limiter leur impact environnemental et de promouvoir le bien-\u00eatre des festivaliers. Des initiatives telles que l&rsquo;utilisation d&rsquo;<strong>ecocups consign\u00e9s<\/strong>, <strong>la r\u00e9duction du plastique<\/strong>, <strong>la mise en place de points de tri<\/strong>, et l&rsquo;utilisation de <strong>toilettes s\u00e8ches <\/strong>t\u00e9moignent de cet engagement envers la durabilit\u00e9.<\/p>\n<\/div>\n\n\n\n<div class=\"wp-block-column is-layout-flow wp-block-column-is-layout-flow\">\n<h2 class=\"wp-block-heading\">La Main de Victor Bosch<\/h2>\n\n\n\n<p>Depuis la 4e \u00e9dition en 2018, la programmation du festival a \u00e9t\u00e9 confi\u00e9e \u00e0 Victor Bosch, une figure renomm\u00e9e dans le milieu culturel. Ancien musicien, producteur, et directeur de salles embl\u00e9matiques, comme le spectacle de Notre dame de Paris ou la cr\u00e9ation du Transbordeur \u00e0 Lyon. Victor Bosch apporte son expertise et son flair artistique \u00e0 l&rsquo;\u00e9v\u00e9nement, offrant des affiches dignes des plus grandes sc\u00e8nes.<\/p>\n<\/div>\n<\/div>\n\n\n\n<div style=\"height:60px\" aria-hidden=\"true\" class=\"wp-block-spacer\"><\/div>\n\n\n\n<div class=\"wp-block-media-text has-media-on-the-right is-stacked-on-mobile\"><div class=\"wp-block-media-text__content\">\n<h2 class=\"wp-block-heading\">Un \u00e9v\u00e9nement musical qui va au-del\u00e0 de la musique<\/h2>\n\n\n\n<p>Le Festival Les Belles Journ\u00e9es ne se limite pas \u00e0 la musique. C&rsquo;est aussi un moment de partage et de convivialit\u00e9, r\u00e9unissant <strong>plus de 80 partenaires<\/strong> et <strong>100 b\u00e9n\u00e9voles<\/strong> qui contribuent \u00e0 cr\u00e9er une exp\u00e9rience unique pour tous les participants et anime notre beau territoire du Nors-Is\u00e8re. <\/p>\n<\/div><figure class=\"wp-block-media-text__media\"><img loading=\"lazy\" decoding=\"async\" width=\"1024\" height=\"698\" src=\"https:\/\/www.acteurs-du-nord-isere.fr\/story\/wp-content\/uploads\/sites\/3\/2023\/08\/369597420_784030357063758_5195850990353527631_n-1024x698.jpg\" alt=\"\" class=\"wp-image-6647 size-full\" srcset=\"https:\/\/www.acteurs-du-nord-isere.fr\/story\/wp-content\/uploads\/sites\/3\/2023\/08\/369597420_784030357063758_5195850990353527631_n-1024x698.jpg 1024w, https:\/\/www.acteurs-du-nord-isere.fr\/story\/wp-content\/uploads\/sites\/3\/2023\/08\/369597420_784030357063758_5195850990353527631_n-300x204.jpg 300w, https:\/\/www.acteurs-du-nord-isere.fr\/story\/wp-content\/uploads\/sites\/3\/2023\/08\/369597420_784030357063758_5195850990353527631_n-768x523.jpg 768w, https:\/\/www.acteurs-du-nord-isere.fr\/story\/wp-content\/uploads\/sites\/3\/2023\/08\/369597420_784030357063758_5195850990353527631_n-1536x1046.jpg 1536w, https:\/\/www.acteurs-du-nord-isere.fr\/story\/wp-content\/uploads\/sites\/3\/2023\/08\/369597420_784030357063758_5195850990353527631_n.jpg 2048w\" sizes=\"auto, (max-width: 1024px) 100vw, 1024px\" \/><\/figure><\/div>\n\n\n\n<div style=\"height:60px\" aria-hidden=\"true\" class=\"wp-block-spacer\"><\/div>\n\n\n\n<div class=\"wp-block-columns is-layout-flex wp-container-core-columns-is-layout-9d6595d7 wp-block-columns-is-layout-flex\">\n<div class=\"wp-block-column is-layout-flow wp-block-column-is-layout-flow\">\n<h2 class=\"wp-block-heading\">Rendez-vous en septembre \u00e0 Bourgoin-Jallieu<\/h2>\n\n\n\n<p>R\u00e9servez d\u00e8s maintenant votre pass 2 jours (\u00e0 60\u20ac) ou vos billets \u00e0 la journ\u00e9e d&rsquo;une valeur de 35 \u20ac pour ne pas rater cet \u00e9v\u00e9nement avec Les Belles Journ\u00e9es.<\/p>\n\n\n\n<p>Rendez-vous sur leur site, m\u00eame si celui-ci ne refl\u00e8te pas forc\u00e9ment l&rsquo;atmosph\u00e8re du festival, il reste fonctionnel ou directement sur leurs r\u00e9seaux sociaux pour suivre les actualit\u00e9s autour de l&rsquo;organisation de cet \u00e9v\u00e9nement au coeur du Nord-Is\u00e8re.<\/p>\n\n\n\n<div style=\"height:60px\" aria-hidden=\"true\" class=\"wp-block-spacer\"><\/div>\n<\/div>\n<\/div>\n\n\n\n<h3 class=\"wp-block-heading\">L&rsquo;unviers autour du festival Les Belles Journ\u00e9es<\/h3>\n\n\n\n<div class=\"wp-block-buttons is-layout-flex wp-block-buttons-is-layout-flex\">\n<div class=\"wp-block-button\"><a class=\"wp-block-button__link wp-element-button\" href=\"https:\/\/www.bellesjournees.fr\/\" target=\"_blank\" rel=\"noreferrer noopener\">Voir le site du festival<\/a><\/div>\n\n\n\n<div class=\"wp-block-button\"><a class=\"wp-block-button__link wp-element-button\" href=\"https:\/\/www.instagram.com\/festivalbellesjournees\/\" target=\"_blank\" rel=\"noreferrer noopener\">Le compte Instagram<\/a><\/div>\n\n\n\n<div class=\"wp-block-button\"><a class=\"wp-block-button__link wp-element-button\" href=\"https:\/\/www.facebook.com\/BellesJournees\" target=\"_blank\" rel=\"noreferrer noopener\">Le compte Facebook<\/a><\/div>\n<\/div>\n\n\n\n<p><\/p>\n\n\n\n<p>Vous pouvez \u00e9galement d\u00e9couvrir la ville de Bourgoin-Jallieu via notre plateforme Acteurs du Nord-Is\u00e8re qui vous permet de d\u00e9couvrir les associations, commer\u00e7ants, entreprises et ind\u00e9pendants du territoire avec des fiches modernes et efficaces. D\u00e9couvrez la plateforme sur : <a href=\"https:\/\/www.acteurs-du-nord-isere.fr\/\" title=\"\">acteurs-du-nord-isere.fr<\/a><\/p>\n","protected":false},"excerpt":{"rendered":"<p>Le Festival Les Belles Journ\u00e9es 2023, un \u00e9v\u00e9nement musical qui devient incontournable \u00e0 Bourgoin-Jallieu du vendredi 8 au samedi 9 septembre. <\/p>\n","protected":false},"author":1,"featured_media":6645,"comment_status":"closed","ping_status":"closed","sticky":false,"template":"","format":"standard","meta":{"_acf_changed":false,"footnotes":""},"categories":[6,7],"tags":[326,319,327],"categoriescommunes":[251],"class_list":{"0":"post-6642","1":"post","2":"type-post","3":"status-publish","4":"format-standard","5":"has-post-thumbnail","7":"category-culture-loisirs","8":"category-evenements","9":"tag-festival","10":"tag-musique","11":"tag-parc-des-lilattes","12":"categoriescommunes-bourgoin-jallieu"},"acf":[],"aioseo_notices":[],"_links":{"self":[{"href":"https:\/\/www.acteurs-du-nord-isere.fr\/story\/wp-json\/wp\/v2\/posts\/6642","targetHints":{"allow":["GET"]}}],"collection":[{"href":"https:\/\/www.acteurs-du-nord-isere.fr\/story\/wp-json\/wp\/v2\/posts"}],"about":[{"href":"https:\/\/www.acteurs-du-nord-isere.fr\/story\/wp-json\/wp\/v2\/types\/post"}],"author":[{"embeddable":true,"href":"https:\/\/www.acteurs-du-nord-isere.fr\/story\/wp-json\/wp\/v2\/users\/1"}],"replies":[{"embeddable":true,"href":"https:\/\/www.acteurs-du-nord-isere.fr\/story\/wp-json\/wp\/v2\/comments?post=6642"}],"version-history":[{"count":8,"href":"https:\/\/www.acteurs-du-nord-isere.fr\/story\/wp-json\/wp\/v2\/posts\/6642\/revisions"}],"predecessor-version":[{"id":6656,"href":"https:\/\/www.acteurs-du-nord-isere.fr\/story\/wp-json\/wp\/v2\/posts\/6642\/revisions\/6656"}],"wp:featuredmedia":[{"embeddable":true,"href":"https:\/\/www.acteurs-du-nord-isere.fr\/story\/wp-json\/wp\/v2\/media\/6645"}],"wp:attachment":[{"href":"https:\/\/www.acteurs-du-nord-isere.fr\/story\/wp-json\/wp\/v2\/media?parent=6642"}],"wp:term":[{"taxonomy":"category","embeddable":true,"href":"https:\/\/www.acteurs-du-nord-isere.fr\/story\/wp-json\/wp\/v2\/categories?post=6642"},{"taxonomy":"post_tag","embeddable":true,"href":"https:\/\/www.acteurs-du-nord-isere.fr\/story\/wp-json\/wp\/v2\/tags?post=6642"},{"taxonomy":"categoriescommunes","embeddable":true,"href":"https:\/\/www.acteurs-du-nord-isere.fr\/story\/wp-json\/wp\/v2\/categoriescommunes?post=6642"}],"curies":[{"name":"wp","href":"https:\/\/api.w.org\/{rel}","templated":true}]}}