{"id":6739,"date":"2023-09-12T09:30:42","date_gmt":"2023-09-12T07:30:42","guid":{"rendered":"https:\/\/www.acteurs-du-nord-isere.fr\/story\/?p=6739"},"modified":"2023-09-12T09:32:27","modified_gmt":"2023-09-12T07:32:27","slug":"verpibiere-10eme-salon-interregional-des-artisans-brasseurs-graines-de-houblon","status":"publish","type":"post","link":"https:\/\/www.acteurs-du-nord-isere.fr\/story\/verpibiere-10eme-salon-interregional-des-artisans-brasseurs-graines-de-houblon\/","title":{"rendered":"VerpiBi\u00e8re 2023 &#8211; 10\u00e8me Salon Interr\u00e9gional des Artisans Brasseurs organis\u00e9 par Graines de Houblon"},"content":{"rendered":"\n<p><strong>Le VerpiBi\u00e8re 2023<\/strong>, le 10\u00e8me Salon Interr\u00e9gional des Artisans Brasseurs, s&rsquo;appr\u00eate \u00e0 ouvrir ses portes pour trois jours de c\u00e9l\u00e9bration de la bi\u00e8re artisanale. Organis\u00e9 avec passion par <strong>l&rsquo;association Graines de Houblon<\/strong>, cet \u00e9v\u00e9nement se tiendra <strong>du 22 au 24 septembre 2023 <\/strong>\u00e0 <a href=\"https:\/\/www.acteurs-du-nord-isere.fr\/commune\/la-verpilliere\/\" target=\"_blank\" rel=\"noopener\" title=\"\">La Verpilli\u00e8re<\/a>, en Nord-Is\u00e8re.<\/p>\n\n\n\n<p>Depuis sa premi\u00e8re \u00e9dition en 2014, le VerpiBi\u00e8re a su conqu\u00e9rir le c\u0153ur des amateurs de bi\u00e8re et des curieux de tous horizons. Cette ann\u00e9e marque une d\u00e9cennie de succ\u00e8s pour l&rsquo;\u00e9v\u00e9nement, avec <strong>plus de 59 brasseries<\/strong> ayant particip\u00e9 aux neuf \u00e9ditions pr\u00e9c\u00e9dentes. Il promet d&rsquo;\u00eatre une c\u00e9l\u00e9bration m\u00e9morable de la culture brassicole artisanale.<\/p>\n\n\n\n<figure class=\"wp-block-image size-full\"><img loading=\"lazy\" decoding=\"async\" width=\"960\" height=\"324\" src=\"https:\/\/www.acteurs-du-nord-isere.fr\/story\/wp-content\/uploads\/sites\/3\/2023\/09\/affiche-verpibiere-10-2023.jpg\" alt=\"Le VerpiBi\u00e8re\" class=\"wp-image-6750\" srcset=\"https:\/\/www.acteurs-du-nord-isere.fr\/story\/wp-content\/uploads\/sites\/3\/2023\/09\/affiche-verpibiere-10-2023.jpg 960w, https:\/\/www.acteurs-du-nord-isere.fr\/story\/wp-content\/uploads\/sites\/3\/2023\/09\/affiche-verpibiere-10-2023-300x101.jpg 300w, https:\/\/www.acteurs-du-nord-isere.fr\/story\/wp-content\/uploads\/sites\/3\/2023\/09\/affiche-verpibiere-10-2023-768x259.jpg 768w\" sizes=\"auto, (max-width: 960px) 100vw, 960px\" \/><\/figure>\n\n\n\n<h2 class=\"wp-block-heading\">Des Ateliers de D\u00e9gustation &amp; Animations autour de la bi\u00e8re<\/h2>\n\n\n\n<div class=\"wp-block-media-text is-stacked-on-mobile\" style=\"grid-template-columns:21% auto\"><figure class=\"wp-block-media-text__media\"><img loading=\"lazy\" decoding=\"async\" width=\"200\" height=\"200\" src=\"https:\/\/www.acteurs-du-nord-isere.fr\/story\/wp-content\/uploads\/sites\/3\/2023\/09\/AJbv.webp\" alt=\"\" class=\"wp-image-6742 size-full\" srcset=\"https:\/\/www.acteurs-du-nord-isere.fr\/story\/wp-content\/uploads\/sites\/3\/2023\/09\/AJbv.webp 200w, https:\/\/www.acteurs-du-nord-isere.fr\/story\/wp-content\/uploads\/sites\/3\/2023\/09\/AJbv-150x150.webp 150w, https:\/\/www.acteurs-du-nord-isere.fr\/story\/wp-content\/uploads\/sites\/3\/2023\/09\/AJbv-100x100.webp 100w, https:\/\/www.acteurs-du-nord-isere.fr\/story\/wp-content\/uploads\/sites\/3\/2023\/09\/AJbv-140x140.webp 140w\" sizes=\"auto, (max-width: 200px) 100vw, 200px\" \/><\/figure><div class=\"wp-block-media-text__content\">\n<p><strong>AJ Bierovoyageurs<\/strong>, un zythologue dipl\u00f4m\u00e9, vous propose de plonger dans le monde des accords bi\u00e8res\/fromages. Ces ateliers vous r\u00e9v\u00e9leront les secrets de l&rsquo;harmonie parfaite entre bi\u00e8re et fromage, une exp\u00e9rience gustative qui \u00e9veillera vos sens. <em>Les ateliers se d\u00e9roulent le samedi 23 septembre \u00e0 15h, 17h et 19h et le dimanche 24 \u00e0 12h, 15h et 17h.<\/em><\/p>\n<\/div><\/div>\n\n\n\n<div class=\"wp-block-media-text has-media-on-the-right is-stacked-on-mobile\" style=\"grid-template-columns:auto 27%\"><div class=\"wp-block-media-text__content\">\n<p>Retrouvez \u00e9galement le dimanche 24 septembre \u00e0 11h30, 14h et 16h : <strong>Wine Besty<\/strong>, une sommeli\u00e8re professionnelle, vous invite \u00e0 explorer l&rsquo;art de la d\u00e9gustation de bi\u00e8re de mani\u00e8re intuitive. Les ateliers interactifs et ludiques vous emm\u00e8neront dans un voyage sensoriel pour d\u00e9couvrir les subtilit\u00e9s des diff\u00e9rentes vari\u00e9t\u00e9s de bi\u00e8re. Une occasion parfaite pour \u00e9largir vos connaissances et impressionner vos amis lors de futures d\u00e9gustations.<\/p>\n<\/div><figure class=\"wp-block-media-text__media\"><img loading=\"lazy\" decoding=\"async\" width=\"200\" height=\"200\" src=\"https:\/\/www.acteurs-du-nord-isere.fr\/story\/wp-content\/uploads\/sites\/3\/2023\/09\/logo-wb.webp\" alt=\"\" class=\"wp-image-6743 size-full\" srcset=\"https:\/\/www.acteurs-du-nord-isere.fr\/story\/wp-content\/uploads\/sites\/3\/2023\/09\/logo-wb.webp 200w, https:\/\/www.acteurs-du-nord-isere.fr\/story\/wp-content\/uploads\/sites\/3\/2023\/09\/logo-wb-150x150.webp 150w, https:\/\/www.acteurs-du-nord-isere.fr\/story\/wp-content\/uploads\/sites\/3\/2023\/09\/logo-wb-100x100.webp 100w, https:\/\/www.acteurs-du-nord-isere.fr\/story\/wp-content\/uploads\/sites\/3\/2023\/09\/logo-wb-140x140.webp 140w\" sizes=\"auto, (max-width: 200px) 100vw, 200px\" \/><\/figure><\/div>\n\n\n\n<p>Il est recommand\u00e9 de r\u00e9server \u00e0 l&rsquo;avance pour ces ateliers, et en utilisant la billetterie en ligne (<em>attention, les places sont limit\u00e9es).<\/em><\/p>\n\n\n\n<p>En plus des ateliers de d\u00e9gustation, le VerpiBi\u00e8re X offre<strong> une multitude d&rsquo;autres animations<\/strong> pour divertir les visiteurs tout au long de l&rsquo;\u00e9v\u00e9nement.<\/p>\n\n\n\n<p>Pour les amateurs de douceurs, ne manquez pas les d\u00e9gustations de sorbets \u00e0 la bi\u00e8re concoct\u00e9s par <strong>Michel Viollet<\/strong>, MOF P\u00e2tissier Chocolatier, en collaboration avec <strong>Jean-Jacques Berruyer <\/strong>de Cr\u00e9ation Gourmande. Ces cr\u00e9ations originales sp\u00e9cialement con\u00e7ues pour le salon raviront vos papilles.<\/p>\n\n\n\n<p>Les passionn\u00e9s de collections li\u00e9es \u00e0 la bi\u00e8re seront combl\u00e9s par les expositions du<strong> Lyon Cervoise Club<\/strong>. Des collections vari\u00e9es, allant <strong>des capsules aux objets li\u00e9s \u00e0 la bi\u00e8re<\/strong>, seront expos\u00e9es pour \u00e9merveiller les curieux. De quoi faire le bonheur de tous les capsulophiles, t\u00e9gestophiles, cervalob\u00e9lophiles, canettophils, tappabotuphiles, cervacapsulophiles et autres curieux. <\/p>\n\n\n\n<p>Pour ceux qui aiment les jeux, l&rsquo;association <strong>Graines de Houblon<\/strong> propose une s\u00e9rie d&rsquo;activit\u00e9s ludiques pendant toute la dur\u00e9e de l&rsquo;\u00e9v\u00e9nement. <strong>Beer Quiz, Beer Pong, Fl\u00e9chettes,<\/strong> et bien d&rsquo;autres jeux seront disponibles, avec des prix \u00e0 gagner pour les participants.<\/p>\n\n\n\n<p>Le VerpiBi\u00e8re X promet ainsi une exp\u00e9rience riche et diversifi\u00e9e pour tous les passionn\u00e9s de bi\u00e8re et les curieux de d\u00e9couvrir de nouvelles saveurs et activit\u00e9s. <a href=\"https:\/\/verpibiere.wixsite.com\/2023\/animations\" target=\"_blank\" rel=\"noopener\" title=\"\">Voir le programme des animations<\/a><\/p>\n\n\n\n<div class=\"wp-block-buttons is-layout-flex wp-block-buttons-is-layout-flex\"><\/div>\n\n\n\n<h2 class=\"wp-block-heading\">Les Concerts durant le Salon Interr\u00e9gional des Artisans Brasseurs <\/h2>\n\n\n\n<p>Outre les d\u00e9gustations et les ateliers, le VerpiBi\u00e8re 2023 propose \u00e9galement <strong>une programmation musicale<\/strong> exceptionnelle avec deux groupes talentueux.<\/p>\n\n\n\n<div class=\"wp-block-columns is-layout-flex wp-container-core-columns-is-layout-9d6595d7 wp-block-columns-is-layout-flex\">\n<div class=\"wp-block-column is-layout-flow wp-block-column-is-layout-flow\">\n<figure class=\"wp-block-image size-full\"><img loading=\"lazy\" decoding=\"async\" width=\"200\" height=\"200\" src=\"https:\/\/www.acteurs-du-nord-isere.fr\/story\/wp-content\/uploads\/sites\/3\/2023\/09\/barbus.webp\" alt=\"\" class=\"wp-image-6746\" srcset=\"https:\/\/www.acteurs-du-nord-isere.fr\/story\/wp-content\/uploads\/sites\/3\/2023\/09\/barbus.webp 200w, https:\/\/www.acteurs-du-nord-isere.fr\/story\/wp-content\/uploads\/sites\/3\/2023\/09\/barbus-150x150.webp 150w, https:\/\/www.acteurs-du-nord-isere.fr\/story\/wp-content\/uploads\/sites\/3\/2023\/09\/barbus-100x100.webp 100w, https:\/\/www.acteurs-du-nord-isere.fr\/story\/wp-content\/uploads\/sites\/3\/2023\/09\/barbus-140x140.webp 140w\" sizes=\"auto, (max-width: 200px) 100vw, 200px\" \/><\/figure>\n\n\n\n<p><strong>Le vendredi 22 septembre<\/strong> \u00e0 partir de 20 heures,<strong> les Barbus,<\/strong> un groupe de rock <a href=\"https:\/\/www.acteurs-du-nord-isere.fr\/commune\/bourgoin-jallieu\/\" target=\"_blank\" rel=\"noopener\" title=\"\">berjallien<\/a>, enflammera la sc\u00e8ne de l&rsquo;\u00e9v\u00e9nement. Cette soir\u00e9e promet d&rsquo;\u00eatre endiabl\u00e9e et \u00e9nergique, une v\u00e9ritable occasion de se d\u00e9hancher en savourant des bi\u00e8res artisanales propos\u00e9es \u00e0 la buvette. Les Barbus sauront cr\u00e9er une ambiance \u00e9lectrique \u00e0 r\u00e9server dans vos agendas.<\/p>\n<\/div>\n\n\n\n<div class=\"wp-block-column is-layout-flow wp-block-column-is-layout-flow\">\n<figure class=\"wp-block-image size-full\"><img loading=\"lazy\" decoding=\"async\" width=\"200\" height=\"200\" src=\"https:\/\/www.acteurs-du-nord-isere.fr\/story\/wp-content\/uploads\/sites\/3\/2023\/09\/jakdaniel.webp\" alt=\"\" class=\"wp-image-6747\" srcset=\"https:\/\/www.acteurs-du-nord-isere.fr\/story\/wp-content\/uploads\/sites\/3\/2023\/09\/jakdaniel.webp 200w, https:\/\/www.acteurs-du-nord-isere.fr\/story\/wp-content\/uploads\/sites\/3\/2023\/09\/jakdaniel-150x150.webp 150w, https:\/\/www.acteurs-du-nord-isere.fr\/story\/wp-content\/uploads\/sites\/3\/2023\/09\/jakdaniel-100x100.webp 100w, https:\/\/www.acteurs-du-nord-isere.fr\/story\/wp-content\/uploads\/sites\/3\/2023\/09\/jakdaniel-140x140.webp 140w\" sizes=\"auto, (max-width: 200px) 100vw, 200px\" \/><\/figure>\n\n\n\n<p><strong>Le samedi 23 septembre <\/strong>\u00e0 partir de 17 heures et le dimanche 24 septembre \u00e0 partir de 15 heures, <strong>Jack Daniel <\/strong>entrera en sc\u00e8ne pour enchanter les amateurs de musique pop\/vari\u00e9t\u00e9. Que vous soyez un fan de musique assidu ou que vous d\u00e9couvriez Jack Daniel pour la premi\u00e8re fois, son talent d&rsquo;ambianceur vous s\u00e9duira \u00e0 coup s\u00fbr. Ces concerts sont une occasion parfaite pour profiter de la musique tout en explorant les saveurs de la bi\u00e8re artisanale.<\/p>\n<\/div>\n<\/div>\n\n\n\n<h2 class=\"wp-block-heading\">Le VerpiBi\u00e8re par l&rsquo;Association Graines de Houblon<\/h2>\n\n\n\n<div class=\"wp-block-media-text is-stacked-on-mobile is-image-fill\" style=\"grid-template-columns:37% auto\"><figure class=\"wp-block-media-text__media\" style=\"background-image:url(https:\/\/www.acteurs-du-nord-isere.fr\/story\/wp-content\/uploads\/sites\/3\/2023\/09\/grainesdehoublon-logo.jpg);background-position:50% 50%\"><img loading=\"lazy\" decoding=\"async\" width=\"480\" height=\"480\" src=\"https:\/\/www.acteurs-du-nord-isere.fr\/story\/wp-content\/uploads\/sites\/3\/2023\/09\/grainesdehoublon-logo.jpg\" alt=\"Logo Le VerpiBi\u00e8re\" class=\"wp-image-6749 size-full\" srcset=\"https:\/\/www.acteurs-du-nord-isere.fr\/story\/wp-content\/uploads\/sites\/3\/2023\/09\/grainesdehoublon-logo.jpg 480w, https:\/\/www.acteurs-du-nord-isere.fr\/story\/wp-content\/uploads\/sites\/3\/2023\/09\/grainesdehoublon-logo-300x300.jpg 300w, https:\/\/www.acteurs-du-nord-isere.fr\/story\/wp-content\/uploads\/sites\/3\/2023\/09\/grainesdehoublon-logo-150x150.jpg 150w, https:\/\/www.acteurs-du-nord-isere.fr\/story\/wp-content\/uploads\/sites\/3\/2023\/09\/grainesdehoublon-logo-100x100.jpg 100w, https:\/\/www.acteurs-du-nord-isere.fr\/story\/wp-content\/uploads\/sites\/3\/2023\/09\/grainesdehoublon-logo-140x140.jpg 140w, https:\/\/www.acteurs-du-nord-isere.fr\/story\/wp-content\/uploads\/sites\/3\/2023\/09\/grainesdehoublon-logo-350x350.jpg 350w\" sizes=\"auto, (max-width: 480px) 100vw, 480px\" \/><\/figure><div class=\"wp-block-media-text__content\">\n<p>L&rsquo;Association Graines de Houblon, cr\u00e9\u00e9e en avril 2014 par un groupe de Vulpilliens passionn\u00e9s et engag\u00e9s, a jou\u00e9 un r\u00f4le essentiel dans <strong>la promotion de la bi\u00e8re artisanale en Nord-Is\u00e8re<\/strong>. En tant qu&rsquo;association Loi 1901, elle a lanc\u00e9 <strong>son premier Salon Interr\u00e9gional des Artisans Brasseurs en 2014<\/strong>, qui a connu un succ\u00e8s retentissant et est depuis devenu un \u00e9v\u00e9nement annuel incontournable.<\/p>\n\n\n\n<p>En plus du salon, Graines de Houblon organise r\u00e9guli\u00e8rement <strong>des Ateliers de Zythologie <\/strong>pour initier les participants \u00e0 l&rsquo;art de la d\u00e9gustation de bi\u00e8re et aux secrets de sa fabrication. Ces ateliers sont une opportunit\u00e9 unique d&rsquo;en apprendre davantage sur la bi\u00e8re artisanale et d&rsquo;explorer son univers fascinant.<\/p>\n<\/div><\/div>\n\n\n\n<p>Si vous souhaitez en savoir plus sur les activit\u00e9s de l&rsquo;association ou participer \u00e0 l&rsquo;un de leurs \u00e9v\u00e9nements, vous pouvez visiter leur page Facebook : <a href=\"https:\/\/www.facebook.com\/grainesdehoublon\" target=\"_blank\" rel=\"noopener\" title=\"\">Graines de Houblon<\/a><\/p>\n\n\n\n<iframe loading=\"lazy\" width=\"560\" height=\"315\" src=\"https:\/\/www.youtube.com\/embed\/_rniZzczZn0?si=10PtAtNvIFA24GkF\" title=\"YouTube video player\" frameborder=\"0\" allow=\"accelerometer; autoplay; clipboard-write; encrypted-media; gyroscope; picture-in-picture; web-share\" allowfullscreen><\/iframe>\n\n\n\n<div style=\"height:60px\" aria-hidden=\"true\" class=\"wp-block-spacer\"><\/div>\n\n\n\n<p>Le VerpiBi\u00e8re 2023 promet d&rsquo;\u00eatre un \u00e9v\u00e9nement \u00e0 ne pas manquer pour tous<strong> les amateurs de bi\u00e8res artisanale<\/strong>s et les curieux d\u00e9sireux de d\u00e9couvrir les diff\u00e9rentes brasseries de la r\u00e9gion. Avec sa programmation vari\u00e9e d&rsquo;ateliers de d\u00e9gustation, d&rsquo;animations originales, de concerts enivrants et l&rsquo;engagement de l&rsquo;Association Graines de Houblon, cette 10\u00e8me \u00e9dition vous offrira une exp\u00e9rience riche en d\u00e9couverte. R\u00e9servez vos places d\u00e8s maintenant et pr\u00e9parez-vous \u00e0 vivre une exp\u00e9rience m\u00e9morable \u00e0 La Verpilli\u00e8re du 22 au 24 septembre 2023.<\/p>\n\n\n\n<p>Naturellement on n&rsquo;oublie pas de rappeler que \u00ab L&rsquo;abus d&rsquo;alcool est dangereux pour la sant\u00e9, \u00e0 consommer avec mod\u00e9ration \u00bb <\/p>\n\n\n\n<p><\/p>\n\n\n\n<div class=\"wp-block-buttons is-layout-flex wp-block-buttons-is-layout-flex\">\n<div class=\"wp-block-button\"><a class=\"wp-block-button__link wp-element-button\" href=\"https:\/\/verpibiere.wixsite.com\/2023\/billeterie\" target=\"_blank\" rel=\"noreferrer noopener\">Voir la billetterie<\/a><\/div>\n\n\n\n<div class=\"wp-block-button\"><a class=\"wp-block-button__link wp-element-button\" href=\"https:\/\/verpibiere.wixsite.com\/2023\/\" target=\"_blank\" rel=\"noreferrer noopener\">Voir le site VerpiBi\u00e8re<\/a><\/div>\n<\/div>\n","protected":false},"excerpt":{"rendered":"<p>Le VerpiBi\u00e8re 2023, le 10\u00e8me Salon Interr\u00e9gional des Artisans Brasseurs, s&rsquo;appr\u00eate \u00e0 ouvrir ses portes pour trois jours de c\u00e9l\u00e9bration de la bi\u00e8re artisanale.<\/p>\n","protected":false},"author":1,"featured_media":6753,"comment_status":"closed","ping_status":"closed","sticky":false,"template":"","format":"standard","meta":{"_acf_changed":false,"footnotes":""},"categories":[7,8],"tags":[341,338,339,315,340],"categoriescommunes":[76],"class_list":{"0":"post-6739","1":"post","2":"type-post","3":"status-publish","4":"format-standard","5":"has-post-thumbnail","7":"category-evenements","8":"category-monde-associatif","9":"tag-artisans-brasseurs","10":"tag-bieres","11":"tag-brasseries","12":"tag-concerts","13":"tag-salon","14":"categoriescommunes-la-verpilliere"},"acf":[],"aioseo_notices":[],"_links":{"self":[{"href":"https:\/\/www.acteurs-du-nord-isere.fr\/story\/wp-json\/wp\/v2\/posts\/6739","targetHints":{"allow":["GET"]}}],"collection":[{"href":"https:\/\/www.acteurs-du-nord-isere.fr\/story\/wp-json\/wp\/v2\/posts"}],"about":[{"href":"https:\/\/www.acteurs-du-nord-isere.fr\/story\/wp-json\/wp\/v2\/types\/post"}],"author":[{"embeddable":true,"href":"https:\/\/www.acteurs-du-nord-isere.fr\/story\/wp-json\/wp\/v2\/users\/1"}],"replies":[{"embeddable":true,"href":"https:\/\/www.acteurs-du-nord-isere.fr\/story\/wp-json\/wp\/v2\/comments?post=6739"}],"version-history":[{"count":9,"href":"https:\/\/www.acteurs-du-nord-isere.fr\/story\/wp-json\/wp\/v2\/posts\/6739\/revisions"}],"predecessor-version":[{"id":6757,"href":"https:\/\/www.acteurs-du-nord-isere.fr\/story\/wp-json\/wp\/v2\/posts\/6739\/revisions\/6757"}],"wp:featuredmedia":[{"embeddable":true,"href":"https:\/\/www.acteurs-du-nord-isere.fr\/story\/wp-json\/wp\/v2\/media\/6753"}],"wp:attachment":[{"href":"https:\/\/www.acteurs-du-nord-isere.fr\/story\/wp-json\/wp\/v2\/media?parent=6739"}],"wp:term":[{"taxonomy":"category","embeddable":true,"href":"https:\/\/www.acteurs-du-nord-isere.fr\/story\/wp-json\/wp\/v2\/categories?post=6739"},{"taxonomy":"post_tag","embeddable":true,"href":"https:\/\/www.acteurs-du-nord-isere.fr\/story\/wp-json\/wp\/v2\/tags?post=6739"},{"taxonomy":"categoriescommunes","embeddable":true,"href":"https:\/\/www.acteurs-du-nord-isere.fr\/story\/wp-json\/wp\/v2\/categoriescommunes?post=6739"}],"curies":[{"name":"wp","href":"https:\/\/api.w.org\/{rel}","templated":true}]}}