{"id":6759,"date":"2023-09-19T23:07:33","date_gmt":"2023-09-19T21:07:33","guid":{"rendered":"https:\/\/www.acteurs-du-nord-isere.fr\/story\/?p=6759"},"modified":"2023-09-19T23:48:57","modified_gmt":"2023-09-19T21:48:57","slug":"eco-construction-et-permaculture-festival-autour-du-pise-2023-4e-edition","status":"publish","type":"post","link":"https:\/\/www.acteurs-du-nord-isere.fr\/story\/eco-construction-et-permaculture-festival-autour-du-pise-2023-4e-edition\/","title":{"rendered":"\u00c9co-construction et Permaculture : Festival Autour du Pis\u00e9 2023 &#8211; 4e \u00e9dition"},"content":{"rendered":"\n<p><strong>Le Festival autour du pis\u00e9 2023<\/strong>, dans sa 4\u00e8me \u00e9dition, se profile comme un weekend \u00e0 ne pas manquer pour les personnes int\u00e9ress\u00e9es par le pis\u00e9, la terre crue et la permaculture. Pr\u00e9vu <strong>les 23 et 24 septembre 2023<\/strong>, cet \u00e9v\u00e9nement se d\u00e9roulera <strong>au Jardin Partag\u00e9<\/strong>, \u00e0 La B\u00e2tie Divisin <a href=\"https:\/\/www.acteurs-du-nord-isere.fr\/commune\/les-abrets-en-dauphine\/\" title=\"\">Les Abrets En Dauphin\u00e9<\/a>, offrant ainsi un cadre id\u00e9al pour une exp\u00e9rience unique.<\/p>\n\n\n\n<div class=\"wp-block-media-text has-media-on-the-right is-stacked-on-mobile\"><div class=\"wp-block-media-text__content\">\n<h2 class=\"wp-block-heading\">\u00c9co-construction autour de la terre et du pis\u00e9<\/h2>\n\n\n\n<p>Au c\u0153ur de cet \u00e9v\u00e9nement, l&rsquo;exploration de la terre crue et de la terre nourrici\u00e8re est au rendez-vous. Le Festival autour du pis\u00e9 s&rsquo;articule autour des trois piliers fondamentaux de la permaculture : <strong>prendre soin de la terre<\/strong>, <strong>prendre soin des humains<\/strong>, et<strong> partager \u00e9quitablement<\/strong>. Il s&rsquo;agit d&rsquo;un appel \u00e0 la d\u00e9couverte, \u00e0 la transmission des savoirs, et \u00e0 la r\u00e9v\u00e9lation des richesses insoup\u00e7onn\u00e9es de ce mat\u00e9riau naturel, <strong>le pis\u00e9.<\/strong><\/p>\n\n\n\n<p>La terre crue et le pis\u00e9 seront au c\u0153ur des activit\u00e9s, avec notamment la construction en pis\u00e9 et BTC (<em>Briques en Terre Comprim\u00e9e<\/em>) anim\u00e9e par des experts tels qu&rsquo;<strong>Olivier Boudin<\/strong>, <strong>Vincent Robin<\/strong>, et <strong>Tom Leblais<\/strong>. Ce festival est une invitation \u00e0 explorer les multiples facettes de cette mati\u00e8re, qu&rsquo;il s&rsquo;agisse d&rsquo;<strong>ateliers, de conf\u00e9rences ou d&rsquo;activit\u00e9s participatives.<\/strong><\/p>\n<\/div><figure class=\"wp-block-media-text__media\"><a href=\"https:\/\/www.acteurs-du-nord-isere.fr\/story\/wp-content\/uploads\/sites\/3\/2023\/09\/flyer-recto-Autour-du-Pise-2023.gif\"><img loading=\"lazy\" decoding=\"async\" width=\"724\" height=\"1024\" src=\"https:\/\/www.acteurs-du-nord-isere.fr\/story\/wp-content\/uploads\/sites\/3\/2023\/09\/flyer-recto-Autour-du-Pise-2023-724x1024.gif\" alt=\"Le Festival autour du pis\u00e9\" class=\"wp-image-6761 size-full\" srcset=\"https:\/\/www.acteurs-du-nord-isere.fr\/story\/wp-content\/uploads\/sites\/3\/2023\/09\/flyer-recto-Autour-du-Pise-2023-724x1024.gif 724w, https:\/\/www.acteurs-du-nord-isere.fr\/story\/wp-content\/uploads\/sites\/3\/2023\/09\/flyer-recto-Autour-du-Pise-2023-212x300.gif 212w, https:\/\/www.acteurs-du-nord-isere.fr\/story\/wp-content\/uploads\/sites\/3\/2023\/09\/flyer-recto-Autour-du-Pise-2023-768x1086.gif 768w, https:\/\/www.acteurs-du-nord-isere.fr\/story\/wp-content\/uploads\/sites\/3\/2023\/09\/flyer-recto-Autour-du-Pise-2023-1086x1536.gif 1086w\" sizes=\"auto, (max-width: 724px) 100vw, 724px\" \/><\/a><\/figure><\/div>\n\n\n\n<div class=\"wp-block-media-text is-stacked-on-mobile\" style=\"grid-template-columns:42% auto\"><figure class=\"wp-block-media-text__media\"><img loading=\"lazy\" decoding=\"async\" width=\"722\" height=\"1024\" src=\"https:\/\/www.acteurs-du-nord-isere.fr\/story\/wp-content\/uploads\/sites\/3\/2023\/09\/flyer-verso-Autour-du-Pise-2023-722x1024.jpg\" alt=\"Le Festival autour du pis\u00e9\" class=\"wp-image-6764 size-full\" srcset=\"https:\/\/www.acteurs-du-nord-isere.fr\/story\/wp-content\/uploads\/sites\/3\/2023\/09\/flyer-verso-Autour-du-Pise-2023-722x1024.jpg 722w, https:\/\/www.acteurs-du-nord-isere.fr\/story\/wp-content\/uploads\/sites\/3\/2023\/09\/flyer-verso-Autour-du-Pise-2023-211x300.jpg 211w, https:\/\/www.acteurs-du-nord-isere.fr\/story\/wp-content\/uploads\/sites\/3\/2023\/09\/flyer-verso-Autour-du-Pise-2023-768x1089.jpg 768w, https:\/\/www.acteurs-du-nord-isere.fr\/story\/wp-content\/uploads\/sites\/3\/2023\/09\/flyer-verso-Autour-du-Pise-2023-1083x1536.jpg 1083w, https:\/\/www.acteurs-du-nord-isere.fr\/story\/wp-content\/uploads\/sites\/3\/2023\/09\/flyer-verso-Autour-du-Pise-2023.jpg 1240w\" sizes=\"auto, (max-width: 722px) 100vw, 722px\" \/><\/figure><div class=\"wp-block-media-text__content\">\n<h2 class=\"wp-block-heading\">Des stands et activit\u00e9s vari\u00e9s autour du pis\u00e9<\/h2>\n\n\n\n<p>Le temps d&rsquo;un weekend le festival autour du pis\u00e9 offre \u00e9galement une occasion unique de d\u00e9couvrir des stands et des exposants engag\u00e9s dans la pr\u00e9servation de la terre et de l&rsquo;environnement. Parmi les stands pr\u00e9sents, vous pourrez en apprendre plus sur <strong>l&rsquo;auto-construction<\/strong> avec<strong> Les Castors<\/strong>, explorer <strong>les mat\u00e9riaux naturels<\/strong> avec <strong>Marie Nature<\/strong>, et d\u00e9couvrir<strong> le Solar Cycle<\/strong> avec <strong>Sylvain Durand-Terrasson<\/strong>.<\/p>\n\n\n\n<p><strong>Le comptoir du soleil,<\/strong> anim\u00e9 par <strong>Laure &amp; Thierry<\/strong>, vous proposera des solutions pour une \u00e9nergie plus propre et plus durable. Vous pourrez \u00e9galement vous renseigner sur <strong>la construction de fours \u00e0 pain en terre crue<\/strong> avec <strong>Baptiste<\/strong>.<\/p>\n<\/div><\/div>\n\n\n\n<p>Ne manquez pas non plus les projets des \u00e9coles des Abrets en Dauphin\u00e9, qui pr\u00e9senteront leurs initiatives li\u00e9es \u00e0 la terre et \u00e0 la nature. La librairie du festival vous permettra de d\u00e9nicher des ouvrages inspirants pour approfondir vos connaissances sur le sujet.<\/p>\n\n\n\n<p>Ces stands constituent une opportunit\u00e9 id\u00e9ale pour \u00e9largir votre compr\u00e9hension de la terre crue et de ses applications dans notre vie quotidienne.<\/p>\n\n\n\n<h2 class=\"wp-block-heading\">Les Petits Plus du festival autour du pis\u00e9<\/h2>\n\n\n\n<p>Le Festival autour du pis\u00e9 ne se limite pas seulement \u00e0 des activit\u00e9s et des ateliers, il propose \u00e9galement une s\u00e9rie d&rsquo;exp\u00e9riences uniques. Tout d&rsquo;abord, une visite de l&rsquo;\u00e9glise de La B\u00e2tie Divisin sera organis\u00e9e de 14h \u00e0 17h, offrant un regard sur <strong>le patrimoine local.<\/strong><\/p>\n\n\n\n<p>En soir\u00e9e, \u00e0 partir de 21h, le festival prendra une ambiance festive avec <strong>un bal folk <\/strong>anim\u00e9 par le groupe \u00ab\u00a0<strong>LE TUTTI<\/strong>\u00a0\u00bb de l&rsquo;association l&rsquo;Amtrad. Vous pourrez \u00e9galement vous procurer du pain cuit au feu de bois (<em>n&rsquo;oubliez pas vos sachets !<\/em>) pour ramener une touche de tradition chez vous.<\/p>\n\n\n\n<div class=\"wp-block-media-text is-stacked-on-mobile is-image-fill\" style=\"grid-template-columns:45% auto\"><figure class=\"wp-block-media-text__media\" style=\"background-image:url(https:\/\/www.acteurs-du-nord-isere.fr\/story\/wp-content\/uploads\/sites\/3\/2023\/09\/Saint_Albin_de_Vaulserre_-_Grange_en_pise.jpg);background-position:50% 50%\"><img loading=\"lazy\" decoding=\"async\" width=\"640\" height=\"480\" src=\"https:\/\/www.acteurs-du-nord-isere.fr\/story\/wp-content\/uploads\/sites\/3\/2023\/09\/Saint_Albin_de_Vaulserre_-_Grange_en_pise.jpg\" alt=\"Le Festival autour du pis\u00e9\" class=\"wp-image-6766 size-full\" srcset=\"https:\/\/www.acteurs-du-nord-isere.fr\/story\/wp-content\/uploads\/sites\/3\/2023\/09\/Saint_Albin_de_Vaulserre_-_Grange_en_pise.jpg 640w, https:\/\/www.acteurs-du-nord-isere.fr\/story\/wp-content\/uploads\/sites\/3\/2023\/09\/Saint_Albin_de_Vaulserre_-_Grange_en_pise-300x225.jpg 300w\" sizes=\"auto, (max-width: 640px) 100vw, 640px\" \/><\/figure><div class=\"wp-block-media-text__content\">\n<h2 class=\"wp-block-heading\">Le Nord-Is\u00e8re territoire au coeur du pis\u00e9 <\/h2>\n\n\n\n<p>La construction en pis\u00e9, a une longue histoire ancr\u00e9e dans le territoire du Nord-Is\u00e8re. Ce mat\u00e9riau, \u00e9galement connu sous le nom de \u00ab\u00a0<strong>bauge<\/strong>\u00a0\u00bb ou \u00ab\u00a0<strong>terre crue<\/strong>\u00ab\u00a0, a \u00e9t\u00e9 utilis\u00e9 pendant des si\u00e8cles pour \u00e9difier des b\u00e2timents solides, r\u00e9sistants aux intemp\u00e9ries et \u00e9cologiquement responsables que l&rsquo;on peut voir sur l&rsquo;ensemble des communes qui composent le territoire. <\/p>\n\n\n\n<p>Dans le Nord-Is\u00e8re, le pis\u00e9 a vu un renouveau ces derni\u00e8res ann\u00e9es, en tant que solution de construction respectueuse de l&rsquo;environnement. Les artisans et les experts locaux red\u00e9couvrent les avantages de ce mat\u00e9riau traditionnel, qui s&rsquo;inscrit parfaitement dans l&rsquo;\u00e8re de la construction durable. Les b\u00e2timents en pis\u00e9 sont de plus en plus pris\u00e9s pour leurs qualit\u00e9s esth\u00e9tiques et \u00e9cologiques.<\/p>\n<\/div><\/div>\n\n\n\n<p>C&rsquo;est pour toutes ces raisons que nous vous invitons chaleureusement \u00e0 participer \u00e0 ce festival, \u00e0 explorer la terre crue sous toutes ses formes, \u00e0 rencontrer des experts passionn\u00e9s et \u00e0 partager vos id\u00e9es pour un avenir plus durable. Rendez-vous<strong> les 23 et 24 septembre 2023 au Jardin Partag\u00e9,<\/strong> \u00e0 La B\u00e2tie Divisin Les Abrets En Dauphin\u00e9, pour vivre cette aventure exceptionnelle.<\/p>\n\n\n\n<p>Nous esp\u00e9rons que cet article vous a donn\u00e9 un aper\u00e7u de ce qui vous attend au Festival autour du pis\u00e9. N&rsquo;h\u00e9sitez pas \u00e0 partager l&rsquo;\u00e9v\u00e9nement autour de vous. <\/p>\n\n\n\n<p>D\u00e9couvrez la page de l&rsquo;\u00e9v\u00e9nement sur Facebook : <a href=\"https:\/\/www.facebook.com\/events\/7032778696782739\" target=\"_blank\" rel=\"noopener\" title=\"\">https:\/\/www.facebook.com\/events\/7032778696782739<\/a><\/p>\n","protected":false},"excerpt":{"rendered":"<p>Le Festival autour du pis\u00e9 promet une exp\u00e9rience inoubliable pour tous ceux qui s&rsquo;int\u00e9ressent \u00e0 la terre crue, \u00e0 la permaculture et \u00e0 notre environnement. <\/p>\n","protected":false},"author":1,"featured_media":6766,"comment_status":"closed","ping_status":"closed","sticky":false,"template":"","format":"standard","meta":{"_acf_changed":false,"footnotes":""},"categories":[7,8],"tags":[344,345,326,343,342],"categoriescommunes":[258],"class_list":{"0":"post-6759","1":"post","2":"type-post","3":"status-publish","4":"format-standard","5":"has-post-thumbnail","7":"category-evenements","8":"category-monde-associatif","9":"tag-construction","10":"tag-environnement","11":"tag-festival","12":"tag-permaculture","13":"tag-pise","14":"categoriescommunes-les-abrets-en-dauphine"},"acf":[],"aioseo_notices":[],"_links":{"self":[{"href":"https:\/\/www.acteurs-du-nord-isere.fr\/story\/wp-json\/wp\/v2\/posts\/6759","targetHints":{"allow":["GET"]}}],"collection":[{"href":"https:\/\/www.acteurs-du-nord-isere.fr\/story\/wp-json\/wp\/v2\/posts"}],"about":[{"href":"https:\/\/www.acteurs-du-nord-isere.fr\/story\/wp-json\/wp\/v2\/types\/post"}],"author":[{"embeddable":true,"href":"https:\/\/www.acteurs-du-nord-isere.fr\/story\/wp-json\/wp\/v2\/users\/1"}],"replies":[{"embeddable":true,"href":"https:\/\/www.acteurs-du-nord-isere.fr\/story\/wp-json\/wp\/v2\/comments?post=6759"}],"version-history":[{"count":5,"href":"https:\/\/www.acteurs-du-nord-isere.fr\/story\/wp-json\/wp\/v2\/posts\/6759\/revisions"}],"predecessor-version":[{"id":6767,"href":"https:\/\/www.acteurs-du-nord-isere.fr\/story\/wp-json\/wp\/v2\/posts\/6759\/revisions\/6767"}],"wp:featuredmedia":[{"embeddable":true,"href":"https:\/\/www.acteurs-du-nord-isere.fr\/story\/wp-json\/wp\/v2\/media\/6766"}],"wp:attachment":[{"href":"https:\/\/www.acteurs-du-nord-isere.fr\/story\/wp-json\/wp\/v2\/media?parent=6759"}],"wp:term":[{"taxonomy":"category","embeddable":true,"href":"https:\/\/www.acteurs-du-nord-isere.fr\/story\/wp-json\/wp\/v2\/categories?post=6759"},{"taxonomy":"post_tag","embeddable":true,"href":"https:\/\/www.acteurs-du-nord-isere.fr\/story\/wp-json\/wp\/v2\/tags?post=6759"},{"taxonomy":"categoriescommunes","embeddable":true,"href":"https:\/\/www.acteurs-du-nord-isere.fr\/story\/wp-json\/wp\/v2\/categoriescommunes?post=6759"}],"curies":[{"name":"wp","href":"https:\/\/api.w.org\/{rel}","templated":true}]}}