{"id":6789,"date":"2023-10-08T10:59:21","date_gmt":"2023-10-08T08:59:21","guid":{"rendered":"https:\/\/www.acteurs-du-nord-isere.fr\/story\/?p=6789"},"modified":"2023-10-09T11:40:08","modified_gmt":"2023-10-09T09:40:08","slug":"100-stages-de-3eme-a-pourvoir-le-4-novembre-avec-lassociation-jachete-bleu-blanc-rouge","status":"publish","type":"post","link":"https:\/\/www.acteurs-du-nord-isere.fr\/story\/100-stages-de-3eme-a-pourvoir-le-4-novembre-avec-lassociation-jachete-bleu-blanc-rouge\/","title":{"rendered":"100 stages de 3\u00e8me \u00e0 pourvoir le 4 novembre avec l&rsquo;association J&rsquo;ach\u00e8te Bleu Blanc Rouge"},"content":{"rendered":"\n<p>Le 4 novembre 2023, un \u00e9v\u00e9nement unique se pr\u00e9pare en Nord-Is\u00e8re, une journ\u00e9e qui ouvrira les portes du monde du travail \u00e0 nos jeunes talents en herbe. L&rsquo;association \u00ab\u00a0<strong>J&rsquo;ach\u00e8te Bleu Blanc Rouge<\/strong>\u00a0\u00bb vous convie \u00e0 son<strong> tout premier Forum Stage 3\u00e8me<\/strong>. Une opportunit\u00e9 sp\u00e9ciale pour d\u00e9couvrir les coulisses de diff\u00e9rents secteurs professionnels et faciliter la recherche de stage pour vos adolescents, une \u00e9tape importante dans leur scolarit\u00e9 et <strong>le choix de leur orientation professionnelle future.<\/strong><\/p>\n\n\n\n<div class=\"wp-block-media-text is-stacked-on-mobile\" style=\"grid-template-columns:32% auto\"><figure class=\"wp-block-media-text__media\"><a href=\"https:\/\/www.acteurs-du-nord-isere.fr\/story\/wp-content\/uploads\/sites\/3\/2023\/10\/affiche-forum-association-bbr.jpg\"><img loading=\"lazy\" decoding=\"async\" width=\"721\" height=\"1024\" src=\"https:\/\/www.acteurs-du-nord-isere.fr\/story\/wp-content\/uploads\/sites\/3\/2023\/10\/affiche-forum-association-bbr.jpg\" alt=\"\" class=\"wp-image-6797 size-full\" srcset=\"https:\/\/www.acteurs-du-nord-isere.fr\/story\/wp-content\/uploads\/sites\/3\/2023\/10\/affiche-forum-association-bbr.jpg 721w, https:\/\/www.acteurs-du-nord-isere.fr\/story\/wp-content\/uploads\/sites\/3\/2023\/10\/affiche-forum-association-bbr-211x300.jpg 211w\" sizes=\"auto, (max-width: 721px) 100vw, 721px\" \/><\/a><\/figure><div class=\"wp-block-media-text__content\">\n<h2 class=\"wp-block-heading\">100 stages de 3\u00e8me \u00e0 pourvoir le samedi 4 Novembre \u00e0 la Halle Grenette de Bourgoin Jallieu<\/h2>\n\n\n\n<p>Ce rendez-vous important aura lieu \u00e0 la Halle Grenette de Bourgoin Jallieu, de 9h \u00e0 15h. Cette journ\u00e9e promet d&rsquo;\u00eatre riche en opportunit\u00e9s, avec <strong>100 stages de 3\u00e8me \u00e0 pourvoir.<\/strong> Les domaines propos\u00e9s sont vari\u00e9s, allant de la <strong>communication<\/strong> \u00e0 <strong>l&rsquo;assurance<\/strong>, en passant par <strong>le commerce<\/strong> dans ses multiples sp\u00e9cialit\u00e9s : <strong>optique, bijouterie, chaussure, textile, coiffure, d\u00e9coration, sport, confiserie, boucherie<\/strong>, et bien d&rsquo;autres encore. Pour les \u00e9l\u00e8ves de troisi\u00e8me, c&rsquo;est une chance de plonger dans le monde du travail et d&rsquo;explorer diverses possibilit\u00e9s de carri\u00e8re.<\/p>\n\n\n\n<p><\/p>\n<\/div><\/div>\n\n\n\n<div class=\"wp-block-columns is-layout-flex wp-container-core-columns-is-layout-9d6595d7 wp-block-columns-is-layout-flex\">\n<div class=\"wp-block-column is-layout-flow wp-block-column-is-layout-flow\">\n<h2 class=\"wp-block-heading\">Cherry Rocher : Partenaire de cette journ\u00e9e Made In France<\/h2>\n<\/div>\n<\/div>\n\n\n\n<div class=\"wp-block-media-text has-media-on-the-right is-stacked-on-mobile\" style=\"grid-template-columns:auto 31%\"><div class=\"wp-block-media-text__content\">\n<p>L&rsquo;\u00e9v\u00e9nement est \u00e9galement honor\u00e9 par la participation de <a href=\"https:\/\/www.cherry-rocher.fr\/fr\/\" target=\"_blank\" rel=\"noopener\" title=\"\">Cherry Rocher<\/a>, une entreprise reconnue pour son engagement envers la qualit\u00e9 et l&rsquo;authenticit\u00e9 de ses produits. Leur pr\u00e9sence au forum offre aux jeunes stagiaires potentiels la possibilit\u00e9 d&rsquo;en apprendre davantage sur l&rsquo;industrie et les opportunit\u00e9s qui s&rsquo;offrent \u00e0 eux. Une entreprise qui fait partie de l&rsquo;histoire du Nord-Is\u00e8re, <strong>Cherry Rocher est une distillerie fond\u00e9e en 1705 \u00e0 La C\u00f4te-Saint-Andr\u00e9<\/strong><\/p>\n<\/div><figure class=\"wp-block-media-text__media\"><img loading=\"lazy\" decoding=\"async\" width=\"734\" height=\"240\" src=\"https:\/\/www.acteurs-du-nord-isere.fr\/story\/wp-content\/uploads\/sites\/3\/2023\/10\/LOGO-cherry-rocher-09-2016.jpg\" alt=\"\" class=\"wp-image-6794 size-full\" srcset=\"https:\/\/www.acteurs-du-nord-isere.fr\/story\/wp-content\/uploads\/sites\/3\/2023\/10\/LOGO-cherry-rocher-09-2016.jpg 734w, https:\/\/www.acteurs-du-nord-isere.fr\/story\/wp-content\/uploads\/sites\/3\/2023\/10\/LOGO-cherry-rocher-09-2016-300x98.jpg 300w\" sizes=\"auto, (max-width: 734px) 100vw, 734px\" \/><\/figure><\/div>\n\n\n\n<h2 class=\"wp-block-heading\">L&rsquo;association \u00ab\u00a0J&rsquo;ach\u00e8te Bleu Blanc Rouge\u00a0\u00bb<\/h2>\n\n\n\n<p>L&rsquo;association \u00ab\u00a0J&rsquo;ach\u00e8te Bleu Blanc Rouge\u00a0\u00bb <strong>est partenaire de la plateforme Acteurs du Nord-Is\u00e8re <\/strong>et a pour mission de sensibiliser les entreprises commerciales \u00e0 l&rsquo;origine et \u00e0 la fabrication des produits qu&rsquo;elles commercialisent. Elle vise \u00e9galement \u00e0 promouvoir et \u00e0 d\u00e9velopper le tissu \u00e9conomique artisanal et industriel en France, ainsi qu&rsquo;\u00e0 soutenir la cr\u00e9ation d&#8217;emplois sur le territoire fran\u00e7ais.<\/p>\n\n\n\n<div class=\"wp-block-media-text is-stacked-on-mobile\" style=\"grid-template-columns:36% auto\"><figure class=\"wp-block-media-text__media\"><a href=\"https:\/\/www.acteurs-du-nord-isere.fr\/associations\/association-pour-lemploi-et-la-proximite\/\"><img loading=\"lazy\" decoding=\"async\" width=\"559\" height=\"1024\" src=\"https:\/\/www.acteurs-du-nord-isere.fr\/story\/wp-content\/uploads\/sites\/3\/2023\/10\/bbr_Acteurs_du_Nord_Isere_Story-559x1024.jpg\" alt=\"\" class=\"wp-image-6795 size-full\" srcset=\"https:\/\/www.acteurs-du-nord-isere.fr\/story\/wp-content\/uploads\/sites\/3\/2023\/10\/bbr_Acteurs_du_Nord_Isere_Story-559x1024.jpg 559w, https:\/\/www.acteurs-du-nord-isere.fr\/story\/wp-content\/uploads\/sites\/3\/2023\/10\/bbr_Acteurs_du_Nord_Isere_Story-164x300.jpg 164w, https:\/\/www.acteurs-du-nord-isere.fr\/story\/wp-content\/uploads\/sites\/3\/2023\/10\/bbr_Acteurs_du_Nord_Isere_Story-768x1408.jpg 768w, https:\/\/www.acteurs-du-nord-isere.fr\/story\/wp-content\/uploads\/sites\/3\/2023\/10\/bbr_Acteurs_du_Nord_Isere_Story-838x1536.jpg 838w, https:\/\/www.acteurs-du-nord-isere.fr\/story\/wp-content\/uploads\/sites\/3\/2023\/10\/bbr_Acteurs_du_Nord_Isere_Story.jpg 1080w\" sizes=\"auto, (max-width: 559px) 100vw, 559px\" \/><\/a><\/figure><div class=\"wp-block-media-text__content\">\n<p><strong>C&rsquo;est une d\u00e9marche citoyenne qui s&rsquo;articule autour de plusieurs valeurs cl\u00e9s<\/strong>. Tout d&rsquo;abord, elle encourage l&rsquo;implication responsable des consommateurs dans leurs choix d&rsquo;achat. Elle incite \u00e9galement les professionnels du commerce et des services \u00e0 s&rsquo;engager sur des crit\u00e8res \u00e9thiques, tout en mettant en avant la qualit\u00e9 de leurs produits. Enfin, l&rsquo;association souligne l&rsquo;importance de l&#8217;emploi, non seulement comme un enjeu \u00e9conomique, mais aussi comme une priorit\u00e9 environnementale.<\/p>\n\n\n\n<p>Vous pouvez d\u00e9couvrir <strong>28 entreprises et commerces pr\u00e9sents sur le territoire du Nord-Is\u00e8re<\/strong> et r\u00e9f\u00e9renc\u00e9 sur notre plateforme en visitant la page de l&rsquo;association : <\/p>\n\n\n\n<div class=\"wp-block-buttons has-custom-font-size has-small-font-size is-layout-flex wp-block-buttons-is-layout-flex\">\n<div class=\"wp-block-button\"><a class=\"wp-block-button__link wp-element-button\" href=\"https:\/\/www.acteurs-du-nord-isere.fr\/associations\/association-pour-lemploi-et-la-proximite\/\">Voir la fiche J&rsquo;ach\u00e8te Bleu Blanc Rouge<\/a><\/div>\n<\/div>\n<\/div><\/div>\n\n\n\n<h2 class=\"wp-block-heading\">Comment participer et obtenir plus d&rsquo;informations sur le Forum Stage 3\u00e8me<\/h2>\n\n\n\n<p>Pour participer au Forum Stage 3\u00e8me et explorer ces opportunit\u00e9s, il vous suffit de vous rendre \u00e0 la Halle Grenette au c\u0153ur de la rue pi\u00e9tonne (<em>rue de la Libert\u00e9<\/em>) le samedi 4 Novembre. Pour de plus amples informations sur l&rsquo;\u00e9v\u00e9nement ou sur l&rsquo;association J&rsquo;ach\u00e8te Bleu Blanc Rouge n&rsquo;h\u00e9sitez pas \u00e0 les contacter en envoyant un e-mail \u00e0 l&rsquo;adresse suivante : <a href=\"mailto:jachetebleublancrouge@gmail.com\">jachetebleublancrouge@gmail.com<\/a><\/p>\n\n\n\n<h2 class=\"wp-block-heading\">Nous vous attendons au tout 1er Forum Stage de 3\u00e8me en Nord-Is\u00e8re<\/h2>\n\n\n\n<p>En tant que partenaire de l&rsquo;association J&rsquo;ach\u00e8te Bleu Blanc Rouge, Acteurs du Nord-Is\u00e8re sera pr\u00e9sent pour Le Forum Stage 3\u00e8me qui promet d&rsquo;\u00eatre une journ\u00e9e enrichissante, tant pour les jeunes \u00e0 la recherche d&rsquo;exp\u00e9riences professionnelles que pour les entreprises soucieuses de sensibiliser leur public \u00e0 l&rsquo;origine de leurs produits. En encourageant la responsabilit\u00e9 des consommateurs, l&rsquo;\u00e9thique professionnelle, et la cr\u00e9ation d&#8217;emplois locaux, cette initiative d\u00e9montre que le monde du travail peut \u00eatre \u00e0 la fois une opportunit\u00e9 pour les jeunes et un pilier du d\u00e9veloppement \u00e9conomique durable et local. <\/p>\n\n\n\n<p><em>N&rsquo;h\u00e9sitez pas \u00e0 partager cet article \u00e0 vos proches qui ont des enfants en 3\u00e8me.<\/em> <\/p>\n\n\n\n<p>Retrouvez les adh\u00e9rents de l&rsquo;association J&rsquo;ach\u00e8te Bleu Blanc Rouge ci-dessous : <\/p>\n\n\n\n<figure class=\"wp-block-image size-large\"><a href=\"https:\/\/www.acteurs-du-nord-isere.fr\/associations\/association-pour-lemploi-et-la-proximite\/\"><img loading=\"lazy\" decoding=\"async\" width=\"1024\" height=\"800\" src=\"https:\/\/www.acteurs-du-nord-isere.fr\/story\/wp-content\/uploads\/sites\/3\/2023\/10\/adherents-jachete-bleu-blanc-rouge-1024x800.jpg\" alt=\"\" class=\"wp-image-6813\" srcset=\"https:\/\/www.acteurs-du-nord-isere.fr\/story\/wp-content\/uploads\/sites\/3\/2023\/10\/adherents-jachete-bleu-blanc-rouge-1024x800.jpg 1024w, https:\/\/www.acteurs-du-nord-isere.fr\/story\/wp-content\/uploads\/sites\/3\/2023\/10\/adherents-jachete-bleu-blanc-rouge-300x234.jpg 300w, https:\/\/www.acteurs-du-nord-isere.fr\/story\/wp-content\/uploads\/sites\/3\/2023\/10\/adherents-jachete-bleu-blanc-rouge-768x600.jpg 768w, https:\/\/www.acteurs-du-nord-isere.fr\/story\/wp-content\/uploads\/sites\/3\/2023\/10\/adherents-jachete-bleu-blanc-rouge-1536x1200.jpg 1536w, https:\/\/www.acteurs-du-nord-isere.fr\/story\/wp-content\/uploads\/sites\/3\/2023\/10\/adherents-jachete-bleu-blanc-rouge.jpg 1920w\" sizes=\"auto, (max-width: 1024px) 100vw, 1024px\" \/><\/a><\/figure>\n","protected":false},"excerpt":{"rendered":"<p>Ce rendez-vous important aura lieu \u00e0 la Halle Grenette de Bourgoin Jallieu, de 9h \u00e0 15h. Cette journ\u00e9e promet d&rsquo;\u00eatre riche en opportunit\u00e9s, avec 100 stages de 3\u00e8me \u00e0 pourvoir. <\/p>\n","protected":false},"author":1,"featured_media":6800,"comment_status":"closed","ping_status":"closed","sticky":false,"template":"","format":"standard","meta":{"_acf_changed":false,"footnotes":""},"categories":[5],"tags":[330,328,358,357],"categoriescommunes":[251],"class_list":{"0":"post-6789","1":"post","2":"type-post","3":"status-publish","4":"format-standard","5":"has-post-thumbnail","7":"category-monde-economique","8":"tag-associations","9":"tag-forum","10":"tag-halle-grenette","11":"tag-stage","12":"categoriescommunes-bourgoin-jallieu"},"acf":[],"aioseo_notices":[],"_links":{"self":[{"href":"https:\/\/www.acteurs-du-nord-isere.fr\/story\/wp-json\/wp\/v2\/posts\/6789","targetHints":{"allow":["GET"]}}],"collection":[{"href":"https:\/\/www.acteurs-du-nord-isere.fr\/story\/wp-json\/wp\/v2\/posts"}],"about":[{"href":"https:\/\/www.acteurs-du-nord-isere.fr\/story\/wp-json\/wp\/v2\/types\/post"}],"author":[{"embeddable":true,"href":"https:\/\/www.acteurs-du-nord-isere.fr\/story\/wp-json\/wp\/v2\/users\/1"}],"replies":[{"embeddable":true,"href":"https:\/\/www.acteurs-du-nord-isere.fr\/story\/wp-json\/wp\/v2\/comments?post=6789"}],"version-history":[{"count":10,"href":"https:\/\/www.acteurs-du-nord-isere.fr\/story\/wp-json\/wp\/v2\/posts\/6789\/revisions"}],"predecessor-version":[{"id":6814,"href":"https:\/\/www.acteurs-du-nord-isere.fr\/story\/wp-json\/wp\/v2\/posts\/6789\/revisions\/6814"}],"wp:featuredmedia":[{"embeddable":true,"href":"https:\/\/www.acteurs-du-nord-isere.fr\/story\/wp-json\/wp\/v2\/media\/6800"}],"wp:attachment":[{"href":"https:\/\/www.acteurs-du-nord-isere.fr\/story\/wp-json\/wp\/v2\/media?parent=6789"}],"wp:term":[{"taxonomy":"category","embeddable":true,"href":"https:\/\/www.acteurs-du-nord-isere.fr\/story\/wp-json\/wp\/v2\/categories?post=6789"},{"taxonomy":"post_tag","embeddable":true,"href":"https:\/\/www.acteurs-du-nord-isere.fr\/story\/wp-json\/wp\/v2\/tags?post=6789"},{"taxonomy":"categoriescommunes","embeddable":true,"href":"https:\/\/www.acteurs-du-nord-isere.fr\/story\/wp-json\/wp\/v2\/categoriescommunes?post=6789"}],"curies":[{"name":"wp","href":"https:\/\/api.w.org\/{rel}","templated":true}]}}