{"id":6803,"date":"2023-10-09T10:20:09","date_gmt":"2023-10-09T08:20:09","guid":{"rendered":"https:\/\/www.acteurs-du-nord-isere.fr\/story\/?p=6803"},"modified":"2023-10-23T10:04:27","modified_gmt":"2023-10-23T08:04:27","slug":"un-debut-prometteur-pour-valoriser-les-acteurs-locaux-en-nord-isere","status":"publish","type":"post","link":"https:\/\/www.acteurs-du-nord-isere.fr\/story\/un-debut-prometteur-pour-valoriser-les-acteurs-locaux-en-nord-isere\/","title":{"rendered":"Un d\u00e9but prometteur pour valoriser les acteurs locaux en Nord-Is\u00e8re"},"content":{"rendered":"\n<div class=\"wp-block-columns is-layout-flex wp-container-core-columns-is-layout-9d6595d7 wp-block-columns-is-layout-flex\">\n<div class=\"wp-block-column is-layout-flow wp-block-column-is-layout-flow\">\n<p>Aujourd&rsquo;hui, je vous propose un r\u00e9capitulatif du lancement de notre nouvelle plateforme d\u00e9di\u00e9 aux acteurs locaux, qui a eu lieu de <strong>mi-ao\u00fbt \u00e0 fin septembre<\/strong>. J&rsquo;ai eu la chance de faire de belles rencontres durant cette p\u00e9riode et de d\u00e9couvrir comment le projet que je souhaite valoriser pour notre territoire est per\u00e7u.<\/p>\n\n\n\n<div class=\"wp-block-media-text is-stacked-on-mobile\" style=\"grid-template-columns:15% auto\"><figure class=\"wp-block-media-text__media\"><img loading=\"lazy\" decoding=\"async\" width=\"512\" height=\"512\" src=\"https:\/\/www.acteurs-du-nord-isere.fr\/story\/wp-content\/uploads\/sites\/3\/2022\/08\/cropped-android-chrome-256x256-1.png\" alt=\"\" class=\"wp-image-5862 size-full\" srcset=\"https:\/\/www.acteurs-du-nord-isere.fr\/story\/wp-content\/uploads\/sites\/3\/2022\/08\/cropped-android-chrome-256x256-1.png 512w, https:\/\/www.acteurs-du-nord-isere.fr\/story\/wp-content\/uploads\/sites\/3\/2022\/08\/cropped-android-chrome-256x256-1-300x300.png 300w, https:\/\/www.acteurs-du-nord-isere.fr\/story\/wp-content\/uploads\/sites\/3\/2022\/08\/cropped-android-chrome-256x256-1-150x150.png 150w, https:\/\/www.acteurs-du-nord-isere.fr\/story\/wp-content\/uploads\/sites\/3\/2022\/08\/cropped-android-chrome-256x256-1-100x100.png 100w, https:\/\/www.acteurs-du-nord-isere.fr\/story\/wp-content\/uploads\/sites\/3\/2022\/08\/cropped-android-chrome-256x256-1-140x140.png 140w, https:\/\/www.acteurs-du-nord-isere.fr\/story\/wp-content\/uploads\/sites\/3\/2022\/08\/cropped-android-chrome-256x256-1-500x500.png 500w, https:\/\/www.acteurs-du-nord-isere.fr\/story\/wp-content\/uploads\/sites\/3\/2022\/08\/cropped-android-chrome-256x256-1-350x350.png 350w, https:\/\/www.acteurs-du-nord-isere.fr\/story\/wp-content\/uploads\/sites\/3\/2022\/08\/cropped-android-chrome-256x256-1-270x270.png 270w, https:\/\/www.acteurs-du-nord-isere.fr\/story\/wp-content\/uploads\/sites\/3\/2022\/08\/cropped-android-chrome-256x256-1-192x192.png 192w, https:\/\/www.acteurs-du-nord-isere.fr\/story\/wp-content\/uploads\/sites\/3\/2022\/08\/cropped-android-chrome-256x256-1-180x180.png 180w, https:\/\/www.acteurs-du-nord-isere.fr\/story\/wp-content\/uploads\/sites\/3\/2022\/08\/cropped-android-chrome-256x256-1-32x32.png 32w\" sizes=\"auto, (max-width: 512px) 100vw, 512px\" \/><\/figure><div class=\"wp-block-media-text__content\">\n<p>Pour rappel, cet \u00e9t\u00e9, j&rsquo;ai consacr\u00e9 du temps \u00e0 finaliser la premi\u00e8re phase du d\u00e9veloppement de la plateforme, qui permet d\u00e9sormais <strong>aux entreprises et aux associations d&rsquo;acc\u00e9der \u00e0 la cr\u00e9ation de leur fiche<\/strong>. Avec les fonctionnalit\u00e9s de base en place, j&rsquo;ai entam\u00e9 le processus de d\u00e9marchage des premiers \u00e9tablissements pour leur pr\u00e9senter les ambitions du projet et les inviter \u00e0 se joindre \u00e0 cette nouvelle aventure. Parall\u00e8lement, j&rsquo;ai relanc\u00e9 nos r\u00e9seaux sociaux pour faire conna\u00eetre nos avanc\u00e9es et les premiers Acteurs.<\/p>\n\n\n\n<p><\/p>\n<\/div><\/div>\n\n\n\n<p>Si vous suivez les aventures du projet <strong>Acteurs du Nord-Is\u00e8re<\/strong>, \u00e7a fait d\u00e9sormais 3 ans que le projet est dans les tiroirs, une premi\u00e8re page d&rsquo;attente fut lanc\u00e9e apr\u00e8s le COVID pour commencer \u00e0 parler de cette nouvelle initiative. Vous pouvez d\u00e9couvrir un article qui permet d&rsquo;en savoir plus sur <a href=\"https:\/\/www.acteurs-du-nord-isere.fr\/story\/lancement-projet-acteurs-du-nord-isere\/\" title=\"\">la gen\u00e8se du projet et son d\u00e9veloppement<\/a>. (<em><a href=\"https:\/\/www.acteurs-du-nord-isere.fr\/story\/lancement-projet-acteurs-du-nord-isere\/\">Voir l&rsquo;article<\/a><\/em>)<\/p>\n\n\n\n<div style=\"height:60px\" aria-hidden=\"true\" class=\"wp-block-spacer\"><\/div>\n\n\n\n<h2 class=\"wp-block-heading\">Quelques chiffres pour cette premi\u00e8re phase de lancement<\/h2>\n\n\n\n<p>Apr\u00e8s ce lancement, nous comptons pas moins de<strong> 82 entreprises et 35 associations<\/strong> qui disposent d\u00e9sormais d&rsquo;une \u00ab\u00a0<strong>fiche Acteur<\/strong>\u00a0\u00bb sur la plateforme. L&rsquo;ensemble de ces premiers acteurs sont r\u00e9partis dans 30 communes sur les 225 que compte le Nord-Is\u00e8re. Le trio de t\u00eate se compose de <a href=\"https:\/\/www.acteurs-du-nord-isere.fr\/commune\/bourgoin-jallieu\/\" title=\"\">Bourgoin-Jallieu<\/a> avec <strong>39 entreprises,<\/strong> suivi de pr\u00e8s par <a href=\"https:\/\/www.acteurs-du-nord-isere.fr\/commune\/lisle-dabeau\/\" title=\"\">L\u2019Ilse d\u2019Abeau<\/a> avec <strong>11 entreprises<\/strong> et <a href=\"https:\/\/www.acteurs-du-nord-isere.fr\/commune\/la-tour-du-pin\/\" title=\"\">La Tour-du-Pin<\/a> avec <strong>6 entreprises<\/strong>.<\/p>\n\n\n\n<p>En ce qui concerne les secteurs les plus repr\u00e9sent\u00e9s \u00e0 l&rsquo;heure actuelle, nous retrouvons en t\u00eate <strong><a href=\"https:\/\/www.acteurs-du-nord-isere.fr\/services\/bien-etre\/\" title=\"\">le bien-\u00eatre<\/a><\/strong>, suivi du<strong> <a href=\"https:\/\/www.acteurs-du-nord-isere.fr\/services\/graphisme\/\" title=\"\">graphisme<\/a>,<\/strong> et en troisi\u00e8me position, <strong>les commerces de <a href=\"https:\/\/www.acteurs-du-nord-isere.fr\/services\/pret-a-porter\/\" title=\"\">pr\u00eat-\u00e0-porter<\/a><\/strong>.<\/p>\n\n\n\n<p>Enfin, au niveau du <strong>blog Story<\/strong>, j&rsquo;ai r\u00e9dig\u00e9 <strong>9 articles<\/strong> au cours de cette p\u00e9riode, couvrant des sujets allant des annonces d&rsquo;\u00e9v\u00e9nements associatifs \u00e0 des infographies comme celle des <a href=\"https:\/\/www.acteurs-du-nord-isere.fr\/story\/les-10-plus-petites-communes-en-nord-isere\/\" title=\"Les 10 plus petites communes en Nord-Is\u00e8re\">10 plus petites communes du Nord-Is\u00e8re.<\/a> La plateforme a enregistr\u00e9 plus de <strong>1500 visiteurs<\/strong> entre le 21 ao\u00fbt et fin septembre. Le r\u00e9f\u00e9rencement naturel commence progressivement \u00e0 g\u00e9n\u00e9rer des visites, et j&rsquo;ai pour objectif d&rsquo;atteindre entre 5 et 10 000 visites dans les prochains mois.<\/p>\n\n\n\n<div style=\"height:60px\" aria-hidden=\"true\" class=\"wp-block-spacer\"><\/div>\n<\/div>\n<\/div>\n\n\n\n<div class=\"wp-block-columns is-layout-flex wp-container-core-columns-is-layout-9d6595d7 wp-block-columns-is-layout-flex\">\n<div class=\"wp-block-column is-layout-flow wp-block-column-is-layout-flow\">\n<h2 class=\"wp-block-heading\">Des soir\u00e9es r\u00e9seaux &amp; des partenariats importants<\/h2>\n\n\n\n<p>Pendant cette p\u00e9riode, j&rsquo;ai eu l&rsquo;opportunit\u00e9 de participer \u00e0 diverses soir\u00e9es r\u00e9seaux, notamment \u00e0 l&rsquo;\u00e9v\u00e9nement <a href=\"https:\/\/reseau-adni.fr\/dolomeet-soiree-reseau-economie-entreprise-gect\/\" title=\"\">Dolo&rsquo;meet \u00e0 Dolomieu<\/a>, une conf\u00e9rence organis\u00e9e par le DCF \u00e0 la <strong>CCI<\/strong>, des petits d\u00e9jeuners avec <strong>l&rsquo;association Passion Commerce de Bourgoin-Jallieu<\/strong>, ainsi qu&rsquo;\u00e0 d&rsquo;autres r\u00e9seaux d&rsquo;affaires. Ce mois a \u00e9t\u00e9 riche en d\u00e9placements et en rencontres, des moments d&rsquo;\u00e9changes cruciaux pour la suite du projet.<\/p>\n\n\n\n<div class=\"wp-block-media-text is-stacked-on-mobile\" style=\"grid-template-columns:25% auto\"><figure class=\"wp-block-media-text__media\"><img loading=\"lazy\" decoding=\"async\" width=\"500\" height=\"500\" src=\"https:\/\/www.acteurs-du-nord-isere.fr\/story\/wp-content\/uploads\/sites\/3\/2023\/10\/A2-et-plus-Entreprendre-logo.webp\" alt=\"\" class=\"wp-image-6815 size-full\" srcset=\"https:\/\/www.acteurs-du-nord-isere.fr\/story\/wp-content\/uploads\/sites\/3\/2023\/10\/A2-et-plus-Entreprendre-logo.webp 500w, https:\/\/www.acteurs-du-nord-isere.fr\/story\/wp-content\/uploads\/sites\/3\/2023\/10\/A2-et-plus-Entreprendre-logo-300x300.webp 300w, https:\/\/www.acteurs-du-nord-isere.fr\/story\/wp-content\/uploads\/sites\/3\/2023\/10\/A2-et-plus-Entreprendre-logo-150x150.webp 150w, https:\/\/www.acteurs-du-nord-isere.fr\/story\/wp-content\/uploads\/sites\/3\/2023\/10\/A2-et-plus-Entreprendre-logo-100x100.webp 100w, https:\/\/www.acteurs-du-nord-isere.fr\/story\/wp-content\/uploads\/sites\/3\/2023\/10\/A2-et-plus-Entreprendre-logo-140x140.webp 140w, https:\/\/www.acteurs-du-nord-isere.fr\/story\/wp-content\/uploads\/sites\/3\/2023\/10\/A2-et-plus-Entreprendre-logo-350x350.webp 350w\" sizes=\"auto, (max-width: 500px) 100vw, 500px\" \/><\/figure><div class=\"wp-block-media-text__content\">\n<p><\/p>\n\n\n\n<p><strong>J&rsquo;ai eu le plaisir d&rsquo;\u00e9tablir les tous premiers partenariats<\/strong>, notamment avec l&rsquo;entreprise \u00ab\u00a0<strong>A Deux et Plus Entreprendre<\/strong>\u00ab\u00a0, une Coop\u00e9rative d&rsquo;Activit\u00e9s et d&rsquo;Emploi (CAE) au c\u0153ur du Nord-Is\u00e8re, qui accompagne les personnes souhaitant lancer leur activit\u00e9 sans avoir \u00e0 passer par l&rsquo;immatriculation d&rsquo;une entreprise. C&rsquo;est une alternative int\u00e9ressante \u00e0 conna\u00eetre en raison de ses avantages et de son accompagnement. Sur leur fiche, vous trouverez plus de <strong>27 entrepreneurs salari\u00e9s<\/strong>, chacun exer\u00e7ant une grande diversit\u00e9 d&rsquo;activit\u00e9s.<\/p>\n\n\n\n<div class=\"wp-block-buttons is-layout-flex wp-block-buttons-is-layout-flex\">\n<div class=\"wp-block-button has-custom-font-size has-small-font-size\"><a class=\"wp-block-button__link wp-element-button\" href=\"https:\/\/www.acteurs-du-nord-isere.fr\/entreprises\/a-deux-et-plus-entreprendre\/\" target=\"_blank\" rel=\"noreferrer noopener\">Voir la fiche A Deux et Plus Entreprendre<\/a><\/div>\n<\/div>\n<\/div><\/div>\n\n\n\n<div class=\"wp-block-media-text has-media-on-the-right is-stacked-on-mobile\" style=\"grid-template-columns:auto 25%\"><div class=\"wp-block-media-text__content\">\n<p><\/p>\n\n\n\n<p>Un deuxi\u00e8me partenariat a \u00e9t\u00e9 conclu avec l&rsquo;association \u00ab\u00a0<strong>J&rsquo;ach\u00e8te Bleu Blanc Rouge<\/strong>\u00ab\u00a0, qui f\u00e9d\u00e8re des commerces et des entreprises de services autour du <strong>Made In France<\/strong>. Cette d\u00e9marche citoyenne accompagne les membres de son r\u00e9seau, et je suis fier de contribuer \u00e0 leur visibilit\u00e9 en int\u00e9grant <strong>pas moins de 28 acteurs sur Acteurs du Nord-Is\u00e8re<\/strong>, facilitant ainsi la promotion de la consommation Made in France sur notre territoire.<\/p>\n\n\n\n<div class=\"wp-block-buttons is-layout-flex wp-block-buttons-is-layout-flex\">\n<div class=\"wp-block-button has-custom-font-size has-small-font-size\"><a class=\"wp-block-button__link wp-element-button\" href=\"https:\/\/www.acteurs-du-nord-isere.fr\/associations\/association-pour-lemploi-et-la-proximite\/\" target=\"_blank\" rel=\"noreferrer noopener\">Voir la fiche J&rsquo;ach\u00e8te Bleu Blanc Rouge<\/a><\/div>\n<\/div>\n<\/div><figure class=\"wp-block-media-text__media\"><img loading=\"lazy\" decoding=\"async\" width=\"500\" height=\"500\" src=\"https:\/\/www.acteurs-du-nord-isere.fr\/story\/wp-content\/uploads\/sites\/3\/2023\/10\/logo-jachete-bleu-blanc-rouge-association.webp\" alt=\"\" class=\"wp-image-6816 size-full\" srcset=\"https:\/\/www.acteurs-du-nord-isere.fr\/story\/wp-content\/uploads\/sites\/3\/2023\/10\/logo-jachete-bleu-blanc-rouge-association.webp 500w, https:\/\/www.acteurs-du-nord-isere.fr\/story\/wp-content\/uploads\/sites\/3\/2023\/10\/logo-jachete-bleu-blanc-rouge-association-300x300.webp 300w, https:\/\/www.acteurs-du-nord-isere.fr\/story\/wp-content\/uploads\/sites\/3\/2023\/10\/logo-jachete-bleu-blanc-rouge-association-150x150.webp 150w, https:\/\/www.acteurs-du-nord-isere.fr\/story\/wp-content\/uploads\/sites\/3\/2023\/10\/logo-jachete-bleu-blanc-rouge-association-100x100.webp 100w, https:\/\/www.acteurs-du-nord-isere.fr\/story\/wp-content\/uploads\/sites\/3\/2023\/10\/logo-jachete-bleu-blanc-rouge-association-140x140.webp 140w, https:\/\/www.acteurs-du-nord-isere.fr\/story\/wp-content\/uploads\/sites\/3\/2023\/10\/logo-jachete-bleu-blanc-rouge-association-350x350.webp 350w\" sizes=\"auto, (max-width: 500px) 100vw, 500px\" \/><\/figure><\/div>\n\n\n\n<p>Un troisi\u00e8me partenariat est d\u00e9j\u00e0 en cours, j&rsquo;aurais l&rsquo;occasion de vous en parler d&rsquo;ici les prochaines semaines !<\/p>\n\n\n\n<div style=\"height:60px\" aria-hidden=\"true\" class=\"wp-block-spacer\"><\/div>\n\n\n\n<div class=\"wp-block-columns is-layout-flex wp-container-core-columns-is-layout-9d6595d7 wp-block-columns-is-layout-flex\">\n<div class=\"wp-block-column is-layout-flow wp-block-column-is-layout-flow\">\n<h2 class=\"wp-block-heading\">Des r\u00e9seaux sociaux en marche pour les acteurs locaux en Nord-Is\u00e8re<\/h2>\n\n\n\n<div class=\"wp-block-media-text has-media-on-the-right is-stacked-on-mobile\" style=\"grid-template-columns:auto 35%\"><div class=\"wp-block-media-text__content\">\n<p>En ce qui concerne notre lancement, nous commen\u00e7ons \u00e0 observer des signes encourageants avec la relance des diff\u00e9rents r\u00e9seaux sociaux qui composent notre projet. Pour l&rsquo;instant, les principaux r\u00e9seaux en place sont <strong>Facebook<\/strong>, <strong>Instagram <\/strong>et <strong>LinkedIn<\/strong>, qui demandent d\u00e9j\u00e0 beaucoup d&rsquo;efforts pour les animer quotidiennement. <\/p>\n<\/div><figure class=\"wp-block-media-text__media\"><img loading=\"lazy\" decoding=\"async\" width=\"850\" height=\"509\" src=\"https:\/\/www.acteurs-du-nord-isere.fr\/story\/wp-content\/uploads\/sites\/3\/2023\/10\/socials-campgn.png\" alt=\"\" class=\"wp-image-6820 size-full\" srcset=\"https:\/\/www.acteurs-du-nord-isere.fr\/story\/wp-content\/uploads\/sites\/3\/2023\/10\/socials-campgn.png 850w, https:\/\/www.acteurs-du-nord-isere.fr\/story\/wp-content\/uploads\/sites\/3\/2023\/10\/socials-campgn-300x180.png 300w, https:\/\/www.acteurs-du-nord-isere.fr\/story\/wp-content\/uploads\/sites\/3\/2023\/10\/socials-campgn-768x460.png 768w\" sizes=\"auto, (max-width: 850px) 100vw, 850px\" \/><\/figure><\/div>\n\n\n\n<p>Cependant, ce travail demeure essentiel pour <strong>attirer l&rsquo;attention des habitants du Nord-Is\u00e8re et faire conna\u00eetre le projet<\/strong>. Les r\u00e9seaux sociaux nous permettent \u00e9galement de maintenir un lien avec les personnes que j&rsquo;ai pu rencontrer lors des \u00e9v\u00e9nements. <\/p>\n\n\n\n<p>Pour suivre nos r\u00e9seaux :<\/p>\n\n\n\n<ul class=\"wp-block-social-links is-layout-flex wp-block-social-links-is-layout-flex\"><li class=\"wp-social-link wp-social-link-facebook  wp-block-social-link\"><a href=\"https:\/\/www.facebook.com\/ActeursNordIsere\/\" class=\"wp-block-social-link-anchor\"><svg width=\"24\" height=\"24\" viewBox=\"0 0 24 24\" version=\"1.1\" xmlns=\"http:\/\/www.w3.org\/2000\/svg\" aria-hidden=\"true\" focusable=\"false\"><path d=\"M12 2C6.5 2 2 6.5 2 12c0 5 3.7 9.1 8.4 9.9v-7H7.9V12h2.5V9.8c0-2.5 1.5-3.9 3.8-3.9 1.1 0 2.2.2 2.2.2v2.5h-1.3c-1.2 0-1.6.8-1.6 1.6V12h2.8l-.4 2.9h-2.3v7C18.3 21.1 22 17 22 12c0-5.5-4.5-10-10-10z\"><\/path><\/svg><span class=\"wp-block-social-link-label screen-reader-text\">Facebook<\/span><\/a><\/li>\n\n<li class=\"wp-social-link wp-social-link-instagram  wp-block-social-link\"><a href=\"https:\/\/www.instagram.com\/acteursdunordisere\/\" class=\"wp-block-social-link-anchor\"><svg width=\"24\" height=\"24\" viewBox=\"0 0 24 24\" version=\"1.1\" xmlns=\"http:\/\/www.w3.org\/2000\/svg\" aria-hidden=\"true\" focusable=\"false\"><path d=\"M12,4.622c2.403,0,2.688,0.009,3.637,0.052c0.877,0.04,1.354,0.187,1.671,0.31c0.42,0.163,0.72,0.358,1.035,0.673 c0.315,0.315,0.51,0.615,0.673,1.035c0.123,0.317,0.27,0.794,0.31,1.671c0.043,0.949,0.052,1.234,0.052,3.637 s-0.009,2.688-0.052,3.637c-0.04,0.877-0.187,1.354-0.31,1.671c-0.163,0.42-0.358,0.72-0.673,1.035 c-0.315,0.315-0.615,0.51-1.035,0.673c-0.317,0.123-0.794,0.27-1.671,0.31c-0.949,0.043-1.233,0.052-3.637,0.052 s-2.688-0.009-3.637-0.052c-0.877-0.04-1.354-0.187-1.671-0.31c-0.42-0.163-0.72-0.358-1.035-0.673 c-0.315-0.315-0.51-0.615-0.673-1.035c-0.123-0.317-0.27-0.794-0.31-1.671C4.631,14.688,4.622,14.403,4.622,12 s0.009-2.688,0.052-3.637c0.04-0.877,0.187-1.354,0.31-1.671c0.163-0.42,0.358-0.72,0.673-1.035 c0.315-0.315,0.615-0.51,1.035-0.673c0.317-0.123,0.794-0.27,1.671-0.31C9.312,4.631,9.597,4.622,12,4.622 M12,3 C9.556,3,9.249,3.01,8.289,3.054C7.331,3.098,6.677,3.25,6.105,3.472C5.513,3.702,5.011,4.01,4.511,4.511 c-0.5,0.5-0.808,1.002-1.038,1.594C3.25,6.677,3.098,7.331,3.054,8.289C3.01,9.249,3,9.556,3,12c0,2.444,0.01,2.751,0.054,3.711 c0.044,0.958,0.196,1.612,0.418,2.185c0.23,0.592,0.538,1.094,1.038,1.594c0.5,0.5,1.002,0.808,1.594,1.038 c0.572,0.222,1.227,0.375,2.185,0.418C9.249,20.99,9.556,21,12,21s2.751-0.01,3.711-0.054c0.958-0.044,1.612-0.196,2.185-0.418 c0.592-0.23,1.094-0.538,1.594-1.038c0.5-0.5,0.808-1.002,1.038-1.594c0.222-0.572,0.375-1.227,0.418-2.185 C20.99,14.751,21,14.444,21,12s-0.01-2.751-0.054-3.711c-0.044-0.958-0.196-1.612-0.418-2.185c-0.23-0.592-0.538-1.094-1.038-1.594 c-0.5-0.5-1.002-0.808-1.594-1.038c-0.572-0.222-1.227-0.375-2.185-0.418C14.751,3.01,14.444,3,12,3L12,3z M12,7.378 c-2.552,0-4.622,2.069-4.622,4.622S9.448,16.622,12,16.622s4.622-2.069,4.622-4.622S14.552,7.378,12,7.378z M12,15 c-1.657,0-3-1.343-3-3s1.343-3,3-3s3,1.343,3,3S13.657,15,12,15z M16.804,6.116c-0.596,0-1.08,0.484-1.08,1.08 s0.484,1.08,1.08,1.08c0.596,0,1.08-0.484,1.08-1.08S17.401,6.116,16.804,6.116z\"><\/path><\/svg><span class=\"wp-block-social-link-label screen-reader-text\">Instagram<\/span><\/a><\/li>\n\n<li class=\"wp-social-link wp-social-link-linkedin  wp-block-social-link\"><a href=\"https:\/\/www.linkedin.com\/company\/acteurs-du-nord-isere\/\" class=\"wp-block-social-link-anchor\"><svg width=\"24\" height=\"24\" viewBox=\"0 0 24 24\" version=\"1.1\" xmlns=\"http:\/\/www.w3.org\/2000\/svg\" aria-hidden=\"true\" focusable=\"false\"><path d=\"M19.7,3H4.3C3.582,3,3,3.582,3,4.3v15.4C3,20.418,3.582,21,4.3,21h15.4c0.718,0,1.3-0.582,1.3-1.3V4.3 C21,3.582,20.418,3,19.7,3z M8.339,18.338H5.667v-8.59h2.672V18.338z M7.004,8.574c-0.857,0-1.549-0.694-1.549-1.548 c0-0.855,0.691-1.548,1.549-1.548c0.854,0,1.547,0.694,1.547,1.548C8.551,7.881,7.858,8.574,7.004,8.574z M18.339,18.338h-2.669 v-4.177c0-0.996-0.017-2.278-1.387-2.278c-1.389,0-1.601,1.086-1.601,2.206v4.249h-2.667v-8.59h2.559v1.174h0.037 c0.356-0.675,1.227-1.387,2.526-1.387c2.703,0,3.203,1.779,3.203,4.092V18.338z\"><\/path><\/svg><span class=\"wp-block-social-link-label screen-reader-text\">LinkedIn<\/span><\/a><\/li>\n\n<li class=\"wp-social-link wp-social-link-youtube  wp-block-social-link\"><a href=\"https:\/\/www.youtube.com\/@ActeursduNord-Isere\" class=\"wp-block-social-link-anchor\"><svg width=\"24\" height=\"24\" viewBox=\"0 0 24 24\" version=\"1.1\" xmlns=\"http:\/\/www.w3.org\/2000\/svg\" aria-hidden=\"true\" focusable=\"false\"><path d=\"M21.8,8.001c0,0-0.195-1.378-0.795-1.985c-0.76-0.797-1.613-0.801-2.004-0.847c-2.799-0.202-6.997-0.202-6.997-0.202 h-0.009c0,0-4.198,0-6.997,0.202C4.608,5.216,3.756,5.22,2.995,6.016C2.395,6.623,2.2,8.001,2.2,8.001S2,9.62,2,11.238v1.517 c0,1.618,0.2,3.237,0.2,3.237s0.195,1.378,0.795,1.985c0.761,0.797,1.76,0.771,2.205,0.855c1.6,0.153,6.8,0.201,6.8,0.201 s4.203-0.006,7.001-0.209c0.391-0.047,1.243-0.051,2.004-0.847c0.6-0.607,0.795-1.985,0.795-1.985s0.2-1.618,0.2-3.237v-1.517 C22,9.62,21.8,8.001,21.8,8.001z M9.935,14.594l-0.001-5.62l5.404,2.82L9.935,14.594z\"><\/path><\/svg><span class=\"wp-block-social-link-label screen-reader-text\">YouTube<\/span><\/a><\/li><\/ul>\n<\/div>\n<\/div>\n<\/div>\n<\/div>\n\n\n\n<div style=\"height:60px\" aria-hidden=\"true\" class=\"wp-block-spacer\"><\/div>\n\n\n\n<div class=\"wp-block-columns is-layout-flex wp-container-core-columns-is-layout-9d6595d7 wp-block-columns-is-layout-flex\">\n<div class=\"wp-block-column is-layout-flow wp-block-column-is-layout-flow\">\n<h2 class=\"wp-block-heading\">La suite de l\u2019aventure entre communication et parcours pour les habitants<\/h2>\n\n\n\n<div class=\"wp-block-media-text has-media-on-the-right is-stacked-on-mobile\" style=\"grid-template-columns:auto 20%\"><div class=\"wp-block-media-text__content\">\n<p>Actuellement, la page d&rsquo;accueil est provisoire et explique le projet dans son ensemble. Prochainement, je vais d\u00e9velopper <strong>une page qui permettra aux utilisateurs d&rsquo;entrer directement dans le vif du sujet<\/strong> en d\u00e9couvrant la recherche d&rsquo;activit\u00e9s et les premiers Acteurs locaux du Nord-Is\u00e8re.<\/p>\n\n\n\n<p><\/p>\n<\/div><figure class=\"wp-block-media-text__media\"><img loading=\"lazy\" decoding=\"async\" width=\"290\" height=\"250\" src=\"https:\/\/www.acteurs-du-nord-isere.fr\/story\/wp-content\/uploads\/sites\/3\/2023\/10\/supports-connect.png\" alt=\"\" class=\"wp-image-6818 size-full\"\/><\/figure><\/div>\n\n\n\n<p>Une autre phase de d\u00e9veloppement consistera \u00e0 mettre en place des \u00ab\u00a0<strong>parcours pour les habitants<\/strong>\u00a0\u00bb qui offriront des services concrets aux utilisateurs en les guidant \u00e0 travers des th\u00e9matiques sp\u00e9cifiques telles que l<strong>e bien-\u00eatre, la gastronomie <\/strong>ou<strong> l&rsquo;organisation de leur mariage<\/strong>. Cela permettra de faciliter la recherche <a href=\"https:\/\/www.acteurs-du-nord-isere.fr\/offres-bons-plans\/\" title=\"\">des offres<\/a> et des acteurs sp\u00e9cialis\u00e9s dans diff\u00e9rentes aspects de la vie quotidienne.<\/p>\n\n\n\n<div style=\"height:60px\" aria-hidden=\"true\" class=\"wp-block-spacer\"><\/div>\n<\/div>\n<\/div>\n\n\n\n<div class=\"wp-block-columns is-layout-flex wp-container-core-columns-is-layout-9d6595d7 wp-block-columns-is-layout-flex\">\n<div class=\"wp-block-column is-layout-flow wp-block-column-is-layout-flow\">\n<figure class=\"wp-block-image size-large\"><img loading=\"lazy\" decoding=\"async\" width=\"1024\" height=\"555\" src=\"https:\/\/www.acteurs-du-nord-isere.fr\/story\/wp-content\/uploads\/sites\/3\/2022\/08\/Histoire-1024x555.jpg\" alt=\"\" class=\"wp-image-5922\" srcset=\"https:\/\/www.acteurs-du-nord-isere.fr\/story\/wp-content\/uploads\/sites\/3\/2022\/08\/Histoire-1024x555.jpg 1024w, https:\/\/www.acteurs-du-nord-isere.fr\/story\/wp-content\/uploads\/sites\/3\/2022\/08\/Histoire-300x163.jpg 300w, https:\/\/www.acteurs-du-nord-isere.fr\/story\/wp-content\/uploads\/sites\/3\/2022\/08\/Histoire-768x416.jpg 768w, https:\/\/www.acteurs-du-nord-isere.fr\/story\/wp-content\/uploads\/sites\/3\/2022\/08\/Histoire-1536x832.jpg 1536w, https:\/\/www.acteurs-du-nord-isere.fr\/story\/wp-content\/uploads\/sites\/3\/2022\/08\/Histoire.jpg 1920w\" sizes=\"auto, (max-width: 1024px) 100vw, 1024px\" \/><\/figure>\n\n\n\n<h2 class=\"wp-block-heading\">Acteurs du Nord-Is\u00e8re : Un projet pour valoriser les acteurs locaux<\/h2>\n\n\n\n<p>Notre mission est claire : <em><strong>valoriser et accompagner les acteurs locaux<\/strong> afin de <strong>promouvoir la proximit\u00e9<\/strong> et les achats durables gr\u00e2ce \u00e0 <strong>une consommation locale.<\/strong><\/em> Je vais continuer \u00e0 d\u00e9marcher de nouveaux acteurs et \u00e0 investir mon \u00e9nergie dans le d\u00e9veloppement de ce projet qui redonne du sens \u00e0 ce qui nous entoure.<\/p>\n\n\n\n<p>N&rsquo;h\u00e9sitez pas \u00e0 vous joindre \u00e0 l&rsquo;aventure. Rien de compliqu\u00e9, il vous suffit simplement de :<\/p>\n\n\n\n<ol class=\"wp-block-list\">\n<li>Cr\u00e9er votre fiche si vous avez un \u00e9tablissement dans le Nord-Is\u00e8re.<\/li>\n\n\n\n<li>Nous suivre sur les r\u00e9seaux sociaux.<\/li>\n\n\n\n<li>Parler du projet autour de vous pour le faire d\u00e9couvrir \u00e0 vos proches.<\/li>\n<\/ol>\n\n\n\n<p><strong>Merci \u00e0 tous pour ce d\u00e9but d&rsquo;aventure<\/strong> et pour les \u00e9changes que nous avons eus, ainsi que ceux que nous aurons \u00e0 l&rsquo;avenir si nous ne nous sommes pas encore rencontr\u00e9s.<\/p>\n\n\n\n<p>Je vais poursuivre mes participations aux diff\u00e9rentes soir\u00e9es r\u00e9seaux au cours des prochaines semaines et \u00e0 rencontrer de futurs partenaires pour cette nouvelle initiative : Acteurs du Nord-Is\u00e8re.<\/p>\n\n\n\n<p><em>Vincent<\/em><\/p>\n\n\n<div class=\"headband-icon cyan visiteurs\">\r\n    <h4>Vous avez un \u00e9tablissement sur le territoire du Nord-Is\u00e8re ?<\/h4>\r\n    <p class=\"txt\">Rejoignez l&rsquo;aventure en inscrivant votre association, entreprise ou collectivit\u00e9 sur notre plateforme.<\/p>\r\n    <a class=\"more-btn white\" href=\"\/inscription\/\">Inscrire mon \u00e9tablissement<\/a>\r\n<\/div>\r\n<\/div>\n<\/div>\n","protected":false},"excerpt":{"rendered":"<p>D\u00e9couvrez l&rsquo;aventure passionnante d&rsquo;Acteurs du Nord-Is\u00e8re, un projet prometteur pour valoriser les acteurs locaux. Ne manquez pas notre bilan et nos perspectives !<\/p>\n","protected":false},"author":1,"featured_media":6822,"comment_status":"closed","ping_status":"closed","sticky":false,"template":"","format":"standard","meta":{"_acf_changed":false,"footnotes":""},"categories":[26],"tags":[28,372,373,374],"categoriescommunes":[251,131,55,247],"class_list":{"0":"post-6803","1":"post","2":"type-post","3":"status-publish","4":"format-standard","5":"has-post-thumbnail","7":"category-le-territoire","8":"tag-adni","9":"tag-bilan","10":"tag-lancement","11":"tag-plateforme","12":"categoriescommunes-bourgoin-jallieu","13":"categoriescommunes-lisle-dabeau","14":"categoriescommunes-la-tour-du-pin","15":"categoriescommunes-vienne"},"acf":[],"aioseo_notices":[],"_links":{"self":[{"href":"https:\/\/www.acteurs-du-nord-isere.fr\/story\/wp-json\/wp\/v2\/posts\/6803","targetHints":{"allow":["GET"]}}],"collection":[{"href":"https:\/\/www.acteurs-du-nord-isere.fr\/story\/wp-json\/wp\/v2\/posts"}],"about":[{"href":"https:\/\/www.acteurs-du-nord-isere.fr\/story\/wp-json\/wp\/v2\/types\/post"}],"author":[{"embeddable":true,"href":"https:\/\/www.acteurs-du-nord-isere.fr\/story\/wp-json\/wp\/v2\/users\/1"}],"replies":[{"embeddable":true,"href":"https:\/\/www.acteurs-du-nord-isere.fr\/story\/wp-json\/wp\/v2\/comments?post=6803"}],"version-history":[{"count":14,"href":"https:\/\/www.acteurs-du-nord-isere.fr\/story\/wp-json\/wp\/v2\/posts\/6803\/revisions"}],"predecessor-version":[{"id":6827,"href":"https:\/\/www.acteurs-du-nord-isere.fr\/story\/wp-json\/wp\/v2\/posts\/6803\/revisions\/6827"}],"wp:featuredmedia":[{"embeddable":true,"href":"https:\/\/www.acteurs-du-nord-isere.fr\/story\/wp-json\/wp\/v2\/media\/6822"}],"wp:attachment":[{"href":"https:\/\/www.acteurs-du-nord-isere.fr\/story\/wp-json\/wp\/v2\/media?parent=6803"}],"wp:term":[{"taxonomy":"category","embeddable":true,"href":"https:\/\/www.acteurs-du-nord-isere.fr\/story\/wp-json\/wp\/v2\/categories?post=6803"},{"taxonomy":"post_tag","embeddable":true,"href":"https:\/\/www.acteurs-du-nord-isere.fr\/story\/wp-json\/wp\/v2\/tags?post=6803"},{"taxonomy":"categoriescommunes","embeddable":true,"href":"https:\/\/www.acteurs-du-nord-isere.fr\/story\/wp-json\/wp\/v2\/categoriescommunes?post=6803"}],"curies":[{"name":"wp","href":"https:\/\/api.w.org\/{rel}","templated":true}]}}