{"id":6854,"date":"2023-11-07T10:23:48","date_gmt":"2023-11-07T09:23:48","guid":{"rendered":"https:\/\/www.acteurs-du-nord-isere.fr\/story\/?p=6854"},"modified":"2023-11-07T10:25:21","modified_gmt":"2023-11-07T09:25:21","slug":"au-coeur-de-leconomie-locale-quand-acteurs-du-nord-isere-et-a-deux-et-plus-entreprendre-unissent-leurs-forces","status":"publish","type":"post","link":"https:\/\/www.acteurs-du-nord-isere.fr\/story\/au-coeur-de-leconomie-locale-quand-acteurs-du-nord-isere-et-a-deux-et-plus-entreprendre-unissent-leurs-forces\/","title":{"rendered":"Au c\u0153ur de l&rsquo;\u00e9conomie locale : quand Acteurs du Nord-Is\u00e8re et A Deux et Plus Entreprendre unissent leurs forces"},"content":{"rendered":"\n<p>Comme mentionn\u00e9 sur notre page d&rsquo;accueil, notre mission est de d\u00e9ployer des ressources pour <strong>mettre en avant les acteurs du Nord-Is\u00e8re<\/strong> en d\u00e9veloppant un tissu \u00e9conomique et social dynamique, en favorisant la proximit\u00e9. La r\u00e9ussite de ce projet passe par <strong>des partenariats strat\u00e9giques qui jouent un r\u00f4le crucial dans le d\u00e9veloppement \u00e9conomique local<\/strong>. C&rsquo;est dans cette optique que le projet<strong> Acteurs du Nord-Is\u00e8re<\/strong> a \u00e9tabli un partenariat solide avec <strong>A Deux et Plus Entreprendre<\/strong>, une coop\u00e9rative d\u2019activit\u00e9 et d\u2019emploi (CAE) dont l&rsquo;impact social et \u00e9conomique r\u00e9sonne dans tout le Nord-Is\u00e8re. <\/p>\n\n\n\n<p>J&rsquo;ai le plaisir de vous pr\u00e9senter les d\u00e9tails de cette collaboration fructueuse entre nos deux entit\u00e9s et l&rsquo;effet positif qu&rsquo;elle a sur les entrepreneurs locaux et le tissu \u00e9conomique du Nord-Is\u00e8re.<\/p>\n\n\n\n<p><\/p>\n\n\n\n<div class=\"wp-block-columns is-layout-flex wp-container-core-columns-is-layout-9d6595d7 wp-block-columns-is-layout-flex\">\n<div class=\"wp-block-column is-layout-flow wp-block-column-is-layout-flow\">\n<h2 class=\"wp-block-heading\">A Deux et Plus Entreprendre, la coop\u00e9rative au service de votre projet entrepreneurial<\/h2>\n\n\n\n<div class=\"wp-block-media-text is-stacked-on-mobile\" style=\"grid-template-columns:29% auto\"><figure class=\"wp-block-media-text__media\"><img loading=\"lazy\" decoding=\"async\" width=\"500\" height=\"500\" src=\"https:\/\/www.acteurs-du-nord-isere.fr\/story\/wp-content\/uploads\/sites\/3\/2023\/10\/A2-et-plus-Entreprendre-logo.webp\" alt=\"\" class=\"wp-image-6815 size-full\" srcset=\"https:\/\/www.acteurs-du-nord-isere.fr\/story\/wp-content\/uploads\/sites\/3\/2023\/10\/A2-et-plus-Entreprendre-logo.webp 500w, https:\/\/www.acteurs-du-nord-isere.fr\/story\/wp-content\/uploads\/sites\/3\/2023\/10\/A2-et-plus-Entreprendre-logo-300x300.webp 300w, https:\/\/www.acteurs-du-nord-isere.fr\/story\/wp-content\/uploads\/sites\/3\/2023\/10\/A2-et-plus-Entreprendre-logo-150x150.webp 150w, https:\/\/www.acteurs-du-nord-isere.fr\/story\/wp-content\/uploads\/sites\/3\/2023\/10\/A2-et-plus-Entreprendre-logo-100x100.webp 100w, https:\/\/www.acteurs-du-nord-isere.fr\/story\/wp-content\/uploads\/sites\/3\/2023\/10\/A2-et-plus-Entreprendre-logo-140x140.webp 140w, https:\/\/www.acteurs-du-nord-isere.fr\/story\/wp-content\/uploads\/sites\/3\/2023\/10\/A2-et-plus-Entreprendre-logo-350x350.webp 350w\" sizes=\"auto, (max-width: 500px) 100vw, 500px\" \/><\/figure><div class=\"wp-block-media-text__content\">\n<p>Fond\u00e9e en 2007 par V\u00e9ronique AUBERT et Sylvie MERG, A Deux et Plus Entreprendre est bien plus qu&rsquo;une simple entreprise. En tant que <strong>CAE<\/strong> (<em>coop\u00e9rative d\u2019activit\u00e9 et d\u2019emploi<\/em>), elle incarne les principes de <strong>l&rsquo;\u00c9conomie Sociale et Solidaire<\/strong>. Op\u00e9rant sous la forme d&rsquo;une <strong>SCOP<\/strong>, cette entreprise encourage un mod\u00e8le entrepreneurial collectif \u00e0 haute valeur ajout\u00e9e. Avec l&rsquo;adh\u00e9sion \u00e0 l\u2019Union R\u00e9gionale des SCOP et au R\u00e9seau Cop\u00e9a, A Deux et Plus Entreprendre s&rsquo;est rapidement affirm\u00e9e comme un pilier du secteur \u00e9conomique local. La SCOP se trouve \u00e0&nbsp;<a href=\"https:\/\/www.acteurs-du-nord-isere.fr\/commune\/bourgoin-jallieu\/\" target=\"_blank\" rel=\"noopener\" title=\"\">Bourgoin-Jallieu<\/a> &#8211; 17 avenue d&rsquo;Italie &#8211; Immeuble Le Transalpin.<\/p>\n<\/div><\/div>\n\n\n\n<p>Ce qui distingue cette coop\u00e9rative, ce n&rsquo;est pas seulement son histoire, mais aussi sa diversit\u00e9. <strong>A Deux et Plus Entreprendre rassemble pr\u00e8s de 65 professionnels dans des domaines d&rsquo;activit\u00e9 vari\u00e9s<\/strong>, couvrant trois grands secteurs, dont <strong>les artisans du b\u00e2timent<\/strong>. En tant que Coop\u00e9rative d\u2019Activit\u00e9s et d\u2019Emploi (CAE), elle offre un accompagnement pr\u00e9cieux aux Entrepreneurs Salari\u00e9s (ES), les aidant \u00e0 d\u00e9velopper leurs propres activit\u00e9s \u00e9conomiques. Que vous soyez consultant, formateur, coiffeur, expert ou encore artisan du b\u00e2timent, A Deux et Plus Entreprendre fournit un environnement propice \u00e0 l&rsquo;entrepreneuriat alternatif.<\/p>\n\n\n\n<div class=\"wp-block-columns is-layout-flex wp-container-core-columns-is-layout-9d6595d7 wp-block-columns-is-layout-flex\">\n<div class=\"wp-block-column is-layout-flow wp-block-column-is-layout-flow\">\n<h2 class=\"wp-block-heading\">Les services de A Deux et Plus Entreprendre, une alternative \u00e0 la micro-entreprise !<\/h2>\n\n\n\n<p>L&rsquo;un des piliers fondamentaux d&rsquo;A Deux et Plus Entreprendre r\u00e9side dans l&rsquo;accompagnement qu&rsquo;elle offre \u00e0 ses Entrepreneurs Salari\u00e9s (ES). Cette coop\u00e9rative va bien au-del\u00e0 de la simple assistance administrative. Les entrepreneurs salari\u00e9s b\u00e9n\u00e9ficient d&rsquo;un suivi personnalis\u00e9 de leur activit\u00e9, d&rsquo;une protection sociale compl\u00e8te et de la mutualisation des ressources. Gr\u00e2ce \u00e0 ce mod\u00e8le, <strong>ils peuvent se concentrer pleinement sur le d\u00e9veloppement de leur entreprise<\/strong>, sachant qu&rsquo;ils sont soutenus \u00e0 chaque \u00e9tape de leur parcours entrepreneurial.<\/p>\n\n\n\n<figure class=\"wp-block-image size-large\"><img loading=\"lazy\" decoding=\"async\" width=\"1024\" height=\"626\" src=\"https:\/\/www.acteurs-du-nord-isere.fr\/story\/wp-content\/uploads\/sites\/3\/2023\/10\/A2-et-plus-Entreprendre-cover-1024x626.webp\" alt=\"\" class=\"wp-image-6865\" srcset=\"https:\/\/www.acteurs-du-nord-isere.fr\/story\/wp-content\/uploads\/sites\/3\/2023\/10\/A2-et-plus-Entreprendre-cover-1024x626.webp 1024w, https:\/\/www.acteurs-du-nord-isere.fr\/story\/wp-content\/uploads\/sites\/3\/2023\/10\/A2-et-plus-Entreprendre-cover-300x183.webp 300w, https:\/\/www.acteurs-du-nord-isere.fr\/story\/wp-content\/uploads\/sites\/3\/2023\/10\/A2-et-plus-Entreprendre-cover-768x469.webp 768w, https:\/\/www.acteurs-du-nord-isere.fr\/story\/wp-content\/uploads\/sites\/3\/2023\/10\/A2-et-plus-Entreprendre-cover.webp 1080w\" sizes=\"auto, (max-width: 1024px) 100vw, 1024px\" \/><\/figure>\n\n\n\n<p><strong>Les r\u00e9unions d&rsquo;informations collectives, gratuites et accessibles<\/strong>, sont une autre facette essentielle des services propos\u00e9s par A Deux et Plus Entreprendre. Ces rencontres offrent une opportunit\u00e9 unique aux futurs entrepreneurs d&rsquo;en apprendre davantage sur le statut d&rsquo;Entrepreneur Salari\u00e9. Que ce soit pour les consultants, les coiffeurs, les menuisiers ou toute autre profession, ces r\u00e9unions simplifient consid\u00e9rablement le processus de cr\u00e9ation d&rsquo;entreprise, fournissant des informations cruciales sur les d\u00e9marches administratives, la fiscalit\u00e9 et la gestion quotidienne.<\/p>\n\n\n\n<p><strong>Les artisans du b\u00e2timent <\/strong>sont particuli\u00e8rement choy\u00e9s au sein de cette coop\u00e9rative. <strong>A Deux et Plus Entreprendre &amp; B\u00e2t<\/strong> offre un \u00e9tablissement d\u00e9di\u00e9 au b\u00e2timent, con\u00e7u sp\u00e9cifiquement pour r\u00e9pondre aux besoins des entrepreneurs de ce secteur. \u00c9lectriciens, plombiers, ma\u00e7ons, menuisiers, tous peuvent trouver ici un soutien adapt\u00e9 \u00e0 leur profil. <strong>Cette initiative s&rsquo;inscrit dans la volont\u00e9 de la coop\u00e9rative de fournir des solutions concr\u00e8tes et sur mesure, favorisant ainsi l&rsquo;essor des artisans ind\u00e9pendants.<\/strong><\/p>\n\n\n\n<div class=\"wp-block-columns is-layout-flex wp-container-core-columns-is-layout-9d6595d7 wp-block-columns-is-layout-flex\">\n<div class=\"wp-block-column is-layout-flow wp-block-column-is-layout-flow\">\n<h2 class=\"wp-block-heading\">Un partenariat b\u00e9n\u00e9fique \u00e0 la diversit\u00e9 \u00e9conomique du Nord-Is\u00e8re<\/h2>\n\n\n\n<p>C&rsquo;est dans ce contexte dynamique que s&rsquo;inscrit notre partenariat avec A Deux et Plus Entreprendre. Pour maximiser l&rsquo;impact positif de cette collaboration, nous avons entrepris <strong>la cr\u00e9ation de fiches d\u00e9taill\u00e9es pour chaque entrepreneur associ\u00e9 \u00e0 la coop\u00e9rative<\/strong>. Ce n&rsquo;est pas moins de <strong>30 entrepreneurs salari\u00e9s<\/strong> que vous pouvez retrouver sur notre plateforme. Cette initiative commune vise \u00e0 offrir une visibilit\u00e9 accrue \u00e0 ces professionnels, tout en les int\u00e9grant dans <a href=\"https:\/\/reseau-adni.fr\/\" target=\"_blank\" rel=\"noopener\" title=\"\">le R\u00e9seau AdNI<\/a>, un espace r\u00e9serv\u00e9 aux membres de notre plateforme.<\/p>\n\n\n\n<p>La gestion de ce processus est fluide et transparente. Nous avons \u00e9tabli un dialogue constant avec A Deux et Plus Entreprendre, facilitant ainsi la collecte des informations n\u00e9cessaires pour cr\u00e9er les fiches des entrepreneurs. Cette coop\u00e9ration \u00e9troite garantit une coordination harmonieuse, essentielle pour la r\u00e9ussite de ce partenariat. De plus, <strong>ce partenariat permet de faire gagner en visibilit\u00e9 la diversit\u00e9 des activit\u00e9s pr\u00e9sents dans la SCOP<\/strong> et <strong>augmenter le r\u00e9f\u00e9rencement local de chaque entrepreneur salari\u00e9<\/strong>. <\/p>\n\n\n\n<p>En soutenant les entrepreneurs locaux, nous favorisons la cr\u00e9ation d&#8217;emplois, stimulons la croissance des petites entreprises et renfor\u00e7ons l&rsquo;\u00e9conomie du territoire. Chaque entrepreneur qui prosp\u00e8re gr\u00e2ce \u00e0 ce partenariat apporte sa pierre \u00e0 l&rsquo;\u00e9difice d&rsquo;une communaut\u00e9 \u00e9conomique en croissance. Sans oublier que la SCOP <strong>A Deux et Plus Entreprendre offre une r\u00e9elle alternative aux personnes qui souhaitent lancer leur activit\u00e9<\/strong> sans entreprendre la d\u00e9marche d&rsquo;une cr\u00e9ation d&rsquo;entreprise, qui n&rsquo;est jamais anodine, tant administrativement que socialement.<\/p>\n\n\n\n<figure class=\"wp-block-image size-large\"><img loading=\"lazy\" decoding=\"async\" width=\"1024\" height=\"559\" src=\"https:\/\/www.acteurs-du-nord-isere.fr\/story\/wp-content\/uploads\/sites\/3\/2023\/10\/partenariat-adni-a-deux-et-plus-entrependre-1024x559.jpg\" alt=\"Au c\u0153ur de l'\u00e9conomie locale A Deux et Plus Entreprendre &amp; AdNI\" class=\"wp-image-6867\" srcset=\"https:\/\/www.acteurs-du-nord-isere.fr\/story\/wp-content\/uploads\/sites\/3\/2023\/10\/partenariat-adni-a-deux-et-plus-entrependre-1024x559.jpg 1024w, https:\/\/www.acteurs-du-nord-isere.fr\/story\/wp-content\/uploads\/sites\/3\/2023\/10\/partenariat-adni-a-deux-et-plus-entrependre-300x164.jpg 300w, https:\/\/www.acteurs-du-nord-isere.fr\/story\/wp-content\/uploads\/sites\/3\/2023\/10\/partenariat-adni-a-deux-et-plus-entrependre-768x419.jpg 768w, https:\/\/www.acteurs-du-nord-isere.fr\/story\/wp-content\/uploads\/sites\/3\/2023\/10\/partenariat-adni-a-deux-et-plus-entrependre-1536x838.jpg 1536w, https:\/\/www.acteurs-du-nord-isere.fr\/story\/wp-content\/uploads\/sites\/3\/2023\/10\/partenariat-adni-a-deux-et-plus-entrependre.jpg 1980w\" sizes=\"auto, (max-width: 1024px) 100vw, 1024px\" \/><\/figure>\n\n\n\n<h2 class=\"wp-block-heading\">Des synergies pour l&rsquo;\u00e9conomie locale et tous ceux qui souhaitent entreprendre en Nord-Is\u00e8re<\/h2>\n\n\n\n<p>En conclusion, le partenariat entre Acteurs du Nord-Is\u00e8re et A Deux et Plus Entreprendre incarne l&rsquo;esprit de coop\u00e9ration et d&rsquo;entraide qui est essentiel pour notre territoire. En unissant nos forces, nous avons cr\u00e9\u00e9 un environnement propice \u00e0 l&rsquo;\u00e9panouissement des entrepreneurs locaux. Gr\u00e2ce \u00e0 la mise en commun de nos ressources, de notre expertise et de nos r\u00e9seaux, nous avons ouvert de nouvelles perspectives pour les professionnels du Nord-Is\u00e8re.<\/p>\n\n\n\n<p>Nous invitons chaleureusement toutes les personnes qui souhaitent entreprendre en Nord-Is\u00e8re \u00e0 prendre contact avec A Deux et Plus Entreprendre pour le lancement de leur projet. Que vous soyez un futur artisan du b\u00e2timent, un consultant, un cr\u00e9ateur ou tout autre professionnel, profitez d&rsquo;un accompagnement qui partage des valeurs communes : <strong>l&rsquo;entreprenariat responsable, l&rsquo;innovation sociale et le d\u00e9veloppement \u00e9conomique local<\/strong><\/p>\n\n\n\n<p>Ensemble, nous b\u00e2tissons un avenir entrepreneurial dynamique et solidaire dans le Nord-Is\u00e8re. Rejoignez-nous et faites partie de cette belle aventure collective !<\/p>\n\n\n\n<div class=\"wp-block-columns is-layout-flex wp-container-core-columns-is-layout-9d6595d7 wp-block-columns-is-layout-flex\">\n<div class=\"wp-block-column is-layout-flow wp-block-column-is-layout-flow\">\n<div class=\"wp-block-buttons is-layout-flex wp-block-buttons-is-layout-flex\">\n<div class=\"wp-block-button\"><a class=\"wp-block-button__link wp-element-button\" href=\"https:\/\/www.adeuxetplus.com\/\" target=\"_blank\" rel=\"noreferrer noopener\">Voir le site adeuxetplus.com<\/a><\/div>\n<\/div>\n<\/div>\n\n\n\n<div class=\"wp-block-column is-layout-flow wp-block-column-is-layout-flow\">\n<div class=\"wp-block-buttons is-layout-flex wp-block-buttons-is-layout-flex\">\n<div class=\"wp-block-button\"><a class=\"wp-block-button__link wp-element-button\" href=\"https:\/\/www.acteurs-du-nord-isere.fr\/entreprises\/a-deux-et-plus-entreprendre\/#acteurs\" target=\"_blank\" rel=\"noreferrer noopener\">Voir les entrepreneurs salari\u00e9s <\/a><\/div>\n<\/div>\n<\/div>\n<\/div>\n\n\n\n<p><\/p>\n\n\n\n<hr class=\"wp-block-separator has-alpha-channel-opacity\"\/>\n<\/div>\n<\/div>\n<\/div>\n<\/div>\n<\/div>\n<\/div>\n\n\n\n<figure class=\"wp-block-image size-large\"><img loading=\"lazy\" decoding=\"async\" width=\"1024\" height=\"559\" src=\"https:\/\/www.acteurs-du-nord-isere.fr\/story\/wp-content\/uploads\/sites\/3\/2023\/10\/bilan-acteurs-du-nord-isere-1024x559.jpg\" alt=\"\u00e9conomie locale A Deux et Plus Entreprendre\" class=\"wp-image-6822\" srcset=\"https:\/\/www.acteurs-du-nord-isere.fr\/story\/wp-content\/uploads\/sites\/3\/2023\/10\/bilan-acteurs-du-nord-isere-1024x559.jpg 1024w, https:\/\/www.acteurs-du-nord-isere.fr\/story\/wp-content\/uploads\/sites\/3\/2023\/10\/bilan-acteurs-du-nord-isere-300x164.jpg 300w, https:\/\/www.acteurs-du-nord-isere.fr\/story\/wp-content\/uploads\/sites\/3\/2023\/10\/bilan-acteurs-du-nord-isere-768x419.jpg 768w, https:\/\/www.acteurs-du-nord-isere.fr\/story\/wp-content\/uploads\/sites\/3\/2023\/10\/bilan-acteurs-du-nord-isere-1536x838.jpg 1536w, https:\/\/www.acteurs-du-nord-isere.fr\/story\/wp-content\/uploads\/sites\/3\/2023\/10\/bilan-acteurs-du-nord-isere.jpg 1980w\" sizes=\"auto, (max-width: 1024px) 100vw, 1024px\" \/><\/figure>\n\n\n\n<div class=\"wp-block-columns is-layout-flex wp-container-core-columns-is-layout-9d6595d7 wp-block-columns-is-layout-flex\">\n<div class=\"wp-block-column is-layout-flow wp-block-column-is-layout-flow\">\n<p>On vous laisse d\u00e9couvrir les fiches des entrepreneurs salari\u00e9s pr\u00e9sents sur la plateforme Acteurs du Nord-Is\u00e8re.<\/p>\n\n\n\n<h4 class=\"wp-block-heading\">Bien-\u00eatre :<\/h4>\n\n\n\n<p><a href=\"https:\/\/www.acteurs-du-nord-isere.fr\/entreprises\/a-2-mains-et-1-coeur\/\" target=\"_blank\" rel=\"noreferrer noopener\">A deux Mains et un Coeur &#8211; Osez un pas vers votre bien-\u00eatre<\/a><br><a href=\"https:\/\/www.acteurs-du-nord-isere.fr\/entreprises\/atelier-des-fleurs-de-vie\/\" target=\"_blank\" rel=\"noreferrer noopener\">Atelier des Fleurs de Vie &#8211; Harmonisation int\u00e9rieurs<\/a><br><a href=\"https:\/\/www.acteurs-du-nord-isere.fr\/entreprises\/sandra-cornaz-haptonomie-rebozo-doula\/\" target=\"_blank\" rel=\"noreferrer noopener\">Sandra Cornaz \u2013 Haptonomie Rebozo Doula &#8211; Une rencontre unique pour vous &amp; b\u00e9b\u00e9<\/a><br><a href=\"https:\/\/www.acteurs-du-nord-isere.fr\/entreprises\/cf-therapie\/\" target=\"_blank\" rel=\"noreferrer noopener\">CF Th\u00e9rapie &#8211; Tout ce qui ne s&rsquo;exprime pas, s&rsquo;imprime<\/a><br><a href=\"https:\/\/www.acteurs-du-nord-isere.fr\/entreprises\/veronique-francois\/\" target=\"_blank\" rel=\"noreferrer noopener\">V\u00e9ronique Francois &#8211; Naturo-Praticienne M\u00e9thode JMV<\/a><br><a href=\"https:\/\/www.acteurs-du-nord-isere.fr\/entreprises\/accompagnement-corps-esprit\/\" target=\"_blank\" rel=\"noreferrer noopener\">Accompagnement Corps Esprit &#8211; Faire concilier Bien-\u00eatre et Performance<\/a><br><a href=\"https:\/\/www.acteurs-du-nord-isere.fr\/entreprises\/vos-ongles-fee\/\" target=\"_blank\" rel=\"noreferrer noopener\">Vos Ongles F\u00e9e &#8211; Etre beau, belle jusqu&rsquo;au bout des doigts<\/a><br><a href=\"https:\/\/www.acteurs-du-nord-isere.fr\/entreprises\/cocon-et-douce-heure\/\" target=\"_blank\" rel=\"noreferrer noopener\">Cocon et Douce Heure &#8211; Ateliers parentalit\u00e9<\/a><br><a href=\"https:\/\/www.acteurs-du-nord-isere.fr\/entreprises\/naturopathie-et-bien-etre\/\" target=\"_blank\" rel=\"noreferrer noopener\">Naturopathie et Bien-\u00eatre &#8211; Accompagnement pour bien vieillir<\/a><br><a href=\"https:\/\/www.acteurs-du-nord-isere.fr\/entreprises\/delphine-dubost-reflexologue\/\" target=\"_blank\" rel=\"noreferrer noopener\">Delphine Dubost R\u00e9flexologue &#8211; Un pur moment de d\u00e9tente !<\/a><\/p>\n\n\n\n<h4 class=\"wp-block-heading\">Services :<\/h4>\n\n\n\n<p><a href=\"https:\/\/www.acteurs-du-nord-isere.fr\/entreprises\/neurofeedback-nord-isere\/\" target=\"_blank\" rel=\"noreferrer noopener\">Neurofeedback Nord-Is\u00e8re &#8211; Boostez les capacit\u00e9s de votre cerveau !<\/a><br><a href=\"https:\/\/www.acteurs-du-nord-isere.fr\/entreprises\/rebond\/\" target=\"_blank\" rel=\"noreferrer noopener\">Rebond &#8211; D\u00e9velopper son agilit\u00e9 relationnelle<\/a><br><a href=\"https:\/\/www.acteurs-du-nord-isere.fr\/entreprises\/matthieu-chaux\/\" target=\"_blank\" rel=\"noreferrer noopener\">Matthieu Chaux &#8211; Formation textile \/ Expertise &#8211; Tutorat<\/a><br><a href=\"https:\/\/www.acteurs-du-nord-isere.fr\/entreprises\/plume-o-vent-le-mas-de-letang\/\" target=\"_blank\" rel=\"noreferrer noopener\">Plume O Vent \/ Le Mas de L\u2019Etang &#8211; Fleurs Chapeaux F\u00e9minit\u00e9 Cr\u00e9ativit\u00e9<\/a><br><a href=\"https:\/\/www.acteurs-du-nord-isere.fr\/entreprises\/francis-payen\/\" target=\"_blank\" rel=\"noreferrer noopener\">Francis Payen &#8211; Manager votre entreprise autrement<\/a><br><a href=\"https:\/\/www.acteurs-du-nord-isere.fr\/entreprises\/la-secretaire-independante\/\" target=\"_blank\" rel=\"noreferrer noopener\">L.A Secr\u00e9taire Ind\u00e9pendante &#8211; Votre secr\u00e9taire \u00e0 distance ou sur site<\/a><br><a href=\"https:\/\/www.acteurs-du-nord-isere.fr\/entreprises\/tip-conseil\/\" target=\"_blank\" rel=\"noreferrer noopener\">Tip Conseil &#8211; Transversalit\u00e9 &amp; Impacts Positifs<\/a><br><a href=\"https:\/\/www.acteurs-du-nord-isere.fr\/entreprises\/avnir-formation\/\" target=\"_blank\" rel=\"noreferrer noopener\">Av\u2019nir Formation &#8211; Formatrice professionnelle ind\u00e9pendante<\/a><br><a href=\"https:\/\/www.acteurs-du-nord-isere.fr\/entreprises\/bakhemra\/\" target=\"_blank\" rel=\"noreferrer noopener\">Bakhemra &#8211; L&rsquo;Esprit critique et Sens Collectif<\/a><br><a href=\"https:\/\/www.acteurs-du-nord-isere.fr\/entreprises\/un-brin-dnature\/\" target=\"_blank\" rel=\"noreferrer noopener\">Un brin d\u2019nature &#8211; Au contact de la nature<\/a><br><a href=\"https:\/\/www.acteurs-du-nord-isere.fr\/entreprises\/agence-objectif-com\/\" target=\"_blank\" rel=\"noreferrer noopener\">Agence OBJECTIF COM &#8211; Le digitale tout simplement<\/a><br><a href=\"https:\/\/www.acteurs-du-nord-isere.fr\/entreprises\/pedagogie-co\/\" target=\"_blank\" rel=\"noreferrer noopener\">P\u00e9dagogie &amp; Co &#8211; Vers le d\u00e9veloppement de Soi !<\/a><br><a href=\"https:\/\/www.acteurs-du-nord-isere.fr\/entreprises\/cap-vers-linclusion\/\" target=\"_blank\" rel=\"noreferrer noopener\">Cap Vers L\u2019Inclusion &#8211; Ensemble pour une soci\u00e9t\u00e9 plus inclusive<\/a><br><a href=\"https:\/\/www.acteurs-du-nord-isere.fr\/entreprises\/david-berger-coach-professionnel-certifie-rncp\/\" target=\"_blank\" rel=\"noreferrer noopener\">David Berger Coach Professionnel Certifi\u00e9 RNCP &#8211; Dirigeants : lib\u00e9rez les non-dits !<\/a><br><a href=\"https:\/\/www.acteurs-du-nord-isere.fr\/entreprises\/latelier-de-laurence\/\" target=\"_blank\" rel=\"noreferrer noopener\">L\u2019Atelier de Laurence &#8211; Retouches et coutures<\/a><br><a href=\"https:\/\/www.acteurs-du-nord-isere.fr\/entreprises\/refletmoi\/\" target=\"_blank\" rel=\"noreferrer noopener\">Reflet&amp;moi &#8211; D\u00e9coration \u00e9coresponsable et saine<\/a><\/p>\n\n\n\n<h4 class=\"wp-block-heading\">Artisans &amp; construction :<\/h4>\n\n\n\n<p><a href=\"https:\/\/www.acteurs-du-nord-isere.fr\/entreprises\/fil-net\/\" target=\"_blank\" rel=\"noreferrer noopener\">Fil Net &#8211; Tout ce qui coupe, s&rsquo;aff\u00fbte.<\/a><br><a href=\"https:\/\/www.acteurs-du-nord-isere.fr\/entreprises\/sarinna-pose\/\" target=\"_blank\" rel=\"noreferrer noopener\">Sarinna Pose &#8211; Pose de toutes menuiseries alu pvc acier<\/a><br><a href=\"https:\/\/www.acteurs-du-nord-isere.fr\/entreprises\/ici-bois\/\" target=\"_blank\" rel=\"noreferrer noopener\">Ici-Bois &#8211; R\u00e9alisons ensemble vos projets en bois !<\/a><br><\/p>\n<\/div>\n<\/div>\n","protected":false},"excerpt":{"rendered":"<p>D\u00e9couvrez notre partenariat avec A Deux et Plus Entreprendre, unissant nos forces pour promouvoir l&rsquo;\u00e9conomie locale et favorisant la diversit\u00e9 entrepreneuriale.<\/p>\n","protected":false},"author":1,"featured_media":6867,"comment_status":"closed","ping_status":"closed","sticky":false,"template":"","format":"standard","meta":{"_acf_changed":false,"footnotes":""},"categories":[5],"tags":[370,371,369],"categoriescommunes":[251],"class_list":{"0":"post-6854","1":"post","2":"type-post","3":"status-publish","4":"format-standard","5":"has-post-thumbnail","7":"category-monde-economique","8":"tag-cooperative","9":"tag-entreprenariat","10":"tag-scop","11":"categoriescommunes-bourgoin-jallieu"},"acf":[],"aioseo_notices":[],"_links":{"self":[{"href":"https:\/\/www.acteurs-du-nord-isere.fr\/story\/wp-json\/wp\/v2\/posts\/6854","targetHints":{"allow":["GET"]}}],"collection":[{"href":"https:\/\/www.acteurs-du-nord-isere.fr\/story\/wp-json\/wp\/v2\/posts"}],"about":[{"href":"https:\/\/www.acteurs-du-nord-isere.fr\/story\/wp-json\/wp\/v2\/types\/post"}],"author":[{"embeddable":true,"href":"https:\/\/www.acteurs-du-nord-isere.fr\/story\/wp-json\/wp\/v2\/users\/1"}],"replies":[{"embeddable":true,"href":"https:\/\/www.acteurs-du-nord-isere.fr\/story\/wp-json\/wp\/v2\/comments?post=6854"}],"version-history":[{"count":17,"href":"https:\/\/www.acteurs-du-nord-isere.fr\/story\/wp-json\/wp\/v2\/posts\/6854\/revisions"}],"predecessor-version":[{"id":6903,"href":"https:\/\/www.acteurs-du-nord-isere.fr\/story\/wp-json\/wp\/v2\/posts\/6854\/revisions\/6903"}],"wp:featuredmedia":[{"embeddable":true,"href":"https:\/\/www.acteurs-du-nord-isere.fr\/story\/wp-json\/wp\/v2\/media\/6867"}],"wp:attachment":[{"href":"https:\/\/www.acteurs-du-nord-isere.fr\/story\/wp-json\/wp\/v2\/media?parent=6854"}],"wp:term":[{"taxonomy":"category","embeddable":true,"href":"https:\/\/www.acteurs-du-nord-isere.fr\/story\/wp-json\/wp\/v2\/categories?post=6854"},{"taxonomy":"post_tag","embeddable":true,"href":"https:\/\/www.acteurs-du-nord-isere.fr\/story\/wp-json\/wp\/v2\/tags?post=6854"},{"taxonomy":"categoriescommunes","embeddable":true,"href":"https:\/\/www.acteurs-du-nord-isere.fr\/story\/wp-json\/wp\/v2\/categoriescommunes?post=6854"}],"curies":[{"name":"wp","href":"https:\/\/api.w.org\/{rel}","templated":true}]}}