{"id":6938,"date":"2023-11-12T18:35:17","date_gmt":"2023-11-12T17:35:17","guid":{"rendered":"https:\/\/www.acteurs-du-nord-isere.fr\/story\/?p=6938"},"modified":"2023-11-12T18:40:58","modified_gmt":"2023-11-12T17:40:58","slug":"concours-de-coinche-et-moules-frites-doissin-se-mobilise-pour-le-telethon","status":"publish","type":"post","link":"https:\/\/www.acteurs-du-nord-isere.fr\/story\/concours-de-coinche-et-moules-frites-doissin-se-mobilise-pour-le-telethon\/","title":{"rendered":"Concours de Coinche et Moules frites : Doissin se mobilise pour le T\u00e9l\u00e9thon"},"content":{"rendered":"\n<p>Comme chaque ann\u00e9e, de nombreuses associations et entreprises du Nord-Is\u00e8re se mobilisent pour <strong>l&rsquo;AFM-T\u00e9l\u00e9thon : \u00ab\u00a0innover pour gu\u00e9rir\u00a0\u00bb<\/strong> afin de mobiliser un maximum de personnes pour sensibiliser autour des maladies et soutenir la mise au point de th\u00e9rapies innovantes.\u00a0 Le comit\u00e9 des f\u00eates de Doissin r\u00e9pond \u00e0 cette mobilisation avec deux jours d&rsquo;activit\u00e9s enrichissantes <strong>les 25 et 26 novembre \u00e0 la Salle des f\u00eates de Doissin<\/strong>. <\/p>\n\n\n\n<p>Une initiative qui vise \u00e0 soutenir le T\u00e9l\u00e9thon dans ses efforts pour l&rsquo;innovation m\u00e9dicale aupr\u00e8s des Doissinois et des communes limitrophes. <\/p>\n\n\n\n<h2 class=\"wp-block-heading\">Concours de coinche le Samedi 25 novembre <\/h2>\n\n\n\n<div class=\"wp-block-media-text is-stacked-on-mobile\" style=\"grid-template-columns:36% auto\"><figure class=\"wp-block-media-text__media\"><img loading=\"lazy\" decoding=\"async\" width=\"900\" height=\"900\" src=\"https:\/\/www.acteurs-du-nord-isere.fr\/story\/wp-content\/uploads\/sites\/3\/2023\/11\/jeux-de-cartes-classiques.png\" alt=\"\" class=\"wp-image-6944 size-full\" srcset=\"https:\/\/www.acteurs-du-nord-isere.fr\/story\/wp-content\/uploads\/sites\/3\/2023\/11\/jeux-de-cartes-classiques.png 900w, https:\/\/www.acteurs-du-nord-isere.fr\/story\/wp-content\/uploads\/sites\/3\/2023\/11\/jeux-de-cartes-classiques-300x300.png 300w, https:\/\/www.acteurs-du-nord-isere.fr\/story\/wp-content\/uploads\/sites\/3\/2023\/11\/jeux-de-cartes-classiques-150x150.png 150w, https:\/\/www.acteurs-du-nord-isere.fr\/story\/wp-content\/uploads\/sites\/3\/2023\/11\/jeux-de-cartes-classiques-768x768.png 768w, https:\/\/www.acteurs-du-nord-isere.fr\/story\/wp-content\/uploads\/sites\/3\/2023\/11\/jeux-de-cartes-classiques-100x100.png 100w, https:\/\/www.acteurs-du-nord-isere.fr\/story\/wp-content\/uploads\/sites\/3\/2023\/11\/jeux-de-cartes-classiques-140x140.png 140w, https:\/\/www.acteurs-du-nord-isere.fr\/story\/wp-content\/uploads\/sites\/3\/2023\/11\/jeux-de-cartes-classiques-500x500.png 500w, https:\/\/www.acteurs-du-nord-isere.fr\/story\/wp-content\/uploads\/sites\/3\/2023\/11\/jeux-de-cartes-classiques-350x350.png 350w, https:\/\/www.acteurs-du-nord-isere.fr\/story\/wp-content\/uploads\/sites\/3\/2023\/11\/jeux-de-cartes-classiques-800x800.png 800w\" sizes=\"auto, (max-width: 900px) 100vw, 900px\" \/><\/figure><div class=\"wp-block-media-text__content\">\n<p>Le samedi soir d\u00e9butera avec un passionnant <strong>concours de coinche \u00e0 partir de 19h<\/strong>, offrant aux participants l&rsquo;occasion de s&rsquo;amuser tout en soutenant une noble cause. Pour garantir une soir\u00e9e m\u00e9morable, la restauration rapide sera disponible sur place, ajoutant une touche gourmande \u00e0 cette exp\u00e9rience solidaire. <\/p>\n\n\n\n<p>Les \u00e9quipes, constitu\u00e9es en doublettes, auront l&rsquo;opportunit\u00e9 de d\u00e9montrer leur habilet\u00e9 dans ce jeu de cartes populaire. <strong>Avec une participation de 16 \u20ac par \u00e9quipe<\/strong>, chaque duo <strong>recevra un lot<\/strong>, faisant de cette soir\u00e9e un moment de comp\u00e9tition divertissante et conviviale.<\/p>\n<\/div><\/div>\n\n\n\n<h2 class=\"wp-block-heading\">Vente de moules frites et p\u00e2tisseries le Dimanche 26 novembre<\/h2>\n\n\n\n<p>Le dimanche d\u00e9butera \u00e0 11h avec une d\u00e9licieuse vente de moules frites et p\u00e2tisseries, une opportunit\u00e9 de se r\u00e9galer tout en contribuant au T\u00e9l\u00e9thon. Les tarifs abordables de <strong>6,50 \u20ac pour les moules<\/strong>, <strong>2,00 \u20ac pour les frites<\/strong> et <strong>1,00 \u20ac pour le fromage<\/strong>, permettent \u00e0 chacun de participer. Pour les amateurs de sucreries, <strong>des petits g\u00e2teaux<\/strong> seront disponibles \u00e0 <strong>3,00 \u20ac<\/strong> et de g\u00e9n\u00e9reux <strong>gros g\u00e2teaux \u00e0 10,00 \u20ac<\/strong>. <\/p>\n\n\n\n<p>Il est important de noter que l&rsquo;initiative encourage l&rsquo;utilisation de r\u00e9cipients personnels et propose un service de paiement par carte bancaire sur place, tous les b\u00e9n\u00e9fices seront revers\u00e9s au T\u00e9l\u00e9thon facilitant la participation et le soutien \u00e0 la recherche m\u00e9dicale.<\/p>\n\n\n\n<figure class=\"wp-block-image size-large is-resized\"><img loading=\"lazy\" decoding=\"async\" width=\"1024\" height=\"583\" src=\"https:\/\/www.acteurs-du-nord-isere.fr\/story\/wp-content\/uploads\/sites\/3\/2023\/11\/logo-CDF-1024x583.jpg\" alt=\"\" class=\"wp-image-6941\" style=\"width:808px;height:auto\" srcset=\"https:\/\/www.acteurs-du-nord-isere.fr\/story\/wp-content\/uploads\/sites\/3\/2023\/11\/logo-CDF-1024x583.jpg 1024w, https:\/\/www.acteurs-du-nord-isere.fr\/story\/wp-content\/uploads\/sites\/3\/2023\/11\/logo-CDF-300x171.jpg 300w, https:\/\/www.acteurs-du-nord-isere.fr\/story\/wp-content\/uploads\/sites\/3\/2023\/11\/logo-CDF-768x437.jpg 768w, https:\/\/www.acteurs-du-nord-isere.fr\/story\/wp-content\/uploads\/sites\/3\/2023\/11\/logo-CDF.jpg 1364w\" sizes=\"auto, (max-width: 1024px) 100vw, 1024px\" \/><\/figure>\n\n\n\n<h2 class=\"wp-block-heading\">Un weekend organis\u00e9 par le Comit\u00e9 des f\u00eates de Doissin <\/h2>\n\n\n\n<p>Cet \u00e9v\u00e9nement est rendu possible gr\u00e2ce \u00e0 l&rsquo;engagement <strong>du Comit\u00e9 des f\u00eates de Doissin<\/strong>. Compos\u00e9 de membres d\u00e9vou\u00e9s, le comit\u00e9 met tout en \u0153uvre pour assurer le bon d\u00e9roulement de ces journ\u00e9es au profit de l&rsquo;AFM &#8211; TELETHON. Dirig\u00e9s par une passion commune pour la solidarit\u00e9 et l&rsquo;animation de nos communes, ils coordonnent chaque d\u00e9tail, du concours de coinche \u00e0 la vente de moules frites et p\u00e2tisseries. Nous profitons de cet article pour remercier tous les b\u00e9n\u00e9voles et organisateurs qui contribuent \u00e0 la r\u00e9ussite de ces \u00e9v\u00e9nements qui sont essentiels dans la vie d&rsquo;une commune en Nord-Is\u00e8re.<\/p>\n\n\n\n<div style=\"height:50px\" aria-hidden=\"true\" class=\"wp-block-spacer\"><\/div>\n\n\n\n<div class=\"wp-block-media-text is-stacked-on-mobile\" style=\"grid-template-columns:45% auto\"><figure class=\"wp-block-media-text__media\"><img loading=\"lazy\" decoding=\"async\" width=\"723\" height=\"1024\" src=\"https:\/\/www.acteurs-du-nord-isere.fr\/story\/wp-content\/uploads\/sites\/3\/2023\/11\/Affiche_Thelethon_2023_A3-723x1024.jpg\" alt=\"Affiche Concours de Coinche et Moules frites : Doissin se mobilise pour le T\u00e9l\u00e9thon\" class=\"wp-image-6940 size-full\" srcset=\"https:\/\/www.acteurs-du-nord-isere.fr\/story\/wp-content\/uploads\/sites\/3\/2023\/11\/Affiche_Thelethon_2023_A3-723x1024.jpg 723w, https:\/\/www.acteurs-du-nord-isere.fr\/story\/wp-content\/uploads\/sites\/3\/2023\/11\/Affiche_Thelethon_2023_A3-212x300.jpg 212w, https:\/\/www.acteurs-du-nord-isere.fr\/story\/wp-content\/uploads\/sites\/3\/2023\/11\/Affiche_Thelethon_2023_A3.jpg 768w\" sizes=\"auto, (max-width: 723px) 100vw, 723px\" \/><\/figure><div class=\"wp-block-media-text__content\">\n<h2 class=\"wp-block-heading\">Ne manquez pas le weekend du 25 et 26 novembre pour vous rendre \u00e0 Doissin<\/h2>\n\n\n\n<p>Le Comit\u00e9 des f\u00eates, avec l&rsquo;ensemble de la communaut\u00e9, s&rsquo;unit pour soutenir la recherche m\u00e9dicale et l&rsquo;innovation. Que vous soyez amateur de jeux de cartes, gourmand inv\u00e9t\u00e9r\u00e9 ou simplement d\u00e9sireux de participer \u00e0 une initiative b\u00e9n\u00e9fique, ces deux jours vous offrent une chance pr\u00e9cieuse de faire la diff\u00e9rence. Venez nombreux et unissons nos efforts pour soutenir l<strong>&lsquo;<strong><a href=\"https:\/\/www.afm-telethon.fr\/fr\" target=\"_blank\" rel=\"noopener\" title=\"\">AFM-T\u00e9l\u00e9thon<\/a><\/strong><\/strong> et ses actions innovantes vers la gu\u00e9rison.<\/p>\n\n\n\n<p><strong>Rendez-vous \u00e0 la salle des f\u00eates de <a href=\"https:\/\/www.acteurs-du-nord-isere.fr\/commune\/doissin\/\" target=\"_blank\" rel=\"noopener\" title=\"\">Doissin <\/a>le 25 et 26 novembre. <\/strong><\/p>\n<\/div><\/div>\n\n\n\n<p><\/p>\n","protected":false},"excerpt":{"rendered":"<p>D\u00e9couvrez l&rsquo;\u00e9v\u00e9nement exceptionnel \u00e0 Doissin, unissant concours de coinche, d\u00e9lices culinaires et solidarit\u00e9 pour soutenir le T\u00e9l\u00e9thon. Ensemble, innovons pour gu\u00e9rir! <\/p>\n","protected":false},"author":1,"featured_media":6939,"comment_status":"closed","ping_status":"closed","sticky":false,"template":"","format":"standard","meta":{"_acf_changed":false,"footnotes":""},"categories":[8],"tags":[382,386,384,385,381],"categoriescommunes":[116],"class_list":{"0":"post-6938","1":"post","2":"type-post","3":"status-publish","4":"format-standard","5":"has-post-thumbnail","7":"category-monde-associatif","8":"tag-coinche","9":"tag-jeu-de-cartes","10":"tag-moules-frites","11":"tag-patisseries","12":"tag-telethon","13":"categoriescommunes-doissin"},"acf":[],"aioseo_notices":[],"_links":{"self":[{"href":"https:\/\/www.acteurs-du-nord-isere.fr\/story\/wp-json\/wp\/v2\/posts\/6938","targetHints":{"allow":["GET"]}}],"collection":[{"href":"https:\/\/www.acteurs-du-nord-isere.fr\/story\/wp-json\/wp\/v2\/posts"}],"about":[{"href":"https:\/\/www.acteurs-du-nord-isere.fr\/story\/wp-json\/wp\/v2\/types\/post"}],"author":[{"embeddable":true,"href":"https:\/\/www.acteurs-du-nord-isere.fr\/story\/wp-json\/wp\/v2\/users\/1"}],"replies":[{"embeddable":true,"href":"https:\/\/www.acteurs-du-nord-isere.fr\/story\/wp-json\/wp\/v2\/comments?post=6938"}],"version-history":[{"count":6,"href":"https:\/\/www.acteurs-du-nord-isere.fr\/story\/wp-json\/wp\/v2\/posts\/6938\/revisions"}],"predecessor-version":[{"id":6951,"href":"https:\/\/www.acteurs-du-nord-isere.fr\/story\/wp-json\/wp\/v2\/posts\/6938\/revisions\/6951"}],"wp:featuredmedia":[{"embeddable":true,"href":"https:\/\/www.acteurs-du-nord-isere.fr\/story\/wp-json\/wp\/v2\/media\/6939"}],"wp:attachment":[{"href":"https:\/\/www.acteurs-du-nord-isere.fr\/story\/wp-json\/wp\/v2\/media?parent=6938"}],"wp:term":[{"taxonomy":"category","embeddable":true,"href":"https:\/\/www.acteurs-du-nord-isere.fr\/story\/wp-json\/wp\/v2\/categories?post=6938"},{"taxonomy":"post_tag","embeddable":true,"href":"https:\/\/www.acteurs-du-nord-isere.fr\/story\/wp-json\/wp\/v2\/tags?post=6938"},{"taxonomy":"categoriescommunes","embeddable":true,"href":"https:\/\/www.acteurs-du-nord-isere.fr\/story\/wp-json\/wp\/v2\/categoriescommunes?post=6938"}],"curies":[{"name":"wp","href":"https:\/\/api.w.org\/{rel}","templated":true}]}}