{"id":7070,"date":"2024-01-21T22:07:49","date_gmt":"2024-01-21T21:07:49","guid":{"rendered":"https:\/\/www.acteurs-du-nord-isere.fr\/story\/?p=7070"},"modified":"2024-01-21T22:09:14","modified_gmt":"2024-01-21T21:09:14","slug":"villages-davenir-2024-15-communes-laureates-en-nord-isere-pretes-a-se-transformer","status":"publish","type":"post","link":"https:\/\/www.acteurs-du-nord-isere.fr\/story\/villages-davenir-2024-15-communes-laureates-en-nord-isere-pretes-a-se-transformer\/","title":{"rendered":"Villages d\u2019avenir 2024 : 15 Communes Laur\u00e9ates en Nord-Is\u00e8re pr\u00eates \u00e0 se transformer"},"content":{"rendered":"\n<p>Le 15 juin 2023, la Premi\u00e8re Ministre a d\u00e9voil\u00e9 Villages d\u2019avenir, une initiative majeure inscrite dans le plan <a href=\"https:\/\/www.ecologie.gouv.fr\/france-ruralites-plan-equite-territoriale\" target=\"_blank\" rel=\"noopener\" title=\"\">France Ruralit\u00e9s<\/a>. Pilot\u00e9 par l\u2019Agence nationale de la coh\u00e9sion des territoires (ANCT), ce programme vise \u00e0 offrir un appui en ing\u00e9nierie aux communes rurales <strong>de moins de 3 500 habitants<\/strong> pour concr\u00e9tiser leurs projets de d\u00e9veloppement. Compl\u00e9mentaire aux programmes existants tels que <strong>Action c\u0153ur de ville<\/strong>, <strong>Petites Villes de demain<\/strong>, <strong>Territoires d\u2019industrie<\/strong>, <strong>Avenir montagnes<\/strong>, l\u2019ing\u00e9nierie sur mesure, et le dispositif des volontaires territoriaux en administration, Villages d\u2019avenir s&rsquo;affirme comme une r\u00e9ponse concr\u00e8te aux enjeux des territoires ruraux.<\/p>\n\n\n\n<p>Villages d\u2019avenir a pour objectif de faciliter le quotidien des \u00e9lus d\u00e9veloppeurs en les accompagnant dans leurs projets et en les orientant vers les dispositifs et aides existantes de l\u2019\u00c9tat ainsi que des autres partenaires financeurs.<\/p>\n\n\n\n<h2 class=\"wp-block-heading\">15 communes Laur\u00e9ates sur 26 sont en Nord-Is\u00e8re !<\/h2>\n\n\n\n<p>La premi\u00e8re vague de labellisation de Villages d&rsquo;avenir a distingu\u00e9 26 communes is\u00e9roises, dont <strong>15 sont situ\u00e9es en Nord-Is\u00e8re<\/strong>. Annonc\u00e9es dans le cadre du plan France Ruralit\u00e9s, ces communes b\u00e9n\u00e9ficieront d&rsquo;un accompagnement sp\u00e9cifique \u00e0 partir de janvier 2024 pour une p\u00e9riode allant de 12 \u00e0 18 mois. Cette initiative s&rsquo;inscrit dans la volont\u00e9 de r\u00e9pondre aux besoins quotidiens des habitants et d&rsquo;insuffler une nouvelle dynamique dans ces territoires.<\/p>\n\n\n\n<p>Dans notre dernier article sur les statistiques de l&rsquo;INSEE, nous avions not\u00e9 que le Nord-Is\u00e8re attire une grande partie des nouveaux habitants. <br><a href=\"https:\/\/www.acteurs-du-nord-isere.fr\/story\/demographie-en-isere-7-nouveaux-habitants-sur-10-sinstallent-en-nord-isere\/\" title=\"\">> D\u00e9mographie En Is\u00e8re : 7 Nouveaux Habitants Sur 10 S\u2019installent En Nord-Is\u00e8re<\/a><\/p>\n\n\n\n<p>La vitalit\u00e9 de notre territoire s&rsquo;exprime de nouveau \u00e0 travers<strong> la labellisation de 15 communes<\/strong>, t\u00e9moignant de leur engagement \u00e0 fa\u00e7onner un avenir dynamique et prosp\u00e8re. Au niveau des intercommunalit\u00e9s, les plus repr\u00e9sent\u00e9s parmi les laur\u00e9ats sont <strong><a href=\"https:\/\/www.acteurs-du-nord-isere.fr\/epci\/cc-les-balcons-du-dauphine\/\">CC Les Balcons du Dauphin\u00e9<\/a><\/strong> et <strong><a href=\"https:\/\/www.acteurs-du-nord-isere.fr\/epci\/ca-du-pays-voironnais\/\">CA du Pays Voironnais<\/a><\/strong>, repr\u00e9sentant plus de la moiti\u00e9 des communes.<\/p>\n\n\n\n<h3 class=\"wp-block-heading\">Voici la liste des 15 communes s\u00e9lectionn\u00e9es :<\/h3>\n\n\n\n<div class=\"wp-block-columns is-layout-flex wp-container-core-columns-is-layout-9d6595d7 wp-block-columns-is-layout-flex\">\n<div class=\"wp-block-column is-layout-flow wp-block-column-is-layout-flow\">\n<p><a href=\"https:\/\/www.acteurs-du-nord-isere.fr\/commune\/bilieu\/\">Bilieu<\/a> &#8211; 1597 habs &#8211; CA du Pays Voironnais<br><a href=\"https:\/\/www.acteurs-du-nord-isere.fr\/commune\/bouvesse-quirieu\/\">Bouvesse-Quirieu<\/a> &#8211; 1509 habs &#8211; CC Les Balcons du Dauphin\u00e9<br><a href=\"https:\/\/www.acteurs-du-nord-isere.fr\/commune\/charavines\/\">Charavines<\/a> &#8211; 1982 habs &#8211; CA du Pays Voironnais<br><a href=\"https:\/\/www.acteurs-du-nord-isere.fr\/commune\/charette\/\">Charette<\/a> &#8211; 439 habs &#8211; CC Les Balcons du Dauphin\u00e9<br><a href=\"https:\/\/www.acteurs-du-nord-isere.fr\/commune\/chimilin\/\">Chimilin<\/a> &#8211; 1403 habs &#8211; CC Les Balcons du Dauphin\u00e9<br><a href=\"https:\/\/www.acteurs-du-nord-isere.fr\/commune\/corbelin\/\">Corbelin<\/a> &#8211; 2325 habs &#8211; CC Les Balcons du Dauphin\u00e9<br><a href=\"https:\/\/www.acteurs-du-nord-isere.fr\/commune\/culin\/\">Culin<\/a> &#8211; 756 habs &#8211; CC Bi\u00e8vre Is\u00e8re<br><a href=\"https:\/\/www.acteurs-du-nord-isere.fr\/commune\/faramans\/\">Faramans<\/a> &#8211; 1122 habs &#8211; CC Bi\u00e8vre Is\u00e8re<br><\/p>\n<\/div>\n\n\n\n<div class=\"wp-block-column is-layout-flow wp-block-column-is-layout-flow\">\n<p><a href=\"https:\/\/www.acteurs-du-nord-isere.fr\/commune\/montferrat\/\">Montferrat<\/a> &#8211; 1839 habs &#8211; CA du Pays Voironnais<br><a href=\"https:\/\/www.acteurs-du-nord-isere.fr\/commune\/revel-tourdan\/\">Revel-Tourdan<\/a> &#8211; 1044 habs &#8211; CC entre Bi\u00e8vre et Rh\u00f4ne<br><a href=\"https:\/\/www.acteurs-du-nord-isere.fr\/commune\/saint-agnin-sur-bion\/\">Saint-Agnin-sur-Bion<\/a>  &#8211; 1135 habs &#8211; CC Bi\u00e8vre Is\u00e8re<br><a href=\"https:\/\/www.acteurs-du-nord-isere.fr\/commune\/satolas-et-bonce\/\">Satolas-et-Bonce<\/a> &#8211; 2520 habs &#8211; CAPI<br><a href=\"https:\/\/www.acteurs-du-nord-isere.fr\/commune\/val-de-virieu\/\">Val-de-Virieu<\/a> &#8211; 1535habs &#8211; CC Les Vals du Dauphin\u00e9<br><a href=\"https:\/\/www.acteurs-du-nord-isere.fr\/commune\/vernioz\/\">Vernioz<\/a> &#8211; 1469 habs &#8211; CC entre Bi\u00e8vre et Rh\u00f4ne<br><a href=\"https:\/\/www.acteurs-du-nord-isere.fr\/commune\/villages-du-lac-de-paladru\/\">Villages-du-Lac-de-Paladru <\/a>&#8211; 2586 habs &#8211; CA du Pays Voironnais<\/p>\n<\/div>\n<\/div>\n\n\n\n<div style=\"height:100px\" aria-hidden=\"true\" class=\"wp-block-spacer\"><\/div>\n\n\n\n<figure class=\"wp-block-image size-full\"><img loading=\"lazy\" decoding=\"async\" width=\"900\" height=\"343\" src=\"https:\/\/www.acteurs-du-nord-isere.fr\/story\/wp-content\/uploads\/sites\/3\/2024\/01\/France-ruralites_900.jpg\" alt=\"Villages d\u2019avenir 2024 en Nord-Is\u00e8re\" class=\"wp-image-7071\" srcset=\"https:\/\/www.acteurs-du-nord-isere.fr\/story\/wp-content\/uploads\/sites\/3\/2024\/01\/France-ruralites_900.jpg 900w, https:\/\/www.acteurs-du-nord-isere.fr\/story\/wp-content\/uploads\/sites\/3\/2024\/01\/France-ruralites_900-300x114.jpg 300w, https:\/\/www.acteurs-du-nord-isere.fr\/story\/wp-content\/uploads\/sites\/3\/2024\/01\/France-ruralites_900-768x293.jpg 768w\" sizes=\"auto, (max-width: 900px) 100vw, 900px\" \/><\/figure>\n\n\n\n<h2 class=\"wp-block-heading\">Un accompagnement personnalis\u00e9 pour les communes Laur\u00e9ates de Villages d\u2019avenir<\/h2>\n\n\n\n<p>Les 120 chefs de projet, recrut\u00e9s dans le cadre de Villages d&rsquo;avenir, joueront un r\u00f4le cl\u00e9 dans l&rsquo;accompagnement des communes laur\u00e9ates. Plac\u00e9s au plus pr\u00e8s des \u00e9quipes d\u2019accompagnement en pr\u00e9fecture, sous-pr\u00e9fecture et DDT, ces experts seront les interlocuteurs privil\u00e9gi\u00e9s des communes, les guidant \u00e0 travers chaque \u00e9tape de leurs projets. Leur mission s&rsquo;\u00e9tend du lancement d&rsquo;un diagnostic territorial \u00e0 la recherche de financements publics et priv\u00e9s, en passant par la mobilisation d&rsquo;appuis en ing\u00e9nierie locale.<\/p>\n\n\n\n<h2 class=\"wp-block-heading\">Le label Villages d\u2019avenir et sa reconnaissance<\/h2>\n\n\n\n<p>Au-del\u00e0 de l&rsquo;accompagnement, le label Villages d\u2019avenir valorisera les communes laur\u00e9ates, les positionnant comme des entit\u00e9s dynamiques en transformation. Cette reconnaissance contribuera \u00e0 renforcer leur attractivit\u00e9 et facilitera l&rsquo;acc\u00e8s \u00e0 d&rsquo;autres dispositifs de soutien. <strong>Villages d\u2019avenir devient ainsi un gage de dynamisme et de vitalit\u00e9 pour ces territoires en qu\u00eate de d\u00e9veloppement.<\/strong><\/p>\n\n\n\n<h2 class=\"wp-block-heading\">De futurs projets pour les communes Laur\u00e9ates en Nord-Is\u00e8re<\/h2>\n\n\n\n<p>Les projets soutenus par Villages d\u2019Avenir en Nord-Is\u00e8re couvrent un spectre diversifi\u00e9, refl\u00e9tant les ambitions vari\u00e9es des communes. Que ce soit le lancement de nouveaux services de proximit\u00e9, la r\u00e9habilitation de b\u00e2timents structurants, le r\u00e9am\u00e9nagement de centres-bourgs, ou encore le d\u00e9veloppement de projets culturels et touristiques, chaque commune laur\u00e9ate a la possibilit\u00e9 de donner vie \u00e0 ses aspirations.<\/p>\n\n\n\n<p><strong>Villages d\u2019avenir 2024<\/strong> se pr\u00e9sente comme un v\u00e9ritable moteur de d\u00e9veloppement pour les communes rurales en Nord-Is\u00e8re. Avec son approche personnalis\u00e9e et son soutien concret, il offre aux \u00e9lus et aux habitants l&rsquo;opportunit\u00e9 de fa\u00e7onner un avenir prometteur pour leurs communaut\u00e9s. Nous sommes impatients de d\u00e9couvrir les futurs projets qui seront men\u00e9s dans le cadre de cet accompagnement, avec des retomb\u00e9es positives pour les habitants et les acteurs \u00e9conomiques.<\/p>\n","protected":false},"excerpt":{"rendered":"<p>Explorez le dynamisme du Nord-Is\u00e8re avec Villages d\u2019avenir 2024 ! 15 communes labellis\u00e9es, un accompagnement personnalis\u00e9 &#038; des projets innovants en perspective.<\/p>\n","protected":false},"author":1,"featured_media":7072,"comment_status":"closed","ping_status":"closed","sticky":false,"template":"","format":"standard","meta":{"_acf_changed":false,"footnotes":""},"categories":[26],"tags":[31,392,390,391],"categoriescommunes":[79,230,95,163,141,174,89,156,178,167,142,227,222,165,243],"class_list":{"0":"post-7070","1":"post","2":"type-post","3":"status-publish","4":"format-standard","5":"has-post-thumbnail","7":"category-le-territoire","8":"tag-communes","9":"tag-france-ruralites","10":"tag-label","11":"tag-villages-davenir","12":"categoriescommunes-bilieu","13":"categoriescommunes-bouvesse-quirieu","14":"categoriescommunes-charavines","15":"categoriescommunes-charette","16":"categoriescommunes-chimilin","17":"categoriescommunes-corbelin","18":"categoriescommunes-culin","19":"categoriescommunes-faramans","20":"categoriescommunes-montferrat","21":"categoriescommunes-revel-tourdan","22":"categoriescommunes-saint-agnin-sur-bion","23":"categoriescommunes-satolas-et-bonce","24":"categoriescommunes-val-de-virieu","25":"categoriescommunes-vernioz","26":"categoriescommunes-villages-du-lac-de-paladru"},"acf":[],"aioseo_notices":[],"_links":{"self":[{"href":"https:\/\/www.acteurs-du-nord-isere.fr\/story\/wp-json\/wp\/v2\/posts\/7070","targetHints":{"allow":["GET"]}}],"collection":[{"href":"https:\/\/www.acteurs-du-nord-isere.fr\/story\/wp-json\/wp\/v2\/posts"}],"about":[{"href":"https:\/\/www.acteurs-du-nord-isere.fr\/story\/wp-json\/wp\/v2\/types\/post"}],"author":[{"embeddable":true,"href":"https:\/\/www.acteurs-du-nord-isere.fr\/story\/wp-json\/wp\/v2\/users\/1"}],"replies":[{"embeddable":true,"href":"https:\/\/www.acteurs-du-nord-isere.fr\/story\/wp-json\/wp\/v2\/comments?post=7070"}],"version-history":[{"count":2,"href":"https:\/\/www.acteurs-du-nord-isere.fr\/story\/wp-json\/wp\/v2\/posts\/7070\/revisions"}],"predecessor-version":[{"id":7075,"href":"https:\/\/www.acteurs-du-nord-isere.fr\/story\/wp-json\/wp\/v2\/posts\/7070\/revisions\/7075"}],"wp:featuredmedia":[{"embeddable":true,"href":"https:\/\/www.acteurs-du-nord-isere.fr\/story\/wp-json\/wp\/v2\/media\/7072"}],"wp:attachment":[{"href":"https:\/\/www.acteurs-du-nord-isere.fr\/story\/wp-json\/wp\/v2\/media?parent=7070"}],"wp:term":[{"taxonomy":"category","embeddable":true,"href":"https:\/\/www.acteurs-du-nord-isere.fr\/story\/wp-json\/wp\/v2\/categories?post=7070"},{"taxonomy":"post_tag","embeddable":true,"href":"https:\/\/www.acteurs-du-nord-isere.fr\/story\/wp-json\/wp\/v2\/tags?post=7070"},{"taxonomy":"categoriescommunes","embeddable":true,"href":"https:\/\/www.acteurs-du-nord-isere.fr\/story\/wp-json\/wp\/v2\/categoriescommunes?post=7070"}],"curies":[{"name":"wp","href":"https:\/\/api.w.org\/{rel}","templated":true}]}}