{"id":7078,"date":"2024-02-11T00:13:41","date_gmt":"2024-02-10T23:13:41","guid":{"rendered":"https:\/\/www.acteurs-du-nord-isere.fr\/story\/?p=7078"},"modified":"2024-04-29T22:01:43","modified_gmt":"2024-04-29T20:01:43","slug":"opticiens-en-nord-isere-linfographie-qui-fait-le-point","status":"publish","type":"post","link":"https:\/\/www.acteurs-du-nord-isere.fr\/story\/opticiens-en-nord-isere-linfographie-qui-fait-le-point\/","title":{"rendered":"Opticiens en Nord-Is\u00e8re : l&rsquo;infographie qui fait Le point"},"content":{"rendered":"\n<p>Le m\u00e9tier d&rsquo;opticien est bien plus qu&rsquo;une simple profession, c&rsquo;est un maillon essentiel du syst\u00e8me de sant\u00e9 visuelle. Dans le Nord-Is\u00e8re, cette discipline rev\u00eat une importance particuli\u00e8re, contribuant non seulement \u00e0 la sant\u00e9 des habitants, mais \u00e9galement \u00e0 l&rsquo;\u00e9conomie locale. \u00c0 travers les chiffres cl\u00e9s du territoire, nous vous proposons une plong\u00e9e dans le paysage des opticiens en Nord-Is\u00e8re.<\/p>\n\n\n\n<h2 class=\"wp-block-heading\">Quelle est la situation actuelle du march\u00e9 de l\u2019optique en France ?<\/h2>\n\n\n\n<p>Pour d\u00e9buter notre article, voici un examen rapide des donn\u00e9es cl\u00e9s qui r\u00e9v\u00e8le un paysage dynamique. Environ <strong>76% des Fran\u00e7ais utilisent des lunettes de vue<\/strong>, avec une demande plus marqu\u00e9e chez les plus de 55 ans, dont 89% portent des lunettes. Les moins de 45 ans constituent un peu moins de 50% de cette population n\u00e9cessitant des lunettes.<\/p>\n\n\n\n<p>Le&nbsp;<strong>march\u00e9 de l\u2019optique<\/strong>&nbsp;comprend tous les services et produits, articles (<em>verres, montures, lentilles de contact, loupes, etc.<\/em>) et accessoires (<em>\u00e9tuis, chiffons, produits d\u2019entretien\u2026<\/em>), concernant la vision et la sant\u00e9 des yeux<\/p>\n\n\n\n<p>La France compte plus de <strong>12 000 magasins d\u2019optique<\/strong> et devinez quoi, le Nord-Is\u00e8re en regroupe plus de <strong>1% <\/strong>! D\u00e9couvrons les chiffres de notre beau territoire d\u00e8s maintenant. <\/p>\n\n\n\n<h2 class=\"wp-block-heading\">Une r\u00e9partition des opticiens dans les principales villes du Nord-Is\u00e8re<\/h2>\n\n\n\n<p>Ce n&rsquo;est pas moins de <strong>131 \u00e9tablissements sp\u00e9cialis\u00e9s dans l&rsquo;optique<\/strong> qui sont situ\u00e9s en Nord-Is\u00e8re et majoritairement regroup\u00e9s dans les grandes villes. <strong>Plus de 56%<\/strong> des opticiens du territoire sont r\u00e9partis sur <strong>10 communes<\/strong>, <a href=\"https:\/\/www.acteurs-du-nord-isere.fr\/commune\/vienne\/\">Vienne <\/a>en t\u00eate du podium avec 14 \u00e9tablissements, suivi de <a href=\"https:\/\/www.acteurs-du-nord-isere.fr\/commune\/bourgoin-jallieu\/\">Bourgoin-Jallieu<\/a> avec 13 opticiens et <a href=\"https:\/\/www.acteurs-du-nord-isere.fr\/commune\/lisle-dabeau\/\">L&rsquo;Isle d&rsquo;Abeau<\/a> regroupant 10 magasins d&rsquo;optique. <\/p>\n\n\n\n<p>Nous avons au total<strong> 46 communes<\/strong> en Nord-Is\u00e8re qui ont au moins un \u00e9tablissement en optique, ce qui nous donne 178 communes qui ne b\u00e9n\u00e9ficient pas de cette activit\u00e9. Ce qui n&rsquo;est pas surprenant, car les opticiens ont besoin d&rsquo;une densit\u00e9 de population importante afin d&rsquo;\u00eatre rentable, d&rsquo;o\u00f9 la concentration notable dans certains p\u00f4les urbains. <\/p>\n\n\n\n<figure class=\"wp-block-gallery has-nested-images columns-default is-cropped wp-block-gallery-1 is-layout-flex wp-block-gallery-is-layout-flex\">\n<figure class=\"wp-block-image size-large\"><a href=\"https:\/\/www.acteurs-du-nord-isere.fr\/story\/wp-content\/uploads\/sites\/3\/2024\/02\/Opticien-AdNI-01.jpg\"><img loading=\"lazy\" decoding=\"async\" width=\"1024\" height=\"1024\" data-id=\"7079\" src=\"https:\/\/www.acteurs-du-nord-isere.fr\/story\/wp-content\/uploads\/sites\/3\/2024\/02\/Opticien-AdNI-01-1024x1024.jpg\" alt=\"Opticiens en Nord-Is\u00e8re\" class=\"wp-image-7079\" srcset=\"https:\/\/www.acteurs-du-nord-isere.fr\/story\/wp-content\/uploads\/sites\/3\/2024\/02\/Opticien-AdNI-01-1024x1024.jpg 1024w, https:\/\/www.acteurs-du-nord-isere.fr\/story\/wp-content\/uploads\/sites\/3\/2024\/02\/Opticien-AdNI-01-300x300.jpg 300w, https:\/\/www.acteurs-du-nord-isere.fr\/story\/wp-content\/uploads\/sites\/3\/2024\/02\/Opticien-AdNI-01-150x150.jpg 150w, https:\/\/www.acteurs-du-nord-isere.fr\/story\/wp-content\/uploads\/sites\/3\/2024\/02\/Opticien-AdNI-01-768x768.jpg 768w, https:\/\/www.acteurs-du-nord-isere.fr\/story\/wp-content\/uploads\/sites\/3\/2024\/02\/Opticien-AdNI-01-100x100.jpg 100w, https:\/\/www.acteurs-du-nord-isere.fr\/story\/wp-content\/uploads\/sites\/3\/2024\/02\/Opticien-AdNI-01-140x140.jpg 140w, https:\/\/www.acteurs-du-nord-isere.fr\/story\/wp-content\/uploads\/sites\/3\/2024\/02\/Opticien-AdNI-01-500x500.jpg 500w, https:\/\/www.acteurs-du-nord-isere.fr\/story\/wp-content\/uploads\/sites\/3\/2024\/02\/Opticien-AdNI-01-350x350.jpg 350w, https:\/\/www.acteurs-du-nord-isere.fr\/story\/wp-content\/uploads\/sites\/3\/2024\/02\/Opticien-AdNI-01-1000x1000.jpg 1000w, https:\/\/www.acteurs-du-nord-isere.fr\/story\/wp-content\/uploads\/sites\/3\/2024\/02\/Opticien-AdNI-01-800x800.jpg 800w, https:\/\/www.acteurs-du-nord-isere.fr\/story\/wp-content\/uploads\/sites\/3\/2024\/02\/Opticien-AdNI-01.jpg 1200w\" sizes=\"auto, (max-width: 1024px) 100vw, 1024px\" \/><\/a><\/figure>\n\n\n\n<figure class=\"wp-block-image size-large\"><a href=\"https:\/\/www.acteurs-du-nord-isere.fr\/story\/wp-content\/uploads\/sites\/3\/2024\/02\/Opticien-AdNI-02.jpg\"><img loading=\"lazy\" decoding=\"async\" width=\"1024\" height=\"1024\" data-id=\"7084\" src=\"https:\/\/www.acteurs-du-nord-isere.fr\/story\/wp-content\/uploads\/sites\/3\/2024\/02\/Opticien-AdNI-02-1024x1024.jpg\" alt=\"Opticiens en Nord-Is\u00e8re\" class=\"wp-image-7084\" srcset=\"https:\/\/www.acteurs-du-nord-isere.fr\/story\/wp-content\/uploads\/sites\/3\/2024\/02\/Opticien-AdNI-02-1024x1024.jpg 1024w, https:\/\/www.acteurs-du-nord-isere.fr\/story\/wp-content\/uploads\/sites\/3\/2024\/02\/Opticien-AdNI-02-300x300.jpg 300w, https:\/\/www.acteurs-du-nord-isere.fr\/story\/wp-content\/uploads\/sites\/3\/2024\/02\/Opticien-AdNI-02-150x150.jpg 150w, https:\/\/www.acteurs-du-nord-isere.fr\/story\/wp-content\/uploads\/sites\/3\/2024\/02\/Opticien-AdNI-02-768x768.jpg 768w, https:\/\/www.acteurs-du-nord-isere.fr\/story\/wp-content\/uploads\/sites\/3\/2024\/02\/Opticien-AdNI-02-100x100.jpg 100w, https:\/\/www.acteurs-du-nord-isere.fr\/story\/wp-content\/uploads\/sites\/3\/2024\/02\/Opticien-AdNI-02-140x140.jpg 140w, https:\/\/www.acteurs-du-nord-isere.fr\/story\/wp-content\/uploads\/sites\/3\/2024\/02\/Opticien-AdNI-02-500x500.jpg 500w, https:\/\/www.acteurs-du-nord-isere.fr\/story\/wp-content\/uploads\/sites\/3\/2024\/02\/Opticien-AdNI-02-350x350.jpg 350w, https:\/\/www.acteurs-du-nord-isere.fr\/story\/wp-content\/uploads\/sites\/3\/2024\/02\/Opticien-AdNI-02-1000x1000.jpg 1000w, https:\/\/www.acteurs-du-nord-isere.fr\/story\/wp-content\/uploads\/sites\/3\/2024\/02\/Opticien-AdNI-02-800x800.jpg 800w, https:\/\/www.acteurs-du-nord-isere.fr\/story\/wp-content\/uploads\/sites\/3\/2024\/02\/Opticien-AdNI-02.jpg 1200w\" sizes=\"auto, (max-width: 1024px) 100vw, 1024px\" \/><\/a><\/figure>\n\n\n\n<figure class=\"wp-block-image size-large\"><a href=\"https:\/\/www.acteurs-du-nord-isere.fr\/story\/wp-content\/uploads\/sites\/3\/2024\/02\/Opticien-AdNI-03.jpg\"><img loading=\"lazy\" decoding=\"async\" width=\"1024\" height=\"1024\" data-id=\"7081\" src=\"https:\/\/www.acteurs-du-nord-isere.fr\/story\/wp-content\/uploads\/sites\/3\/2024\/02\/Opticien-AdNI-03-1024x1024.jpg\" alt=\"Opticiens en Nord-Is\u00e8re\" class=\"wp-image-7081\" srcset=\"https:\/\/www.acteurs-du-nord-isere.fr\/story\/wp-content\/uploads\/sites\/3\/2024\/02\/Opticien-AdNI-03-1024x1024.jpg 1024w, https:\/\/www.acteurs-du-nord-isere.fr\/story\/wp-content\/uploads\/sites\/3\/2024\/02\/Opticien-AdNI-03-300x300.jpg 300w, https:\/\/www.acteurs-du-nord-isere.fr\/story\/wp-content\/uploads\/sites\/3\/2024\/02\/Opticien-AdNI-03-150x150.jpg 150w, https:\/\/www.acteurs-du-nord-isere.fr\/story\/wp-content\/uploads\/sites\/3\/2024\/02\/Opticien-AdNI-03-768x768.jpg 768w, https:\/\/www.acteurs-du-nord-isere.fr\/story\/wp-content\/uploads\/sites\/3\/2024\/02\/Opticien-AdNI-03-100x100.jpg 100w, https:\/\/www.acteurs-du-nord-isere.fr\/story\/wp-content\/uploads\/sites\/3\/2024\/02\/Opticien-AdNI-03-140x140.jpg 140w, https:\/\/www.acteurs-du-nord-isere.fr\/story\/wp-content\/uploads\/sites\/3\/2024\/02\/Opticien-AdNI-03-500x500.jpg 500w, https:\/\/www.acteurs-du-nord-isere.fr\/story\/wp-content\/uploads\/sites\/3\/2024\/02\/Opticien-AdNI-03-350x350.jpg 350w, https:\/\/www.acteurs-du-nord-isere.fr\/story\/wp-content\/uploads\/sites\/3\/2024\/02\/Opticien-AdNI-03-1000x1000.jpg 1000w, https:\/\/www.acteurs-du-nord-isere.fr\/story\/wp-content\/uploads\/sites\/3\/2024\/02\/Opticien-AdNI-03-800x800.jpg 800w, https:\/\/www.acteurs-du-nord-isere.fr\/story\/wp-content\/uploads\/sites\/3\/2024\/02\/Opticien-AdNI-03.jpg 1200w\" sizes=\"auto, (max-width: 1024px) 100vw, 1024px\" \/><\/a><\/figure>\n\n\n\n<figure class=\"wp-block-image size-large\"><a href=\"https:\/\/www.acteurs-du-nord-isere.fr\/story\/wp-content\/uploads\/sites\/3\/2024\/02\/Opticien-AdNI-04.jpg\"><img loading=\"lazy\" decoding=\"async\" width=\"1024\" height=\"1024\" data-id=\"7082\" src=\"https:\/\/www.acteurs-du-nord-isere.fr\/story\/wp-content\/uploads\/sites\/3\/2024\/02\/Opticien-AdNI-04-1024x1024.jpg\" alt=\"Opticiens en Nord-Is\u00e8re\" class=\"wp-image-7082\" srcset=\"https:\/\/www.acteurs-du-nord-isere.fr\/story\/wp-content\/uploads\/sites\/3\/2024\/02\/Opticien-AdNI-04-1024x1024.jpg 1024w, https:\/\/www.acteurs-du-nord-isere.fr\/story\/wp-content\/uploads\/sites\/3\/2024\/02\/Opticien-AdNI-04-300x300.jpg 300w, https:\/\/www.acteurs-du-nord-isere.fr\/story\/wp-content\/uploads\/sites\/3\/2024\/02\/Opticien-AdNI-04-150x150.jpg 150w, https:\/\/www.acteurs-du-nord-isere.fr\/story\/wp-content\/uploads\/sites\/3\/2024\/02\/Opticien-AdNI-04-768x768.jpg 768w, https:\/\/www.acteurs-du-nord-isere.fr\/story\/wp-content\/uploads\/sites\/3\/2024\/02\/Opticien-AdNI-04-100x100.jpg 100w, https:\/\/www.acteurs-du-nord-isere.fr\/story\/wp-content\/uploads\/sites\/3\/2024\/02\/Opticien-AdNI-04-140x140.jpg 140w, https:\/\/www.acteurs-du-nord-isere.fr\/story\/wp-content\/uploads\/sites\/3\/2024\/02\/Opticien-AdNI-04-500x500.jpg 500w, https:\/\/www.acteurs-du-nord-isere.fr\/story\/wp-content\/uploads\/sites\/3\/2024\/02\/Opticien-AdNI-04-350x350.jpg 350w, https:\/\/www.acteurs-du-nord-isere.fr\/story\/wp-content\/uploads\/sites\/3\/2024\/02\/Opticien-AdNI-04-1000x1000.jpg 1000w, https:\/\/www.acteurs-du-nord-isere.fr\/story\/wp-content\/uploads\/sites\/3\/2024\/02\/Opticien-AdNI-04-800x800.jpg 800w, https:\/\/www.acteurs-du-nord-isere.fr\/story\/wp-content\/uploads\/sites\/3\/2024\/02\/Opticien-AdNI-04.jpg 1200w\" sizes=\"auto, (max-width: 1024px) 100vw, 1024px\" \/><\/a><\/figure>\n\n\n\n<figure class=\"wp-block-image size-large\"><a href=\"https:\/\/www.acteurs-du-nord-isere.fr\/story\/wp-content\/uploads\/sites\/3\/2024\/02\/Opticien-AdNI-05.jpg\"><img loading=\"lazy\" decoding=\"async\" width=\"1024\" height=\"1024\" data-id=\"7080\" src=\"https:\/\/www.acteurs-du-nord-isere.fr\/story\/wp-content\/uploads\/sites\/3\/2024\/02\/Opticien-AdNI-05-1024x1024.jpg\" alt=\"Opticiens en Nord-Is\u00e8re\" class=\"wp-image-7080\" srcset=\"https:\/\/www.acteurs-du-nord-isere.fr\/story\/wp-content\/uploads\/sites\/3\/2024\/02\/Opticien-AdNI-05-1024x1024.jpg 1024w, https:\/\/www.acteurs-du-nord-isere.fr\/story\/wp-content\/uploads\/sites\/3\/2024\/02\/Opticien-AdNI-05-300x300.jpg 300w, https:\/\/www.acteurs-du-nord-isere.fr\/story\/wp-content\/uploads\/sites\/3\/2024\/02\/Opticien-AdNI-05-150x150.jpg 150w, https:\/\/www.acteurs-du-nord-isere.fr\/story\/wp-content\/uploads\/sites\/3\/2024\/02\/Opticien-AdNI-05-768x768.jpg 768w, https:\/\/www.acteurs-du-nord-isere.fr\/story\/wp-content\/uploads\/sites\/3\/2024\/02\/Opticien-AdNI-05-100x100.jpg 100w, https:\/\/www.acteurs-du-nord-isere.fr\/story\/wp-content\/uploads\/sites\/3\/2024\/02\/Opticien-AdNI-05-140x140.jpg 140w, https:\/\/www.acteurs-du-nord-isere.fr\/story\/wp-content\/uploads\/sites\/3\/2024\/02\/Opticien-AdNI-05-500x500.jpg 500w, https:\/\/www.acteurs-du-nord-isere.fr\/story\/wp-content\/uploads\/sites\/3\/2024\/02\/Opticien-AdNI-05-350x350.jpg 350w, https:\/\/www.acteurs-du-nord-isere.fr\/story\/wp-content\/uploads\/sites\/3\/2024\/02\/Opticien-AdNI-05-1000x1000.jpg 1000w, https:\/\/www.acteurs-du-nord-isere.fr\/story\/wp-content\/uploads\/sites\/3\/2024\/02\/Opticien-AdNI-05-800x800.jpg 800w, https:\/\/www.acteurs-du-nord-isere.fr\/story\/wp-content\/uploads\/sites\/3\/2024\/02\/Opticien-AdNI-05.jpg 1200w\" sizes=\"auto, (max-width: 1024px) 100vw, 1024px\" \/><\/a><\/figure>\n\n\n\n<figure class=\"wp-block-image size-large\"><a href=\"https:\/\/www.acteurs-du-nord-isere.fr\/story\/wp-content\/uploads\/sites\/3\/2024\/02\/Opticien-AdNI-06.jpg\"><img loading=\"lazy\" decoding=\"async\" width=\"1024\" height=\"1024\" data-id=\"7083\" src=\"https:\/\/www.acteurs-du-nord-isere.fr\/story\/wp-content\/uploads\/sites\/3\/2024\/02\/Opticien-AdNI-06-1024x1024.jpg\" alt=\"Opticiens en Nord-Is\u00e8re infographie\" class=\"wp-image-7083\" srcset=\"https:\/\/www.acteurs-du-nord-isere.fr\/story\/wp-content\/uploads\/sites\/3\/2024\/02\/Opticien-AdNI-06-1024x1024.jpg 1024w, https:\/\/www.acteurs-du-nord-isere.fr\/story\/wp-content\/uploads\/sites\/3\/2024\/02\/Opticien-AdNI-06-300x300.jpg 300w, https:\/\/www.acteurs-du-nord-isere.fr\/story\/wp-content\/uploads\/sites\/3\/2024\/02\/Opticien-AdNI-06-150x150.jpg 150w, https:\/\/www.acteurs-du-nord-isere.fr\/story\/wp-content\/uploads\/sites\/3\/2024\/02\/Opticien-AdNI-06-768x768.jpg 768w, https:\/\/www.acteurs-du-nord-isere.fr\/story\/wp-content\/uploads\/sites\/3\/2024\/02\/Opticien-AdNI-06-100x100.jpg 100w, https:\/\/www.acteurs-du-nord-isere.fr\/story\/wp-content\/uploads\/sites\/3\/2024\/02\/Opticien-AdNI-06-140x140.jpg 140w, https:\/\/www.acteurs-du-nord-isere.fr\/story\/wp-content\/uploads\/sites\/3\/2024\/02\/Opticien-AdNI-06-500x500.jpg 500w, https:\/\/www.acteurs-du-nord-isere.fr\/story\/wp-content\/uploads\/sites\/3\/2024\/02\/Opticien-AdNI-06-350x350.jpg 350w, https:\/\/www.acteurs-du-nord-isere.fr\/story\/wp-content\/uploads\/sites\/3\/2024\/02\/Opticien-AdNI-06-1000x1000.jpg 1000w, https:\/\/www.acteurs-du-nord-isere.fr\/story\/wp-content\/uploads\/sites\/3\/2024\/02\/Opticien-AdNI-06-800x800.jpg 800w, https:\/\/www.acteurs-du-nord-isere.fr\/story\/wp-content\/uploads\/sites\/3\/2024\/02\/Opticien-AdNI-06.jpg 1200w\" sizes=\"auto, (max-width: 1024px) 100vw, 1024px\" \/><\/a><\/figure>\n<\/figure>\n\n\n\n<div style=\"height:50px\" aria-hidden=\"true\" class=\"wp-block-spacer\"><\/div>\n\n\n\n<h2 class=\"wp-block-heading\">4000 habitants pour un opticien en Nord-Is\u00e8re <\/h2>\n\n\n\n<p>Si on prend la population du Nord-Is\u00e8re ramen\u00e9 au nombre de boutiques d&rsquo;optique, on approche des 4000 habitants par opticien. Malgr\u00e9 la concentration des \u00e9tablissements dans certaines villes, on peut compter <strong>4 communes <\/strong>de plus de 4000 habitants qui n&rsquo;ont pas encore d&rsquo;opticien, comme Saint-Maurice-l&rsquo;Exil, Chavanoz, Ruy-Montceau et <a href=\"https:\/\/www.acteurs-du-nord-isere.fr\/commune\/saint-savin\/\">Saint Savin<\/a>. Ce qui laisse des opportunit\u00e9s si vous souhaitez vous lancer dans cette activit\u00e9. Notamment \u00e0 Ruy-Montceau qui a un nouveau p\u00f4le m\u00e9dical avec une \u00e9quipe d&rsquo;Ophtalmologues. <\/p>\n\n\n\n<p>Avec nos diff\u00e9rentes donn\u00e9es, on peut noter que la commune de <a href=\"https:\/\/www.acteurs-du-nord-isere.fr\/commune\/charancieu\/\">Charancieu <\/a>qui ne compte que 758 habitants, poss\u00e8de tout de m\u00eame deux boutiques d&rsquo;optiques. Ce qui peut s&rsquo;expliquer assez facilement avec la proximit\u00e9 de la ville <a href=\"https:\/\/www.acteurs-du-nord-isere.fr\/commune\/les-abrets-en-dauphine\/\">Les Abrets en Dauphin\u00e9 <\/a>qui regroupe plus de 6500 habitants. <\/p>\n\n\n\n<h2 class=\"wp-block-heading\">D\u00e9couvrez la carte pour la r\u00e9partition des Opticiens en Nord-Is\u00e8re<\/h2>\n\n\n\n<div style=\"min-height:634px\"><script type=\"text\/javascript\" defer src=\"https:\/\/datawrapper.dwcdn.net\/WORDn\/embed.js?v=1\" charset=\"utf-8\"><\/script><noscript><img decoding=\"async\" src=\"https:\/\/datawrapper.dwcdn.net\/WORDn\/full.png\" alt=\"\" \/><\/noscript><\/div>\n\n\n\n<div style=\"height:100px\" aria-hidden=\"true\" class=\"wp-block-spacer\"><\/div>\n\n\n\n<h2 class=\"wp-block-heading\">Nos acteurs sont \u00e9galement opticiens ! <\/h2>\n\n\n\n<p>Nous avons le plaisir d&rsquo;avoir parmi nos acteurs certains<a href=\"https:\/\/www.acteurs-du-nord-isere.fr\/services\/opticien\/\"> opticiens du Nord-Is\u00e8re<\/a> ! Vous pouvez consulter leurs fiches en cliquant sur leur nom : <\/p>\n\n\n\n<div class=\"wp-block-columns is-layout-flex wp-container-core-columns-is-layout-9d6595d7 wp-block-columns-is-layout-flex\">\n<div class=\"wp-block-column is-layout-flow wp-block-column-is-layout-flow\">\n<figure class=\"wp-block-embed is-type-wp-embed is-provider-acteurs-du-nord-is-re wp-block-embed-acteurs-du-nord-is-re\"><div class=\"wp-block-embed__wrapper\">\n<blockquote class=\"wp-embedded-content\" data-secret=\"rmVYiDDhOH\"><a href=\"https:\/\/www.acteurs-du-nord-isere.fr\/entreprises\/optique-de-la-paix\/\">Optique de la Paix<\/a><\/blockquote><iframe loading=\"lazy\" class=\"wp-embedded-content\" sandbox=\"allow-scripts\" security=\"restricted\" style=\"position: absolute; clip: rect(1px, 1px, 1px, 1px);\" title=\"\u00ab\u00a0Optique de la Paix\u00a0\u00bb &#8212; Acteurs du Nord-Is\u00e8re\" src=\"https:\/\/www.acteurs-du-nord-isere.fr\/entreprises\/optique-de-la-paix\/embed\/#?secret=DSBRsPFxy6#?secret=rmVYiDDhOH\" data-secret=\"rmVYiDDhOH\" width=\"600\" height=\"338\" frameborder=\"0\" marginwidth=\"0\" marginheight=\"0\" scrolling=\"no\"><\/iframe>\n<\/div><\/figure>\n\n\n\n<figure class=\"wp-block-embed is-type-wp-embed is-provider-acteurs-du-nord-is-re wp-block-embed-acteurs-du-nord-is-re\"><div class=\"wp-block-embed__wrapper\">\n<blockquote class=\"wp-embedded-content\" data-secret=\"scVniCkAVW\"><a href=\"https:\/\/www.acteurs-du-nord-isere.fr\/entreprises\/kls-lunettes\/\">KLS Lunettes<\/a><\/blockquote><iframe loading=\"lazy\" class=\"wp-embedded-content\" sandbox=\"allow-scripts\" security=\"restricted\" style=\"position: absolute; clip: rect(1px, 1px, 1px, 1px);\" title=\"\u00ab\u00a0KLS Lunettes\u00a0\u00bb &#8212; Acteurs du Nord-Is\u00e8re\" src=\"https:\/\/www.acteurs-du-nord-isere.fr\/entreprises\/kls-lunettes\/embed\/#?secret=wtRrfeG3u4#?secret=scVniCkAVW\" data-secret=\"scVniCkAVW\" width=\"600\" height=\"338\" frameborder=\"0\" marginwidth=\"0\" marginheight=\"0\" scrolling=\"no\"><\/iframe>\n<\/div><\/figure>\n<\/div>\n\n\n\n<div class=\"wp-block-column is-layout-flow wp-block-column-is-layout-flow\">\n<figure class=\"wp-block-embed is-type-wp-embed is-provider-acteurs-du-nord-is-re wp-block-embed-acteurs-du-nord-is-re\"><div class=\"wp-block-embed__wrapper\">\n<blockquote class=\"wp-embedded-content\" data-secret=\"RanaouSp52\"><a href=\"https:\/\/www.acteurs-du-nord-isere.fr\/entreprises\/optique-berjallienne\/\">Optique Berjallienne<\/a><\/blockquote><iframe loading=\"lazy\" class=\"wp-embedded-content\" sandbox=\"allow-scripts\" security=\"restricted\" style=\"position: absolute; clip: rect(1px, 1px, 1px, 1px);\" title=\"\u00ab\u00a0Optique Berjallienne\u00a0\u00bb &#8212; Acteurs du Nord-Is\u00e8re\" src=\"https:\/\/www.acteurs-du-nord-isere.fr\/entreprises\/optique-berjallienne\/embed\/#?secret=CSNUcbLu4M#?secret=RanaouSp52\" data-secret=\"RanaouSp52\" width=\"600\" height=\"338\" frameborder=\"0\" marginwidth=\"0\" marginheight=\"0\" scrolling=\"no\"><\/iframe>\n<\/div><\/figure>\n\n\n\n<figure class=\"wp-block-embed is-type-wp-embed is-provider-acteurs-du-nord-is-re wp-block-embed-acteurs-du-nord-is-re\"><div class=\"wp-block-embed__wrapper\">\n<blockquote class=\"wp-embedded-content\" data-secret=\"BQBEyVsdBu\"><a href=\"https:\/\/www.acteurs-du-nord-isere.fr\/entreprises\/optic-boudet-optic-2000\/\">Optic Boudet Optic 2000<\/a><\/blockquote><iframe loading=\"lazy\" class=\"wp-embedded-content\" sandbox=\"allow-scripts\" security=\"restricted\" style=\"position: absolute; clip: rect(1px, 1px, 1px, 1px);\" title=\"\u00ab\u00a0Optic Boudet Optic 2000\u00a0\u00bb &#8212; Acteurs du Nord-Is\u00e8re\" src=\"https:\/\/www.acteurs-du-nord-isere.fr\/entreprises\/optic-boudet-optic-2000\/embed\/#?secret=oWaU2QsmAl#?secret=BQBEyVsdBu\" data-secret=\"BQBEyVsdBu\" width=\"600\" height=\"338\" frameborder=\"0\" marginwidth=\"0\" marginheight=\"0\" scrolling=\"no\"><\/iframe>\n<\/div><\/figure>\n<\/div>\n\n\n\n<div class=\"wp-block-column is-layout-flow wp-block-column-is-layout-flow\">\n<figure class=\"wp-block-embed is-type-wp-embed is-provider-acteurs-du-nord-is-re wp-block-embed-acteurs-du-nord-is-re\"><div class=\"wp-block-embed__wrapper\">\n<blockquote class=\"wp-embedded-content\" data-secret=\"10O835dVVN\"><a href=\"https:\/\/www.acteurs-du-nord-isere.fr\/entreprises\/optic-2000-lisle-dabeau\/\">Optic 2000 L&rsquo;Isle D&rsquo;Abeau<\/a><\/blockquote><iframe loading=\"lazy\" class=\"wp-embedded-content\" sandbox=\"allow-scripts\" security=\"restricted\" style=\"position: absolute; clip: rect(1px, 1px, 1px, 1px);\" title=\"\u00ab\u00a0Optic 2000 L&rsquo;Isle D&rsquo;Abeau\u00a0\u00bb &#8212; Acteurs du Nord-Is\u00e8re\" src=\"https:\/\/www.acteurs-du-nord-isere.fr\/entreprises\/optic-2000-lisle-dabeau\/embed\/#?secret=Uk0vGDJte9#?secret=10O835dVVN\" data-secret=\"10O835dVVN\" width=\"600\" height=\"338\" frameborder=\"0\" marginwidth=\"0\" marginheight=\"0\" scrolling=\"no\"><\/iframe>\n<\/div><\/figure>\n\n\n\n<figure class=\"wp-block-embed is-type-wp-embed is-provider-acteurs-du-nord-is-re wp-block-embed-acteurs-du-nord-is-re\"><div class=\"wp-block-embed__wrapper\">\n<blockquote class=\"wp-embedded-content\" data-secret=\"4ec2vFoTEZ\"><a href=\"https:\/\/www.acteurs-du-nord-isere.fr\/entreprises\/optique-des-trois-vallons\/\">Optique des Trois Vallons<\/a><\/blockquote><iframe loading=\"lazy\" class=\"wp-embedded-content\" sandbox=\"allow-scripts\" security=\"restricted\" style=\"position: absolute; clip: rect(1px, 1px, 1px, 1px);\" title=\"\u00ab\u00a0Optique des Trois Vallons\u00a0\u00bb &#8212; Acteurs du Nord-Is\u00e8re\" src=\"https:\/\/www.acteurs-du-nord-isere.fr\/entreprises\/optique-des-trois-vallons\/embed\/#?secret=e0Lcp9ASmQ#?secret=4ec2vFoTEZ\" data-secret=\"4ec2vFoTEZ\" width=\"600\" height=\"338\" frameborder=\"0\" marginwidth=\"0\" marginheight=\"0\" scrolling=\"no\"><\/iframe>\n<\/div><\/figure>\n<\/div>\n<\/div>\n\n\n\n<div style=\"height:100px\" aria-hidden=\"true\" class=\"wp-block-spacer\"><\/div>\n\n\n\n<h2 class=\"wp-block-heading\">Les opticiens, un profession indispensable pour l&rsquo;\u00e9conomie locale du Nord-Is\u00e8re. <\/h2>\n\n\n\n<p>En conclusion, l&rsquo;optique joue un r\u00f4le vital dans la sant\u00e9 et l&rsquo;\u00e9conomie du Nord-Is\u00e8re. Au-del\u00e0 de la simple correction visuelle, les opticiens contribuent activement \u00e0 la qualit\u00e9 de vie des habitants et \u00e0 la vitalit\u00e9 \u00e9conomique de la r\u00e9gion. Il est essentiel de reconna\u00eetre leur importance et de promouvoir leur pr\u00e9sence sur l&rsquo;ensemble du territoire pour assurer une accessibilit\u00e9 \u00e9quitable \u00e0 ces services essentiels.<\/p>\n\n\n<div class=\"headband-icon cyan visiteurs\">\r\n    <h4>Vous avez un \u00e9tablissement sur le territoire du Nord-Is\u00e8re ?<\/h4>\r\n    <p class=\"txt\">Rejoignez l&rsquo;aventure en inscrivant votre association, entreprise ou collectivit\u00e9 sur notre plateforme.<\/p>\r\n    <a class=\"more-btn white\" href=\"\/inscription\/\">Inscrire mon \u00e9tablissement<\/a>\r\n<\/div>\r\n","protected":false},"excerpt":{"rendered":"<p>\u00c0 travers les chiffres cl\u00e9s du territoire, nous vous proposons une plong\u00e9e dans le paysage des opticiens en Nord-Is\u00e8re afin d&rsquo;en savoir plus concernant l&rsquo;\u00e9conomie locale. <\/p>\n","protected":false},"author":1,"featured_media":7086,"comment_status":"closed","ping_status":"closed","sticky":false,"template":"","format":"standard","meta":{"_acf_changed":false,"footnotes":""},"categories":[26,5],"tags":[287,35,30,395,393,394],"categoriescommunes":[251,131,259,55,247],"class_list":{"0":"post-7078","1":"post","2":"type-post","3":"status-publish","4":"format-standard","5":"has-post-thumbnail","7":"category-le-territoire","8":"category-monde-economique","9":"tag-commerces","10":"tag-data","11":"tag-infographie","12":"tag-map","13":"tag-opticiens","14":"tag-optique","15":"categoriescommunes-bourgoin-jallieu","16":"categoriescommunes-lisle-dabeau","17":"categoriescommunes-la-cote-saint-andre","18":"categoriescommunes-la-tour-du-pin","19":"categoriescommunes-vienne"},"acf":[],"aioseo_notices":[],"_links":{"self":[{"href":"https:\/\/www.acteurs-du-nord-isere.fr\/story\/wp-json\/wp\/v2\/posts\/7078","targetHints":{"allow":["GET"]}}],"collection":[{"href":"https:\/\/www.acteurs-du-nord-isere.fr\/story\/wp-json\/wp\/v2\/posts"}],"about":[{"href":"https:\/\/www.acteurs-du-nord-isere.fr\/story\/wp-json\/wp\/v2\/types\/post"}],"author":[{"embeddable":true,"href":"https:\/\/www.acteurs-du-nord-isere.fr\/story\/wp-json\/wp\/v2\/users\/1"}],"replies":[{"embeddable":true,"href":"https:\/\/www.acteurs-du-nord-isere.fr\/story\/wp-json\/wp\/v2\/comments?post=7078"}],"version-history":[{"count":8,"href":"https:\/\/www.acteurs-du-nord-isere.fr\/story\/wp-json\/wp\/v2\/posts\/7078\/revisions"}],"predecessor-version":[{"id":7288,"href":"https:\/\/www.acteurs-du-nord-isere.fr\/story\/wp-json\/wp\/v2\/posts\/7078\/revisions\/7288"}],"wp:featuredmedia":[{"embeddable":true,"href":"https:\/\/www.acteurs-du-nord-isere.fr\/story\/wp-json\/wp\/v2\/media\/7086"}],"wp:attachment":[{"href":"https:\/\/www.acteurs-du-nord-isere.fr\/story\/wp-json\/wp\/v2\/media?parent=7078"}],"wp:term":[{"taxonomy":"category","embeddable":true,"href":"https:\/\/www.acteurs-du-nord-isere.fr\/story\/wp-json\/wp\/v2\/categories?post=7078"},{"taxonomy":"post_tag","embeddable":true,"href":"https:\/\/www.acteurs-du-nord-isere.fr\/story\/wp-json\/wp\/v2\/tags?post=7078"},{"taxonomy":"categoriescommunes","embeddable":true,"href":"https:\/\/www.acteurs-du-nord-isere.fr\/story\/wp-json\/wp\/v2\/categoriescommunes?post=7078"}],"curies":[{"name":"wp","href":"https:\/\/api.w.org\/{rel}","templated":true}]}}