{"id":7145,"date":"2024-02-22T00:08:48","date_gmt":"2024-02-21T23:08:48","guid":{"rendered":"https:\/\/www.acteurs-du-nord-isere.fr\/story\/?p=7145"},"modified":"2024-02-22T00:10:12","modified_gmt":"2024-02-21T23:10:12","slug":"dynamiser-leconomie-locale-le-role-des-unions-commercantes-et-groupements-economiques-dans-le-nord-isere","status":"publish","type":"post","link":"https:\/\/www.acteurs-du-nord-isere.fr\/story\/dynamiser-leconomie-locale-le-role-des-unions-commercantes-et-groupements-economiques-dans-le-nord-isere\/","title":{"rendered":"Dynamiser l&rsquo;\u00e9conomie locale : le r\u00f4le des Unions Commer\u00e7antes et Groupements \u00c9conomiques dans le Nord-Is\u00e8re"},"content":{"rendered":"\n<p>Dans le paysage \u00e9conomique du Nord Is\u00e8re, les unions commer\u00e7antes et les groupements \u00e9conomiques jouent un r\u00f4le crucial en favorisant la coh\u00e9sion et la prosp\u00e9rit\u00e9 des entreprises locales. En tant que piliers de la vie \u00e9conomique r\u00e9gionale, ces r\u00e9seaux offrent une plateforme o\u00f9 les commer\u00e7ants et entrepreneurs peuvent collaborer, partager des ressources et promouvoir ensemble leur activit\u00e9. Dans cet article, nous explorerons en profondeur le r\u00f4le essentiel de ces organisations dans le tissu \u00e9conomique local, leurs avantages tant pour les commer\u00e7ants que pour les consommateurs, ainsi que leur contribution \u00e0 l&rsquo;\u00e9conomie de proximit\u00e9.<\/p>\n\n\n\n<figure class=\"wp-block-image size-large\"><img loading=\"lazy\" decoding=\"async\" width=\"1024\" height=\"397\" src=\"https:\/\/www.acteurs-du-nord-isere.fr\/story\/wp-content\/uploads\/sites\/3\/2024\/02\/Forum-des-Associations-nord-isere-1024x397.jpg\" alt=\"\" class=\"wp-image-7147\" srcset=\"https:\/\/www.acteurs-du-nord-isere.fr\/story\/wp-content\/uploads\/sites\/3\/2024\/02\/Forum-des-Associations-nord-isere-1024x397.jpg 1024w, https:\/\/www.acteurs-du-nord-isere.fr\/story\/wp-content\/uploads\/sites\/3\/2024\/02\/Forum-des-Associations-nord-isere-300x116.jpg 300w, https:\/\/www.acteurs-du-nord-isere.fr\/story\/wp-content\/uploads\/sites\/3\/2024\/02\/Forum-des-Associations-nord-isere-768x298.jpg 768w, https:\/\/www.acteurs-du-nord-isere.fr\/story\/wp-content\/uploads\/sites\/3\/2024\/02\/Forum-des-Associations-nord-isere-1536x595.jpg 1536w, https:\/\/www.acteurs-du-nord-isere.fr\/story\/wp-content\/uploads\/sites\/3\/2024\/02\/Forum-des-Associations-nord-isere-2048x794.jpg 2048w\" sizes=\"auto, (max-width: 1024px) 100vw, 1024px\" \/><\/figure>\n\n\n\n<h2 class=\"wp-block-heading\">Les Unions Commer\u00e7antes et Groupements \u00c9conomiques : Piliers de l&rsquo;\u00c9conomie Locale<\/h2>\n\n\n\n<p>Les unions commer\u00e7antes, souvent regroup\u00e9es au sein de groupements \u00e9conomiques, sont des associations form\u00e9es par des commer\u00e7ants et entrepreneurs locaux dans le but de promouvoir leurs int\u00e9r\u00eats communs. <strong>Leur mission principale est de renforcer l&rsquo;\u00e9conomie locale en favorisant le d\u00e9veloppement et la p\u00e9rennit\u00e9 des entreprises de la ville ou des communes o\u00f9 ils interviennent.<\/strong> Ces organisations agissent comme des catalyseurs de croissance en encourageant <strong>la coop\u00e9ration, la solidarit\u00e9 et l&rsquo;innovation <\/strong>au sein de la communaut\u00e9 des ind\u00e9pendants et entrepreneurs.<\/p>\n\n\n\n<h2 class=\"wp-block-heading\">Avantages pour les Commer\u00e7ants et les Consommateurs<\/h2>\n\n\n\n<p>La participation \u00e0 une union commer\u00e7ante ou \u00e0 un groupement \u00e9conomique pr\u00e9sente de nombreux avantages pour leurs adh\u00e9rents. Tout d&rsquo;abord ces r\u00e9seaux permettent d\u2019offrir un cadre o\u00f9 le dirigeant peut \u00e9changer et ne pas se sentir seul dans leur aventure entrepreneuriale.<\/p>\n\n\n\n<p>Ensuite, cela leur offre une voix collective pour d\u00e9fendre leurs int\u00e9r\u00eats aupr\u00e8s des autorit\u00e9s locales et des instances d\u00e9cisionnelles (<em>Mairies, CCI, Intercommunalit\u00e9s, etc.<\/em>). En outre, ces r\u00e9seaux facilitent l&rsquo;acc\u00e8s \u00e0 des ressources partag\u00e9es telles que <strong>la formation professionnelle, le marketing conjoint, ou encore la n\u00e9gociation de tarifs pr\u00e9f\u00e9rentiels avec les fournisseurs.<\/strong><\/p>\n\n\n\n<p>Pour les consommateurs, les unions commer\u00e7antes garantissent un acc\u00e8s \u00e0 une offre diversifi\u00e9e de produits et de services de qualit\u00e9. En favorisant la vitalit\u00e9 \u00e9conomique des quartiers et des centres-villes, elles contribuent \u00e0 pr\u00e9server le dynamisme et la convivialit\u00e9 des espaces commerciaux locaux.<\/p>\n\n\n<div class=\"wp-block-image\">\n<figure class=\"aligncenter size-large is-resized\"><img loading=\"lazy\" decoding=\"async\" width=\"1024\" height=\"348\" src=\"https:\/\/www.acteurs-du-nord-isere.fr\/story\/wp-content\/uploads\/sites\/3\/2024\/02\/AdNI-logo-1024x348.jpg\" alt=\"\" class=\"wp-image-7146\" style=\"width:584px;height:auto\" srcset=\"https:\/\/www.acteurs-du-nord-isere.fr\/story\/wp-content\/uploads\/sites\/3\/2024\/02\/AdNI-logo-1024x348.jpg 1024w, https:\/\/www.acteurs-du-nord-isere.fr\/story\/wp-content\/uploads\/sites\/3\/2024\/02\/AdNI-logo-300x102.jpg 300w, https:\/\/www.acteurs-du-nord-isere.fr\/story\/wp-content\/uploads\/sites\/3\/2024\/02\/AdNI-logo-768x261.jpg 768w, https:\/\/www.acteurs-du-nord-isere.fr\/story\/wp-content\/uploads\/sites\/3\/2024\/02\/AdNI-logo.jpg 1200w\" sizes=\"auto, (max-width: 1024px) 100vw, 1024px\" \/><\/figure>\n<\/div>\n\n\n<h2 class=\"wp-block-heading\">Les unions commerciales font parties de la g\u00e9n\u00e8se du projet Acteurs du Nord-Is\u00e8re.<\/h2>\n\n\n\n<p>Dans le Nord Is\u00e8re, plusieurs unions commer\u00e7antes se distinguent par leurs initiatives et leur nombre d&rsquo;adh\u00e9rents. Personnellement, je suis impliqu\u00e9 dans plusieurs unions du Nord-Is\u00e8re depuis une dizaine d&rsquo;ann\u00e9es, et c&rsquo;est cette exp\u00e9rience qui m&rsquo;a permis de concevoir la base de la plateforme Acteurs du Nord-Is\u00e8re, r\u00e9pondant ainsi aux besoins des ind\u00e9pendants et valorisant leur activit\u00e9 sur le territoire.<\/p>\n\n\n\n<p>Int\u00e9grer les unions commer\u00e7antes \u00e0 la plateforme est l&rsquo;une de mes priorit\u00e9s. J&rsquo;ai d\u00e9j\u00e0 eu l&rsquo;opportunit\u00e9 de mettre en place deux partenariats avec <a href=\"https:\/\/www.acteurs-du-nord-isere.fr\/associations\/union-des-commercants-independants-et-artisans-de-lisle-dabeau\/\" title=\"\">l&rsquo;UCIA \u2013 Union des Commer\u00e7ants, Ind\u00e9pendants et Artisans<\/a> de l\u2019Isle d\u2019Abeau et <a href=\"https:\/\/www.acteurs-du-nord-isere.fr\/associations\/les-acteurs-de-la-vallee-de-val-de-virieu\/\" title=\"\">Les Acteurs de la Vall\u00e9e de Val-de-Virieu<\/a>.<\/p>\n\n\n\n<p>Le Nord-Is\u00e8re compte <strong>plus d&rsquo;une cinquantaines d&rsquo;unions commer\u00e7antes et de groupements \u00e9conomiques<\/strong>, les plus connues sont naturellement celles des grandes villes du territoire, comme <a href=\"https:\/\/www.vienneatoutcommerce.fr\/\" target=\"_blank\" rel=\"noopener\" title=\"\">Atout Commerce<\/a> \u00e0 Vienne, <a href=\"https:\/\/bourgoin-commerces.com\/\" target=\"_blank\" rel=\"noopener\" title=\"\">Passion Commerces<\/a> \u00e0 Bourgoin-Jallieu ou la <a href=\"https:\/\/www.acteurs-du-nord-isere.fr\/associations\/groupement-des-entreprises-du-canton-de-la-tour\/\">GECT (Groupement des Entreprises du Canton de La Tour)<\/a> actif sur la Tour-du-Pin et dans les Vals du Dauphin\u00e9. <\/p>\n\n\n\n<figure class=\"wp-block-gallery has-nested-images columns-default is-cropped wp-block-gallery-1 is-layout-flex wp-block-gallery-is-layout-flex\">\n<figure class=\"wp-block-image size-large\"><img loading=\"lazy\" decoding=\"async\" width=\"559\" height=\"1024\" data-id=\"7149\" src=\"https:\/\/www.acteurs-du-nord-isere.fr\/story\/wp-content\/uploads\/sites\/3\/2024\/02\/A3V_Acteurs_du_Nord_Isere_Story-559x1024.jpg\" alt=\"\" class=\"wp-image-7149\" srcset=\"https:\/\/www.acteurs-du-nord-isere.fr\/story\/wp-content\/uploads\/sites\/3\/2024\/02\/A3V_Acteurs_du_Nord_Isere_Story-559x1024.jpg 559w, https:\/\/www.acteurs-du-nord-isere.fr\/story\/wp-content\/uploads\/sites\/3\/2024\/02\/A3V_Acteurs_du_Nord_Isere_Story-164x300.jpg 164w, https:\/\/www.acteurs-du-nord-isere.fr\/story\/wp-content\/uploads\/sites\/3\/2024\/02\/A3V_Acteurs_du_Nord_Isere_Story-768x1408.jpg 768w, https:\/\/www.acteurs-du-nord-isere.fr\/story\/wp-content\/uploads\/sites\/3\/2024\/02\/A3V_Acteurs_du_Nord_Isere_Story-838x1536.jpg 838w, https:\/\/www.acteurs-du-nord-isere.fr\/story\/wp-content\/uploads\/sites\/3\/2024\/02\/A3V_Acteurs_du_Nord_Isere_Story.jpg 1080w\" sizes=\"auto, (max-width: 559px) 100vw, 559px\" \/><\/figure>\n\n\n\n<figure class=\"wp-block-image size-large\"><img loading=\"lazy\" decoding=\"async\" width=\"559\" height=\"1024\" data-id=\"7150\" src=\"https:\/\/www.acteurs-du-nord-isere.fr\/story\/wp-content\/uploads\/sites\/3\/2024\/02\/UCIA_Acteurs_du_Nord_Isere_Story-559x1024.jpg\" alt=\"\" class=\"wp-image-7150\" srcset=\"https:\/\/www.acteurs-du-nord-isere.fr\/story\/wp-content\/uploads\/sites\/3\/2024\/02\/UCIA_Acteurs_du_Nord_Isere_Story-559x1024.jpg 559w, https:\/\/www.acteurs-du-nord-isere.fr\/story\/wp-content\/uploads\/sites\/3\/2024\/02\/UCIA_Acteurs_du_Nord_Isere_Story-164x300.jpg 164w, https:\/\/www.acteurs-du-nord-isere.fr\/story\/wp-content\/uploads\/sites\/3\/2024\/02\/UCIA_Acteurs_du_Nord_Isere_Story-768x1408.jpg 768w, https:\/\/www.acteurs-du-nord-isere.fr\/story\/wp-content\/uploads\/sites\/3\/2024\/02\/UCIA_Acteurs_du_Nord_Isere_Story-838x1536.jpg 838w, https:\/\/www.acteurs-du-nord-isere.fr\/story\/wp-content\/uploads\/sites\/3\/2024\/02\/UCIA_Acteurs_du_Nord_Isere_Story.jpg 1080w\" sizes=\"auto, (max-width: 559px) 100vw, 559px\" \/><\/figure>\n\n\n\n<figure class=\"wp-block-image size-large\"><img loading=\"lazy\" decoding=\"async\" width=\"559\" height=\"1024\" data-id=\"7148\" src=\"https:\/\/www.acteurs-du-nord-isere.fr\/story\/wp-content\/uploads\/sites\/3\/2024\/02\/gect_Acteurs_du_Nord_Isere_Story-559x1024.jpg\" alt=\"\" class=\"wp-image-7148\" srcset=\"https:\/\/www.acteurs-du-nord-isere.fr\/story\/wp-content\/uploads\/sites\/3\/2024\/02\/gect_Acteurs_du_Nord_Isere_Story-559x1024.jpg 559w, https:\/\/www.acteurs-du-nord-isere.fr\/story\/wp-content\/uploads\/sites\/3\/2024\/02\/gect_Acteurs_du_Nord_Isere_Story-164x300.jpg 164w, https:\/\/www.acteurs-du-nord-isere.fr\/story\/wp-content\/uploads\/sites\/3\/2024\/02\/gect_Acteurs_du_Nord_Isere_Story-768x1408.jpg 768w, https:\/\/www.acteurs-du-nord-isere.fr\/story\/wp-content\/uploads\/sites\/3\/2024\/02\/gect_Acteurs_du_Nord_Isere_Story-838x1536.jpg 838w, https:\/\/www.acteurs-du-nord-isere.fr\/story\/wp-content\/uploads\/sites\/3\/2024\/02\/gect_Acteurs_du_Nord_Isere_Story.jpg 1080w\" sizes=\"auto, (max-width: 559px) 100vw, 559px\" \/><\/figure>\n<\/figure>\n\n\n\n<h2 class=\"wp-block-heading\">Des \u00e9v\u00e9nements et des rencontres au fil de l&rsquo;ann\u00e9e pour animer le territoire. <\/h2>\n\n\n\n<p>Les unions organisent r\u00e9guli\u00e8rement des \u00e9v\u00e9nements festifs et des animations pour dynamiser l&rsquo;activit\u00e9 commerciale et attirer les consommateurs. Parmi ces initiatives, on retrouve l&rsquo;organisation de <a href=\"https:\/\/www.acteurs-du-nord-isere.fr\/story\/les-marches-de-noel-dans-le-nord-isere-en-2023\/\" title=\"\">march\u00e9s de No\u00ebl<\/a>, de quinzaines commerciales et de chasses aux tr\u00e9sors. De plus, ces unions proposent \u00e9galement un grand nombre de soir\u00e9es r\u00e9seaux et de petits d\u00e9jeuners destin\u00e9s \u00e0 favoriser les rencontres entre les adh\u00e9rents et les nouveaux entrepreneurs du territoire. Ces \u00e9v\u00e9nements contribuent \u00e0 renforcer les liens entre les diff\u00e9rents acteurs \u00e9conomiques et sociaux, favorisant ainsi l&rsquo;\u00e9mergence de synergies b\u00e9n\u00e9fiques pour tous.<\/p>\n\n\n\r\n<blockquote class=\"nectar_single_testimonial\" data-color=\"accent-color\" data-style=\"bold\">\r\n  <div class=\"inner\">\r\n  <p>\r\n    <span class=\"open-quote\">\u201d<\/span>\r\n    Le vrai drame, c&rsquo;est la distance et que les \u00eatres ne se connaissent pas.<\/p>\r\n    <span class=\"wrap\"><span>Jean Cocteau<\/span>\r\n    <span class=\"title\">L&rsquo;aigle \u00e0 deux t\u00eates, p.385, in Th\u00e9\u00e2tre 2<\/span><\/span>\r\n  <\/div>\r\n<\/blockquote>\r\n\n\n\n<p>Par ailleurs, le co\u00fbt d&rsquo;adh\u00e9sion \u00e0 ce type d&rsquo;association reste tr\u00e8s abordable, avec des tarifs variant g\u00e9n\u00e9ralement entre 50 \u20ac et 250 \u20ac par an, en fonction de l&rsquo;union commerciale. Cet investissement permet non seulement de se faire conna\u00eetre \u00e0 moindre co\u00fbt, mais aussi de contribuer \u00e0 l&rsquo;\u00e9conomie locale de nos communes.<\/p>\n\n\n\n<h2 class=\"wp-block-heading\">Les enjeux de proximit\u00e9 et d&rsquo;\u00e9conomie locale pour un avenir durable<\/h2>\n\n\n\n<p>Dans un contexte marqu\u00e9 par la mondialisation et la concurrence des grandes enseignes, <strong>la pr\u00e9servation de l&rsquo;\u00e9conomie locale rev\u00eat une importance capitale<\/strong>. Les unions commer\u00e7antes jouent un r\u00f4le crucial dans ce combat en favorisant le maintien d&rsquo;<strong>une offre diversifi\u00e9e de commerces de proximit\u00e9<\/strong>. En encourageant les achats locaux, elles contribuent \u00e9galement \u00e0 r\u00e9duire l&#8217;empreinte environnementale et \u00e0 renforcer le lien social au sein des communaut\u00e9s.<\/p>\n\n\n\n<p><\/p>\n\n\n<div class=\"wp-block-image\">\n<figure class=\"aligncenter size-full\"><img loading=\"lazy\" decoding=\"async\" width=\"207\" height=\"152\" src=\"https:\/\/www.acteurs-du-nord-isere.fr\/story\/wp-content\/uploads\/sites\/3\/2024\/02\/hands.png\" alt=\"\" class=\"wp-image-7151\"\/><\/figure>\n<\/div>\n\n\n<h2 class=\"wp-block-heading\">Soutenir les commerces locaux : Un appel \u00e0 l&rsquo;action<\/h2>\n\n\n\n<p>En conclusion, les unions commer\u00e7antes et les groupements \u00e9conomiques repr\u00e9sentent <strong>des acteurs incontournables dans la promotion de l&rsquo;\u00e9conomie locale dans le Nord Is\u00e8re<\/strong>. Leur engagement en faveur du dynamisme commercial, de la solidarit\u00e9 entre entrepreneurs et de la pr\u00e9servation des identit\u00e9s locales est essentiel pour assurer la vitalit\u00e9 et la p\u00e9rennit\u00e9 des entreprises de la r\u00e9gion. En tant que consommateurs, soutenir les commerces locaux et s&rsquo;impliquer dans ces r\u00e9seaux constitue un geste concret pour participer au d\u00e9veloppement \u00e9conomique et social de notre communaut\u00e9.<\/p>\n\n\n\n<p>En savoir plus sur les unions commer\u00e7antes et rejoindre ces initiatives peut se r\u00e9v\u00e9ler b\u00e9n\u00e9fique tant pour les entrepreneurs que pour les habitants du Nord Is\u00e8re. Ensemble, construisons un avenir \u00e9conomique durable et prosp\u00e8re pour notre r\u00e9gion. <\/p>\n\n\n\n<p>N&rsquo;oubliez pas de consulter <a href=\"https:\/\/www.acteurs-du-nord-isere.fr\/offres-bons-plans\/\" title=\"\">les offres propos\u00e9es par nos acteurs locaux<\/a>, une mani\u00e8re simple et divertissante de soutenir l&rsquo;\u00e9conomie locale tout en profitant de bonnes affaires et de d\u00e9couvertes int\u00e9ressantes !<\/p>\n\n\n\n<p>De nouveaux articles seront publi\u00e9s sur ces unions et r\u00e9seaux \u00e0 l&rsquo;avenir, alors n&rsquo;h\u00e9sitez pas \u00e0 nous suivre sur nos r\u00e9seaux sociaux pour ne rien manquer des prochaines publications.<\/p>\n\n\n<div class=\"headband-icon cyan visiteurs\">\r\n    <h4>Vous avez un \u00e9tablissement sur le territoire du Nord-Is\u00e8re ?<\/h4>\r\n    <p class=\"txt\">Rejoignez l&rsquo;aventure en inscrivant votre association, entreprise ou collectivit\u00e9 sur notre plateforme.<\/p>\r\n    <a class=\"more-btn white\" href=\"\/inscription\/\">Inscrire mon \u00e9tablissement<\/a>\r\n<\/div>\r\n","protected":false},"excerpt":{"rendered":"<p>Le Nord-Is\u00e8re compte plus d&rsquo;une cinquantaines d&rsquo;unions commer\u00e7antes et de groupements \u00e9conomiques, ils sont des acteurs incontournables dans la promotion de l&rsquo;\u00e9conomie locale<\/p>\n","protected":false},"author":1,"featured_media":7152,"comment_status":"closed","ping_status":"closed","sticky":false,"template":"","format":"standard","meta":{"_acf_changed":false,"footnotes":""},"categories":[5],"tags":[408,407,378,406],"categoriescommunes":[251,131,55,222,247],"class_list":{"0":"post-7145","1":"post","2":"type-post","3":"status-publish","4":"format-standard","5":"has-post-thumbnail","7":"category-monde-economique","8":"tag-economie-locale","9":"tag-groupement-economique","10":"tag-reseaux","11":"tag-union-commerciale","12":"categoriescommunes-bourgoin-jallieu","13":"categoriescommunes-lisle-dabeau","14":"categoriescommunes-la-tour-du-pin","15":"categoriescommunes-val-de-virieu","16":"categoriescommunes-vienne"},"acf":[],"aioseo_notices":[],"_links":{"self":[{"href":"https:\/\/www.acteurs-du-nord-isere.fr\/story\/wp-json\/wp\/v2\/posts\/7145","targetHints":{"allow":["GET"]}}],"collection":[{"href":"https:\/\/www.acteurs-du-nord-isere.fr\/story\/wp-json\/wp\/v2\/posts"}],"about":[{"href":"https:\/\/www.acteurs-du-nord-isere.fr\/story\/wp-json\/wp\/v2\/types\/post"}],"author":[{"embeddable":true,"href":"https:\/\/www.acteurs-du-nord-isere.fr\/story\/wp-json\/wp\/v2\/users\/1"}],"replies":[{"embeddable":true,"href":"https:\/\/www.acteurs-du-nord-isere.fr\/story\/wp-json\/wp\/v2\/comments?post=7145"}],"version-history":[{"count":2,"href":"https:\/\/www.acteurs-du-nord-isere.fr\/story\/wp-json\/wp\/v2\/posts\/7145\/revisions"}],"predecessor-version":[{"id":7155,"href":"https:\/\/www.acteurs-du-nord-isere.fr\/story\/wp-json\/wp\/v2\/posts\/7145\/revisions\/7155"}],"wp:featuredmedia":[{"embeddable":true,"href":"https:\/\/www.acteurs-du-nord-isere.fr\/story\/wp-json\/wp\/v2\/media\/7152"}],"wp:attachment":[{"href":"https:\/\/www.acteurs-du-nord-isere.fr\/story\/wp-json\/wp\/v2\/media?parent=7145"}],"wp:term":[{"taxonomy":"category","embeddable":true,"href":"https:\/\/www.acteurs-du-nord-isere.fr\/story\/wp-json\/wp\/v2\/categories?post=7145"},{"taxonomy":"post_tag","embeddable":true,"href":"https:\/\/www.acteurs-du-nord-isere.fr\/story\/wp-json\/wp\/v2\/tags?post=7145"},{"taxonomy":"categoriescommunes","embeddable":true,"href":"https:\/\/www.acteurs-du-nord-isere.fr\/story\/wp-json\/wp\/v2\/categoriescommunes?post=7145"}],"curies":[{"name":"wp","href":"https:\/\/api.w.org\/{rel}","templated":true}]}}