{"id":7166,"date":"2024-02-28T23:34:24","date_gmt":"2024-02-28T22:34:24","guid":{"rendered":"https:\/\/www.acteurs-du-nord-isere.fr\/story\/?p=7166"},"modified":"2024-02-28T23:39:07","modified_gmt":"2024-02-28T22:39:07","slug":"les-vals-du-dauphine-terre-dinnovation-et-de-cooperation-au-nord-isere","status":"publish","type":"post","link":"https:\/\/www.acteurs-du-nord-isere.fr\/story\/les-vals-du-dauphine-terre-dinnovation-et-de-cooperation-au-nord-isere\/","title":{"rendered":"Les Vals du Dauphin\u00e9 : Terre d&rsquo;Innovation et de Coop\u00e9ration au Nord-Is\u00e8re"},"content":{"rendered":"\n<p>Aujourd&rsquo;hui je vous propose un article d\u00e9di\u00e9<strong> au Vals du Dauphin\u00e9<\/strong> avec une plong\u00e9 dans cette intercommunalit\u00e9 qui fait partie des<strong> 10 pr\u00e9sentes en Nord-Is\u00e8re<\/strong>. <strong>La 3\u00e8me <\/strong>en terme de nombre de communes et <strong>la 5\u00e8me<\/strong> en terme de population. Plongeons dans cette communaut\u00e9 de communes, \u00e0 la crois\u00e9e de l&rsquo;histoire, des services de proximit\u00e9, des projets d&rsquo;avenir et des enjeux majeurs pour notre territoire.<\/p>\n\n\n\n<figure class=\"wp-block-image size-full\"><img loading=\"lazy\" decoding=\"async\" width=\"800\" height=\"531\" src=\"https:\/\/www.acteurs-du-nord-isere.fr\/story\/wp-content\/uploads\/sites\/3\/2024\/02\/VDD_logo.png\" alt=\"Logo les Vals du Dauphin\u00e9\" class=\"wp-image-7170\" srcset=\"https:\/\/www.acteurs-du-nord-isere.fr\/story\/wp-content\/uploads\/sites\/3\/2024\/02\/VDD_logo.png 800w, https:\/\/www.acteurs-du-nord-isere.fr\/story\/wp-content\/uploads\/sites\/3\/2024\/02\/VDD_logo-300x199.png 300w, https:\/\/www.acteurs-du-nord-isere.fr\/story\/wp-content\/uploads\/sites\/3\/2024\/02\/VDD_logo-768x510.png 768w\" sizes=\"auto, (max-width: 800px) 100vw, 800px\" \/><\/figure>\n\n\n\n<h2 class=\"wp-block-heading\">Historique et Contexte des Vals du Dauphin\u00e9<\/h2>\n\n\n\n<p>Les Vals du Dauphin\u00e9, situ\u00e9s \u00e0 \u00e9gale distance de<strong> Lyon, Chamb\u00e9ry et Grenoble<\/strong>, constituent un territoire en symbiose avec les r\u00e9gions du Rh\u00f4ne et de la Savoie. L&rsquo;aventure de l&rsquo;intercommunalit\u00e9 en Nord-Is\u00e8re trouve ses racines dans la volont\u00e9 de renforcer la coop\u00e9ration territoriale, une initiative soutenue par la loi portant nouvelle organisation territoriale de la R\u00e9publique (Loi NOTRe) du 7 ao\u00fbt 2015.<\/p>\n\n\n\n<p><strong>Le 1er janvier 2017<\/strong>, par un arr\u00eat\u00e9 pr\u00e9fectoral, <strong><a href=\"https:\/\/www.acteurs-du-nord-isere.fr\/epci\/cc-les-vals-du-dauphine\/\" title=\"\">la Communaut\u00e9 de communes Les Vals du Dauphin\u00e9<\/a><\/strong> voit le jour, r\u00e9sultat de la fusion de plusieurs entit\u00e9s pr\u00e9existantes, \u00e0 savoir la communaut\u00e9 de communes <strong>Bourbre-Tisserands<\/strong>, <strong>Les Vallons de la Tour<\/strong>, <strong>la Vall\u00e9e de l&rsquo;Hien<\/strong> et <strong>les Vallons du Guiers<\/strong>, malgr\u00e9 des oppositions locales. Cette union a \u00e9t\u00e9 un tournant majeur dans l&rsquo;organisation territoriale, marquant une nouvelle \u00e8re de coop\u00e9ration et de mutualisation des ressources.<\/p>\n\n\n\n<h2 class=\"wp-block-heading\">Les Vals du Dauphin\u00e9 regroupe 36 communes, 12 000 \u00e9tablissements et 2000 associations<\/h2>\n\n\n\n<figure class=\"wp-block-image size-large\"><img loading=\"lazy\" decoding=\"async\" width=\"1024\" height=\"1024\" src=\"https:\/\/www.acteurs-du-nord-isere.fr\/story\/wp-content\/uploads\/sites\/3\/2024\/02\/carte-des-vals-du-dauphine-1024x1024.jpg\" alt=\"Carte les Vals du Dauphin\u00e9\" class=\"wp-image-7171\" srcset=\"https:\/\/www.acteurs-du-nord-isere.fr\/story\/wp-content\/uploads\/sites\/3\/2024\/02\/carte-des-vals-du-dauphine-1024x1024.jpg 1024w, https:\/\/www.acteurs-du-nord-isere.fr\/story\/wp-content\/uploads\/sites\/3\/2024\/02\/carte-des-vals-du-dauphine-300x300.jpg 300w, https:\/\/www.acteurs-du-nord-isere.fr\/story\/wp-content\/uploads\/sites\/3\/2024\/02\/carte-des-vals-du-dauphine-150x150.jpg 150w, https:\/\/www.acteurs-du-nord-isere.fr\/story\/wp-content\/uploads\/sites\/3\/2024\/02\/carte-des-vals-du-dauphine-768x768.jpg 768w, https:\/\/www.acteurs-du-nord-isere.fr\/story\/wp-content\/uploads\/sites\/3\/2024\/02\/carte-des-vals-du-dauphine-100x100.jpg 100w, https:\/\/www.acteurs-du-nord-isere.fr\/story\/wp-content\/uploads\/sites\/3\/2024\/02\/carte-des-vals-du-dauphine-140x140.jpg 140w, https:\/\/www.acteurs-du-nord-isere.fr\/story\/wp-content\/uploads\/sites\/3\/2024\/02\/carte-des-vals-du-dauphine-500x500.jpg 500w, https:\/\/www.acteurs-du-nord-isere.fr\/story\/wp-content\/uploads\/sites\/3\/2024\/02\/carte-des-vals-du-dauphine-350x350.jpg 350w, https:\/\/www.acteurs-du-nord-isere.fr\/story\/wp-content\/uploads\/sites\/3\/2024\/02\/carte-des-vals-du-dauphine-1000x1000.jpg 1000w, https:\/\/www.acteurs-du-nord-isere.fr\/story\/wp-content\/uploads\/sites\/3\/2024\/02\/carte-des-vals-du-dauphine-800x800.jpg 800w, https:\/\/www.acteurs-du-nord-isere.fr\/story\/wp-content\/uploads\/sites\/3\/2024\/02\/carte-des-vals-du-dauphine.jpg 1050w\" sizes=\"auto, (max-width: 1024px) 100vw, 1024px\" \/><\/figure>\n\n\n\n<p>Parmi les <strong>225 communes <\/strong>qui composent le territoire du Nord-Is\u00e8re, <strong>les Vals du Dauphin\u00e9 repr\u00e9sente 16% du territoire<\/strong> avec <strong>2 villes<\/strong> de plus de 5000 habitants (<a href=\"https:\/\/www.acteurs-du-nord-isere.fr\/commune\/la-tour-du-pin\/\">La Tour-du-Pin<\/a> et <a href=\"https:\/\/www.acteurs-du-nord-isere.fr\/commune\/les-abrets-en-dauphine\/\">Les Abrets-en-Dauphin\u00e9<\/a>), <strong>8 bourgs<\/strong>, <strong>25 villages<\/strong> et <strong>1 hameau<\/strong> (Blandin).<\/p>\n\n\n\n<p>Au niveau des \u00e9tablissements, ce n&rsquo;est pas moins de <strong>12 500 Siret <\/strong>qui sont r\u00e9f\u00e9renc\u00e9s sur ce territoire. Pour rappel le num\u00e9ro SIRET est attribu\u00e9 \u00e0 tout \u00e9tablissement, qu&rsquo;il soit public ou priv\u00e9, d\u00e8s lors qu&rsquo;il exerce une activit\u00e9 \u00e9conomique.<\/p>\n\n\n\n<p>Au niveau des Associations c&rsquo;est environs <strong>2000 associations<\/strong> qui sont inscrites sur le territoire des Vals du Dauphin\u00e9. Les associations interviennent localement dans le domaine du sport, de la culture, de la formation mais certaines ont des missions en dehors du Nord-Is\u00e8re, voir \u00e0 un niveau international. <\/p>\n\n\n\n<p>Actuellement nous avons <strong>25 acteurs \u00e9conomiques<\/strong> et <strong>15 associations <\/strong>r\u00e9f\u00e9renc\u00e9s sur notre plateforme <strong><a href=\"https:\/\/www.acteurs-du-nord-isere.fr\/\" title=\"\">Acteurs du Nord-Is\u00e8re<\/a><\/strong>, il nous reste un peu de prospection \u00e0 faire !<\/p>\n\n\n\n<div class=\"wp-block-buttons is-layout-flex wp-block-buttons-is-layout-flex\">\n<div class=\"wp-block-button\"><a class=\"wp-block-button__link wp-element-button\" href=\"https:\/\/www.acteurs-du-nord-isere.fr\/epci\/cc-les-vals-du-dauphine\/\">Voir la page des Vals du Dauphin\u00e9<\/a><\/div>\n<\/div>\n\n\n\n<div style=\"height:50px\" aria-hidden=\"true\" class=\"wp-block-spacer\"><\/div>\n\n\n\n<h2 class=\"wp-block-heading\">Les services autour de la vie locale en Nord-Is\u00e8re<\/h2>\n\n\n\n<p>La Communaut\u00e9 de communes Les Vals du Dauphin\u00e9 s&rsquo;\u00e9rige en un pilier essentiel de la vie quotidienne de plus de <strong>64 000 habitants<\/strong> r\u00e9partis dans <strong>36 communes<\/strong> sur <strong>345km\u00b2<\/strong>. Dot\u00e9e d&rsquo;un budget cons\u00e9quent d\u00e9passant les<strong> 50 millions d&rsquo;euros<\/strong> et <strong>employant plus de 250 agents<\/strong>, elle assure une multitude de services couvrant divers aspects de la vie locale. On retrouve sur son site internet, les services mise en avant \u00e0 travers cette liste de rubriques : <\/p>\n\n\n\n<div class=\"wp-block-media-text is-stacked-on-mobile\"><figure class=\"wp-block-media-text__media\"><img loading=\"lazy\" decoding=\"async\" width=\"1024\" height=\"628\" src=\"https:\/\/www.acteurs-du-nord-isere.fr\/story\/wp-content\/uploads\/sites\/3\/2024\/02\/site-web-les-Vals-du-dauphine-1024x628.jpg\" alt=\"Site web les Vals du Dauphin\u00e9\" class=\"wp-image-7172 size-full\" srcset=\"https:\/\/www.acteurs-du-nord-isere.fr\/story\/wp-content\/uploads\/sites\/3\/2024\/02\/site-web-les-Vals-du-dauphine-1024x628.jpg 1024w, https:\/\/www.acteurs-du-nord-isere.fr\/story\/wp-content\/uploads\/sites\/3\/2024\/02\/site-web-les-Vals-du-dauphine-300x184.jpg 300w, https:\/\/www.acteurs-du-nord-isere.fr\/story\/wp-content\/uploads\/sites\/3\/2024\/02\/site-web-les-Vals-du-dauphine-768x471.jpg 768w, https:\/\/www.acteurs-du-nord-isere.fr\/story\/wp-content\/uploads\/sites\/3\/2024\/02\/site-web-les-Vals-du-dauphine-1536x942.jpg 1536w, https:\/\/www.acteurs-du-nord-isere.fr\/story\/wp-content\/uploads\/sites\/3\/2024\/02\/site-web-les-Vals-du-dauphine.jpg 1802w\" sizes=\"auto, (max-width: 1024px) 100vw, 1024px\" \/><\/figure><div class=\"wp-block-media-text__content\">\n<ul class=\"wp-block-list\">\n<li>Maisons de Services au Public<\/li>\n\n\n\n<li>Habitat et Urbanisme<\/li>\n\n\n\n<li>Gestion des D\u00e9chets<\/li>\n\n\n\n<li>Famille et Loisirs<\/li>\n\n\n\n<li>S\u00e9curit\u00e9 et Pr\u00e9vention<\/li>\n\n\n\n<li>M\u00e9diath\u00e8ques<\/li>\n\n\n\n<li>Tourisme<\/li>\n\n\n\n<li>D\u00e9veloppement Durable et Environnement<\/li>\n\n\n\n<li>D\u00e9veloppement \u00c9conomique et Agriculture<\/li>\n\n\n\n<li><\/li>\n<\/ul>\n<\/div><\/div>\n\n\n\n<h2 class=\"wp-block-heading\">Les projets men\u00e9s par les Vals du Dauphin\u00e9<\/h2>\n\n\n\n<p>L&rsquo;intercommunalit\u00e9 des Vals du Dauphin\u00e9 se distingue par sa vision prospective et ses actions concr\u00e8tes orient\u00e9es vers<strong> un d\u00e9veloppement durable<\/strong> et<strong> harmonieux du territoire<\/strong>. <strong>Le projet de territoire 2024-2030 <\/strong>incarne cette ambition collective, articul\u00e9e autour de trois grands piliers :<\/p>\n\n\n\n<ol class=\"wp-block-list\">\n<li>Cr\u00e9ation d&rsquo;un territoire convivial facilitant l&rsquo;acc\u00e8s aux services publics et soutenant les projets des habitants.<\/li>\n\n\n\n<li>Valorisation et d\u00e9veloppement du potentiel local, notamment agricole, afin de stimuler l&rsquo;\u00e9conomie r\u00e9gionale.<\/li>\n\n\n\n<li>Adaptation aux \u00e9volutions environnementales et soci\u00e9tales, garantissant la r\u00e9silience du territoire face aux d\u00e9fis futurs.<\/li>\n<\/ol>\n\n\n\n<p>Parmi les initiatives phares, l<strong>e Projet Alimentaire Territorial (PAT) <\/strong>se d\u00e9marque, mettant l&rsquo;accent sur l&rsquo;alimentation dans un territoire largement rural. De m\u00eame, la participation au programme \u00ab\u00a0<strong>Petites Villes de Demain<\/strong>\u00a0\u00bb vise \u00e0 dynamiser les communes de La Tour du Pin et de Pont-de-Beauvoisin, tout en pr\u00e9servant leur environnement. <\/p>\n\n\n\n<p>Les Vals du Dauphin\u00e9 g\u00e8re d&rsquo;autres projets qui sont expliqu\u00e9 en d\u00e9tails sur leur site internet. <\/p>\n\n\n\n<p>On peut noter qu&rsquo;une des 36 communes de l&rsquo;intercommunalit\u00e9 a retenu l&rsquo;attention du programme Villages d\u2019Avenir, avec <a href=\"https:\/\/www.acteurs-du-nord-isere.fr\/commune\/val-de-virieu\/\" title=\"\">Val-de-Virieu<\/a> qui figure parmi les laur\u00e9ates en 2024.<\/p>\n\n\n\n<p>Villages d\u2019Avenir vise \u00e0 faciliter la vie quotidienne des \u00e9lus d\u00e9veloppeurs en les accompagnant dans leurs projets et en les orientant vers les dispositifs et aides existantes de l\u2019\u00c9tat ainsi que des autres partenaires financeurs.<\/p>\n\n\n\n<p>Retrouvez notre article sur <a href=\"https:\/\/www.acteurs-du-nord-isere.fr\/story\/villages-davenir-2024-15-communes-laureates-en-nord-isere-pretes-a-se-transformer\/\" title=\"\">les 15 communes Laur\u00e9ates de Village d&rsquo;avenir en Nord-Is\u00e8re.<\/a><\/p>\n\n\n\n<h2 class=\"wp-block-heading\">Les enjeux et perspectives d&rsquo;avenir<\/h2>\n\n\n\n<p>Malgr\u00e9 ses r\u00e9ussites, l&rsquo;intercommunalit\u00e9 des Vals du Dauphin\u00e9 fait face \u00e0 des d\u00e9fis majeurs, notamment dans le contexte de <strong>transition \u00e9cologique<\/strong> et <strong>d&rsquo;attractivit\u00e9 \u00e9conomique<\/strong>. La promotion de l&rsquo;\u00e9conomie locale, les partenariats avec les entreprises et associations ainsi que la synergie entre les acteurs du territoire restent au c\u0153ur des pr\u00e9occupations.<\/p>\n\n\n\n<p><strong><a href=\"https:\/\/www.valsdudauphine.fr\/la-collectivite\/conseil-de-developpement\/\" target=\"_blank\" rel=\"noopener\" title=\"\">Le Conseil de D\u00e9veloppement<\/a><\/strong>, instance de d\u00e9mocratie participative, incarne cette volont\u00e9 d&rsquo;impliquer la soci\u00e9t\u00e9 civile dans les d\u00e9cisions strat\u00e9giques, assurant ainsi une gouvernance transparente et \u00e9clair\u00e9e.<\/p>\n\n\n\n<p>En conclusion,<strong> l&rsquo;intercommunalit\u00e9 des Vals du Dauphin\u00e9 <\/strong>s&rsquo;affirme comme un mod\u00e8le de coop\u00e9ration et d&rsquo;innovation, alliant pr\u00e9servation du patrimoine et anticipation des enjeux de demain. Dans un monde en constante \u00e9volution, elle incarne l&rsquo;espoir d&rsquo;un d\u00e9veloppement territorial harmonieux et p\u00e9renne.<\/p>\n\n\n\n<p>Nous aurons le plaisir de suivre et de partager avec vous les futurs projets concernant le territoire du Nord-Is\u00e8re. N&rsquo;h\u00e9sitez pas \u00e0 rester connect\u00e9 avec nous via nos r\u00e9seaux sociaux ou notre newsletter pour suivre nos aventures et d\u00e9couvrir les acteurs locaux qui contribuent \u00e0 la richesse de notre territoire.<\/p>\n\n\n<ul class=\"socials post\">\n\n  <li class=\"nav-item social\">\n      <a class=\"nav-link\" href=\"https:\/\/dezup.typeform.com\/to\/I2cU66\" target=\"blank\" aria-label=\"Newlsetter\">\n        <i class=\"fa-solid fa-envelope\"><\/i>\n      <\/a>\n    <\/li>\n    <li class=\"nav-item social\">\n      <a class=\"nav-link\" href=\"https:\/\/www.instagram.com\/acteursdunordisere\/\" target=\"blank\" aria-label=\"instagram\">\n        <i class=\"fa-brands fa-instagram\"><\/i>\n      <\/a>\n    <\/li>\n    <li class=\"nav-item social\">\n      <a class=\"nav-link\" href=\"https:\/\/www.facebook.com\/ActeursNordIsere\/\" target=\"blank\" aria-label=\"facebook\">\n        <i class=\"fa-brands fa-facebook-f\"><\/i>\n      <\/a>\n    <\/li>\n    <li class=\"nav-item social\">\n      <a class=\"nav-link\" href=\"https:\/\/www.youtube.com\/@ActeursduNord-Isere\" target=\"blank\" aria-label=\"youtube\">\n        <i class=\"fa-brands fa-youtube-play\"><\/i>\n      <\/a>\n    <\/li>\n    <li class=\"nav-item social\">\n      <a class=\"nav-link\" href=\"https:\/\/www.linkedin.com\/company\/acteurs-du-nord-isere\/\" target=\"blank\" aria-label=\"linkedin\">\n        <i class=\"fa-brands fa-linkedin\"><\/i>\n      <\/a>\n    <\/li>\n\n<\/ul>\n\n","protected":false},"excerpt":{"rendered":"<p>Les Vals du Dauphin\u00e9, situ\u00e9s \u00e0 \u00e9gale distance de Lyon, Chamb\u00e9ry et Grenoble, constituent un territoire en symbiose avec les r\u00e9gions du Rh\u00f4ne et de la Savoie. <\/p>\n","protected":false},"author":1,"featured_media":7175,"comment_status":"closed","ping_status":"closed","sticky":false,"template":"","format":"standard","meta":{"_acf_changed":false,"footnotes":""},"categories":[26],"tags":[413,410,411,412],"categoriescommunes":[55,258,222],"class_list":{"0":"post-7166","1":"post","2":"type-post","3":"status-publish","4":"format-standard","5":"has-post-thumbnail","7":"category-le-territoire","8":"tag-communaute","9":"tag-epci","10":"tag-intercommunalite","11":"tag-vdd","12":"categoriescommunes-la-tour-du-pin","13":"categoriescommunes-les-abrets-en-dauphine","14":"categoriescommunes-val-de-virieu"},"acf":[],"aioseo_notices":[],"_links":{"self":[{"href":"https:\/\/www.acteurs-du-nord-isere.fr\/story\/wp-json\/wp\/v2\/posts\/7166","targetHints":{"allow":["GET"]}}],"collection":[{"href":"https:\/\/www.acteurs-du-nord-isere.fr\/story\/wp-json\/wp\/v2\/posts"}],"about":[{"href":"https:\/\/www.acteurs-du-nord-isere.fr\/story\/wp-json\/wp\/v2\/types\/post"}],"author":[{"embeddable":true,"href":"https:\/\/www.acteurs-du-nord-isere.fr\/story\/wp-json\/wp\/v2\/users\/1"}],"replies":[{"embeddable":true,"href":"https:\/\/www.acteurs-du-nord-isere.fr\/story\/wp-json\/wp\/v2\/comments?post=7166"}],"version-history":[{"count":6,"href":"https:\/\/www.acteurs-du-nord-isere.fr\/story\/wp-json\/wp\/v2\/posts\/7166\/revisions"}],"predecessor-version":[{"id":7178,"href":"https:\/\/www.acteurs-du-nord-isere.fr\/story\/wp-json\/wp\/v2\/posts\/7166\/revisions\/7178"}],"wp:featuredmedia":[{"embeddable":true,"href":"https:\/\/www.acteurs-du-nord-isere.fr\/story\/wp-json\/wp\/v2\/media\/7175"}],"wp:attachment":[{"href":"https:\/\/www.acteurs-du-nord-isere.fr\/story\/wp-json\/wp\/v2\/media?parent=7166"}],"wp:term":[{"taxonomy":"category","embeddable":true,"href":"https:\/\/www.acteurs-du-nord-isere.fr\/story\/wp-json\/wp\/v2\/categories?post=7166"},{"taxonomy":"post_tag","embeddable":true,"href":"https:\/\/www.acteurs-du-nord-isere.fr\/story\/wp-json\/wp\/v2\/tags?post=7166"},{"taxonomy":"categoriescommunes","embeddable":true,"href":"https:\/\/www.acteurs-du-nord-isere.fr\/story\/wp-json\/wp\/v2\/categoriescommunes?post=7166"}],"curies":[{"name":"wp","href":"https:\/\/api.w.org\/{rel}","templated":true}]}}