{"id":7180,"date":"2024-03-04T11:57:27","date_gmt":"2024-03-04T10:57:27","guid":{"rendered":"https:\/\/www.acteurs-du-nord-isere.fr\/story\/?p=7180"},"modified":"2024-03-18T23:49:28","modified_gmt":"2024-03-18T22:49:28","slug":"plantes-en-folie-a-pupetieres-le-27-et-28-avril-2024","status":"publish","type":"post","link":"https:\/\/www.acteurs-du-nord-isere.fr\/story\/plantes-en-folie-a-pupetieres-le-27-et-28-avril-2024\/","title":{"rendered":"Plantes en Folie \u00e0 Pupeti\u00e8res le 27 et 28 avril 2024"},"content":{"rendered":"\n<p>\u00c7a y est, l\u2019information a \u00e9t\u00e9 divulgu\u00e9e pour notre plus grande joie ! La prochaine&nbsp;<strong>journ\u00e9e des plantes en folie au domaine de Pupeti\u00e8res<\/strong>&nbsp;(Ch\u00e2bons) se d\u00e9roulera le&nbsp;<strong>weekend du 27 et 28 avril<\/strong> <strong>2024<\/strong>.<\/p>\n\n\n\n<div class=\"wp-block-media-text alignwide is-stacked-on-mobile\" style=\"grid-template-columns:48% auto\"><figure class=\"wp-block-media-text__media\"><img loading=\"lazy\" decoding=\"async\" width=\"719\" height=\"960\" src=\"https:\/\/www.acteurs-du-nord-isere.fr\/story\/wp-content\/uploads\/sites\/3\/2024\/03\/Plantes-en-folies-pupetiere-2024-avril.jpg\" alt=\"\" class=\"wp-image-7184 size-full\" srcset=\"https:\/\/www.acteurs-du-nord-isere.fr\/story\/wp-content\/uploads\/sites\/3\/2024\/03\/Plantes-en-folies-pupetiere-2024-avril.jpg 719w, https:\/\/www.acteurs-du-nord-isere.fr\/story\/wp-content\/uploads\/sites\/3\/2024\/03\/Plantes-en-folies-pupetiere-2024-avril-225x300.jpg 225w\" sizes=\"auto, (max-width: 719px) 100vw, 719px\" \/><\/figure><div class=\"wp-block-media-text__content\">\n<h2 class=\"wp-block-heading\">\u00c0 qui s\u2019adresse cet \u00e9v\u00e9nement ?<\/h2>\n\n\n\n<p>\u00c0 tous les&nbsp;<strong>passionn\u00e9s de jardins, de fleurs et amateurs de plantes<\/strong>. Aux petits et grands qui souhaitent prendre le temps de se balader dans un joli cadre et d\u00e9couvrir ce domaine.<\/p>\n\n\n\n<h2 class=\"wp-block-heading\">Plantes en folie le programme&nbsp;:<\/h2>\n\n\n\n<p>Plus de&nbsp;<strong>80 exposants seront pr\u00e9sents.&nbsp;<\/strong>Des partenaires, des animations, des conf\u00e9rences, une exposition, des ateliers, des&nbsp;<strong>visites du ch\u00e2teau<\/strong>. L&rsquo;\u00e9v\u00e9nement aura pour marraine <strong>Myriam Charleins<\/strong>.<\/p>\n\n\n\n<p>Les meilleurs sp\u00e9cialistes du monde v\u00e9g\u00e9tal, artisans et artistes seront au rendez-vous.<\/p>\n\n\n\n<div class=\"wp-block-buttons is-layout-flex wp-block-buttons-is-layout-flex\">\n<div class=\"wp-block-button\"><a class=\"wp-block-button__link wp-element-button\" href=\"https:\/\/pupetieres.jimdofree.com\/plantes-en-folie-et-journ%C3%A9es-des-plantes\/?fbclid=IwAR3gzNEU8uEaniX3d3UvCdBcxLWFlWS8SL6cWOL_EL7UYfaGfWJXzsiZY1g\" target=\"_blank\" rel=\"noreferrer noopener\">R\u00e9servez vos places d\u00e8s maintenant !<\/a><\/div>\n<\/div>\n<\/div><\/div>\n\n\n\n<div class=\"wp-block-columns is-layout-flex wp-container-core-columns-is-layout-9d6595d7 wp-block-columns-is-layout-flex\">\n<div class=\"wp-block-column is-layout-flow wp-block-column-is-layout-flow\">\n<h3 class=\"wp-block-heading\"><strong>Tarifs (en attente de confirmation)<\/strong><\/h3>\n\n\n\n<ul class=\"wp-block-list\">\n<li>Tarif individuel : 7 \u20ac (10 \u20ac pass weekend)<\/li>\n\n\n\n<li>Tarif groupe : 5 \u20ac<\/li>\n\n\n\n<li>gratuit pour les moins de 12 ans<\/li>\n<\/ul>\n\n\n\n<h3 class=\"wp-block-heading\"><strong>O\u00f9 se situe le ch\u00e2teau de Pupeti\u00e8res ?<\/strong><\/h3>\n\n\n\n<h4 class=\"wp-block-heading\"><strong>Adresse du&nbsp;<\/strong><strong>Ch\u00e2teau de Pupeti\u00e8res<\/strong><\/h4>\n\n\n\n<p>100, route de Virieu<br>38690 CHABONS<\/p>\n\n\n\n<h4 class=\"wp-block-heading\"><strong>Emails du ch\u00e2teau de Pupeti\u00e8re<\/strong>s<\/h4>\n\n\n\n<ul class=\"wp-block-list\">\n<li><a href=\"mailto:pupetiere@orange.fr\">pupetiere@orange.fr<\/a><\/li>\n\n\n\n<li><a href=\"mailto:plantespupetieres@gmail.com\">plantespupetieres@gmail.com<\/a><\/li>\n<\/ul>\n\n\n\n<h4 class=\"wp-block-heading\"><strong>T\u00e9l\u00e9phone du ch\u00e2teau de Pupeti\u00e8re<\/strong>s<\/h4>\n\n\n\n<ul class=\"wp-block-list\">\n<li>06 14 30 27 31<\/li>\n<\/ul>\n<\/div>\n\n\n\n<div class=\"wp-block-column is-layout-flow wp-block-column-is-layout-flow\"><div class=\"wp-block-image\">\n<figure class=\"aligncenter size-full is-resized\"><img loading=\"lazy\" decoding=\"async\" width=\"696\" height=\"618\" src=\"https:\/\/www.acteurs-du-nord-isere.fr\/story\/wp-content\/uploads\/sites\/3\/2023\/01\/Plantes-en-Folie-au-chateau-de-Pupetieres-2023.png\" alt=\"\" class=\"wp-image-6187\" style=\"width:537px;height:476px\" srcset=\"https:\/\/www.acteurs-du-nord-isere.fr\/story\/wp-content\/uploads\/sites\/3\/2023\/01\/Plantes-en-Folie-au-chateau-de-Pupetieres-2023.png 696w, https:\/\/www.acteurs-du-nord-isere.fr\/story\/wp-content\/uploads\/sites\/3\/2023\/01\/Plantes-en-Folie-au-chateau-de-Pupetieres-2023-300x266.png 300w\" sizes=\"auto, (max-width: 696px) 100vw, 696px\" \/><figcaption class=\"wp-element-caption\"><em>Pr\u00e9c\u00e9dente f\u00eate des plantes au ch\u00e2teau de Pupeti\u00e8res <\/em><br><em>&#8211; Cr\u00e9dit photo : ADNI<\/em><\/figcaption><\/figure>\n<\/div><\/div>\n<\/div>\n\n\n\n<div class=\"wp-block-columns is-layout-flex wp-container-core-columns-is-layout-9d6595d7 wp-block-columns-is-layout-flex\">\n<div class=\"wp-block-column is-layout-flow wp-block-column-is-layout-flow\">\n<h2 class=\"wp-block-heading\">Deux de nos acteurs seront pr\u00e9sents \u00e0 cet \u00e9v\u00e9nement d\u00e9di\u00e9 aux plantes.<\/h2>\n\n\n\n<p>Nous sommes ravis de compter parmi les stands pr\u00e9sents <strong>Aude Wack<\/strong> <a href=\"https:\/\/www.acteurs-du-nord-isere.fr\/entreprises\/le-jardin-des-malices\/\">du Jardin des Malices<\/a>, sp\u00e9cialis\u00e9e dans les hydrolats et eaux florales biologiques, ainsi que <strong>Morgane et Johny<\/strong> &#8211; <a href=\"https:\/\/www.acteurs-du-nord-isere.fr\/entreprises\/mojo-ferme-florale\/\">Mojo Ferme Florale<\/a>, proposant des fleurs locales et de saison. Si vous passez durant le weekend, n&rsquo;h\u00e9sitez pas \u00e0 d\u00e9couvrir leurs stands et leurs produits locaux, fabriqu\u00e9s dans le Nord-Is\u00e8re !<\/p>\n\n\n\n<div class=\"wp-block-columns is-layout-flex wp-container-core-columns-is-layout-9d6595d7 wp-block-columns-is-layout-flex\">\n<div class=\"wp-block-column is-layout-flow wp-block-column-is-layout-flow\">\n<figure class=\"wp-block-image size-large\"><a href=\"https:\/\/www.acteurs-du-nord-isere.fr\/entreprises\/le-jardin-des-malices\/\"><img loading=\"lazy\" decoding=\"async\" width=\"1024\" height=\"1024\" src=\"https:\/\/www.acteurs-du-nord-isere.fr\/story\/wp-content\/uploads\/sites\/3\/2024\/03\/Jardin-des-malices_Acteurs_du_Nord_Isere-1024x1024.jpg\" alt=\"\" class=\"wp-image-7235\" srcset=\"https:\/\/www.acteurs-du-nord-isere.fr\/story\/wp-content\/uploads\/sites\/3\/2024\/03\/Jardin-des-malices_Acteurs_du_Nord_Isere-1024x1024.jpg 1024w, https:\/\/www.acteurs-du-nord-isere.fr\/story\/wp-content\/uploads\/sites\/3\/2024\/03\/Jardin-des-malices_Acteurs_du_Nord_Isere-300x300.jpg 300w, https:\/\/www.acteurs-du-nord-isere.fr\/story\/wp-content\/uploads\/sites\/3\/2024\/03\/Jardin-des-malices_Acteurs_du_Nord_Isere-150x150.jpg 150w, https:\/\/www.acteurs-du-nord-isere.fr\/story\/wp-content\/uploads\/sites\/3\/2024\/03\/Jardin-des-malices_Acteurs_du_Nord_Isere-768x768.jpg 768w, https:\/\/www.acteurs-du-nord-isere.fr\/story\/wp-content\/uploads\/sites\/3\/2024\/03\/Jardin-des-malices_Acteurs_du_Nord_Isere-100x100.jpg 100w, https:\/\/www.acteurs-du-nord-isere.fr\/story\/wp-content\/uploads\/sites\/3\/2024\/03\/Jardin-des-malices_Acteurs_du_Nord_Isere-140x140.jpg 140w, https:\/\/www.acteurs-du-nord-isere.fr\/story\/wp-content\/uploads\/sites\/3\/2024\/03\/Jardin-des-malices_Acteurs_du_Nord_Isere-500x500.jpg 500w, https:\/\/www.acteurs-du-nord-isere.fr\/story\/wp-content\/uploads\/sites\/3\/2024\/03\/Jardin-des-malices_Acteurs_du_Nord_Isere-350x350.jpg 350w, https:\/\/www.acteurs-du-nord-isere.fr\/story\/wp-content\/uploads\/sites\/3\/2024\/03\/Jardin-des-malices_Acteurs_du_Nord_Isere-1000x1000.jpg 1000w, https:\/\/www.acteurs-du-nord-isere.fr\/story\/wp-content\/uploads\/sites\/3\/2024\/03\/Jardin-des-malices_Acteurs_du_Nord_Isere-800x800.jpg 800w, https:\/\/www.acteurs-du-nord-isere.fr\/story\/wp-content\/uploads\/sites\/3\/2024\/03\/Jardin-des-malices_Acteurs_du_Nord_Isere.jpg 1200w\" sizes=\"auto, (max-width: 1024px) 100vw, 1024px\" \/><\/a><\/figure>\n<\/div>\n\n\n\n<div class=\"wp-block-column is-layout-flow wp-block-column-is-layout-flow\">\n<figure class=\"wp-block-image size-large\"><a href=\"https:\/\/www.acteurs-du-nord-isere.fr\/entreprises\/mojo-ferme-florale\/\"><img loading=\"lazy\" decoding=\"async\" width=\"1024\" height=\"1024\" src=\"https:\/\/www.acteurs-du-nord-isere.fr\/story\/wp-content\/uploads\/sites\/3\/2024\/03\/Mojo_Acteurs_du_Nord_Isere-1-1024x1024.jpg\" alt=\"\" class=\"wp-image-7236\" srcset=\"https:\/\/www.acteurs-du-nord-isere.fr\/story\/wp-content\/uploads\/sites\/3\/2024\/03\/Mojo_Acteurs_du_Nord_Isere-1-1024x1024.jpg 1024w, https:\/\/www.acteurs-du-nord-isere.fr\/story\/wp-content\/uploads\/sites\/3\/2024\/03\/Mojo_Acteurs_du_Nord_Isere-1-300x300.jpg 300w, https:\/\/www.acteurs-du-nord-isere.fr\/story\/wp-content\/uploads\/sites\/3\/2024\/03\/Mojo_Acteurs_du_Nord_Isere-1-150x150.jpg 150w, https:\/\/www.acteurs-du-nord-isere.fr\/story\/wp-content\/uploads\/sites\/3\/2024\/03\/Mojo_Acteurs_du_Nord_Isere-1-768x768.jpg 768w, https:\/\/www.acteurs-du-nord-isere.fr\/story\/wp-content\/uploads\/sites\/3\/2024\/03\/Mojo_Acteurs_du_Nord_Isere-1-100x100.jpg 100w, https:\/\/www.acteurs-du-nord-isere.fr\/story\/wp-content\/uploads\/sites\/3\/2024\/03\/Mojo_Acteurs_du_Nord_Isere-1-140x140.jpg 140w, https:\/\/www.acteurs-du-nord-isere.fr\/story\/wp-content\/uploads\/sites\/3\/2024\/03\/Mojo_Acteurs_du_Nord_Isere-1-500x500.jpg 500w, https:\/\/www.acteurs-du-nord-isere.fr\/story\/wp-content\/uploads\/sites\/3\/2024\/03\/Mojo_Acteurs_du_Nord_Isere-1-350x350.jpg 350w, https:\/\/www.acteurs-du-nord-isere.fr\/story\/wp-content\/uploads\/sites\/3\/2024\/03\/Mojo_Acteurs_du_Nord_Isere-1-1000x1000.jpg 1000w, https:\/\/www.acteurs-du-nord-isere.fr\/story\/wp-content\/uploads\/sites\/3\/2024\/03\/Mojo_Acteurs_du_Nord_Isere-1-800x800.jpg 800w, https:\/\/www.acteurs-du-nord-isere.fr\/story\/wp-content\/uploads\/sites\/3\/2024\/03\/Mojo_Acteurs_du_Nord_Isere-1.jpg 1200w\" sizes=\"auto, (max-width: 1024px) 100vw, 1024px\" \/><\/a><\/figure>\n<\/div>\n<\/div>\n<\/div>\n<\/div>\n\n\n\n<div class=\"wp-block-columns is-layout-flex wp-container-core-columns-is-layout-9d6595d7 wp-block-columns-is-layout-flex\">\n<div class=\"wp-block-column is-layout-flow wp-block-column-is-layout-flow\"><div class=\"wp-block-image\">\n<figure class=\"aligncenter size-full is-resized\"><img loading=\"lazy\" decoding=\"async\" width=\"1137\" height=\"1587\" src=\"https:\/\/www.acteurs-du-nord-isere.fr\/story\/wp-content\/uploads\/sites\/3\/2024\/03\/fete-des-plantes-2024-chateau-de-pupetieres-isere.jpg\" alt=\"\" class=\"wp-image-7183\" style=\"aspect-ratio:0.7515274949083504;width:485px;height:auto\" srcset=\"https:\/\/www.acteurs-du-nord-isere.fr\/story\/wp-content\/uploads\/sites\/3\/2024\/03\/fete-des-plantes-2024-chateau-de-pupetieres-isere.jpg 1137w, https:\/\/www.acteurs-du-nord-isere.fr\/story\/wp-content\/uploads\/sites\/3\/2024\/03\/fete-des-plantes-2024-chateau-de-pupetieres-isere-215x300.jpg 215w, https:\/\/www.acteurs-du-nord-isere.fr\/story\/wp-content\/uploads\/sites\/3\/2024\/03\/fete-des-plantes-2024-chateau-de-pupetieres-isere-734x1024.jpg 734w, https:\/\/www.acteurs-du-nord-isere.fr\/story\/wp-content\/uploads\/sites\/3\/2024\/03\/fete-des-plantes-2024-chateau-de-pupetieres-isere-768x1072.jpg 768w, https:\/\/www.acteurs-du-nord-isere.fr\/story\/wp-content\/uploads\/sites\/3\/2024\/03\/fete-des-plantes-2024-chateau-de-pupetieres-isere-1100x1536.jpg 1100w\" sizes=\"auto, (max-width: 1137px) 100vw, 1137px\" \/><figcaption class=\"wp-element-caption\">Le programme de cette \u00e9dition 2024<\/figcaption><\/figure>\n<\/div><\/div>\n\n\n\n<div class=\"wp-block-column is-layout-flow wp-block-column-is-layout-flow\">\n<p><strong>Notre retour des pr\u00e9c\u00e9dentes journ\u00e9es des plantes&nbsp;:<\/strong><\/p>\n\n\n\n<p><em>\u00ab&nbsp;Que ce soit au printemps ou \u00e0 l\u2019automne, c\u2019est toujours un immense plaisir d\u2019aller faire un tour dans ce magnifique domaine. Pour les amoureux des fleurs, des plantes, des monuments historiques comme nous, c\u2019est devenu une date incontournable chaque ann\u00e9e. Nous aimons nous balader entre les stands et d\u00e9couvrir de nouveaux artisans et producteurs. L\u2019ambiance y est familiale et chaleureuse.<\/em><\/p>\n\n\n\n<p><em>Le plus +&nbsp;: profitez d\u2019un des stands de nourriture sur place pour s\u2019offrir une petite douceur gustative&nbsp;!<\/em><\/p>\n\n\n\n<p><em>Merci aux propri\u00e9taires du ch\u00e2teau, aux organisateurs et \u00e0 tous les exposants qui nous r\u00e9galent \u00e0 chaque \u00e9v\u00e9nement.&nbsp;\u00bb<\/em><\/p>\n\n\n\n<p><em>Vincent et Alicia d\u2019ADNI<\/em><\/p>\n<\/div>\n<\/div>\n\n\n\n<h2 class=\"wp-block-heading has-text-align-center\"><em>Pour suivre l\u2019actualit\u00e9 de l\u2019\u00e9v\u00e9nement :<\/em><\/h2>\n\n\n\n<div class=\"wp-block-columns is-layout-flex wp-container-core-columns-is-layout-9d6595d7 wp-block-columns-is-layout-flex\">\n<div class=\"wp-block-column is-layout-flow wp-block-column-is-layout-flow\"><a href=\"https:\/\/pupetieres.jimdofree.com\/\" class=\"more-btn blue\">D\u00e9couvrez le site internet du ch\u00e2teau de Pupeti\u00e8res !<\/a>\r\n<\/div>\n\n\n\n<div class=\"wp-block-column is-layout-flow wp-block-column-is-layout-flow\"><a href=\"https:\/\/www.facebook.com\/chateaudepupetieres\" class=\"more-btn blue\">D\u00e9couvrez la page Facebook de l&rsquo;\u00e9v\u00e9nement !<\/a>\r\n<\/div>\n<\/div>\n\n\n\n<p class=\"has-text-align-center\"><em>Quelques photos du ch\u00e2teau de Pupeti\u00e8res (Cr\u00e9dit photo : ADNI)<\/em> :<\/p>\n\n\n\n<figure class=\"wp-block-gallery has-nested-images columns-default is-cropped wp-block-gallery-1 is-layout-flex wp-block-gallery-is-layout-flex\">\n<figure class=\"wp-block-image size-large\"><img loading=\"lazy\" decoding=\"async\" width=\"703\" height=\"937\" data-id=\"6184\" src=\"https:\/\/www.acteurs-du-nord-isere.fr\/story\/wp-content\/uploads\/sites\/3\/2023\/01\/Chateau-de-Pupetieres-Chabons.png\" alt=\"\" class=\"wp-image-6184\" srcset=\"https:\/\/www.acteurs-du-nord-isere.fr\/story\/wp-content\/uploads\/sites\/3\/2023\/01\/Chateau-de-Pupetieres-Chabons.png 703w, https:\/\/www.acteurs-du-nord-isere.fr\/story\/wp-content\/uploads\/sites\/3\/2023\/01\/Chateau-de-Pupetieres-Chabons-225x300.png 225w\" sizes=\"auto, (max-width: 703px) 100vw, 703px\" \/><\/figure>\n\n\n\n<figure class=\"wp-block-image size-large\"><img loading=\"lazy\" decoding=\"async\" width=\"703\" height=\"937\" data-id=\"6185\" src=\"https:\/\/www.acteurs-du-nord-isere.fr\/story\/wp-content\/uploads\/sites\/3\/2023\/01\/Chateau-de-Pupetieres-Fete-des-plantes-2023.png\" alt=\"\" class=\"wp-image-6185\" srcset=\"https:\/\/www.acteurs-du-nord-isere.fr\/story\/wp-content\/uploads\/sites\/3\/2023\/01\/Chateau-de-Pupetieres-Fete-des-plantes-2023.png 703w, https:\/\/www.acteurs-du-nord-isere.fr\/story\/wp-content\/uploads\/sites\/3\/2023\/01\/Chateau-de-Pupetieres-Fete-des-plantes-2023-225x300.png 225w\" sizes=\"auto, (max-width: 703px) 100vw, 703px\" \/><\/figure>\n\n\n\n<figure class=\"wp-block-image size-large\"><img loading=\"lazy\" decoding=\"async\" width=\"703\" height=\"937\" data-id=\"6186\" src=\"https:\/\/www.acteurs-du-nord-isere.fr\/story\/wp-content\/uploads\/sites\/3\/2023\/01\/Fete-des-plantes-Chabons-Isere.png\" alt=\"\" class=\"wp-image-6186\" srcset=\"https:\/\/www.acteurs-du-nord-isere.fr\/story\/wp-content\/uploads\/sites\/3\/2023\/01\/Fete-des-plantes-Chabons-Isere.png 703w, https:\/\/www.acteurs-du-nord-isere.fr\/story\/wp-content\/uploads\/sites\/3\/2023\/01\/Fete-des-plantes-Chabons-Isere-225x300.png 225w\" sizes=\"auto, (max-width: 703px) 100vw, 703px\" \/><\/figure>\n\n\n\n<figure class=\"wp-block-image size-large\"><img loading=\"lazy\" decoding=\"async\" width=\"696\" height=\"618\" data-id=\"6187\" src=\"https:\/\/www.acteurs-du-nord-isere.fr\/story\/wp-content\/uploads\/sites\/3\/2023\/01\/Plantes-en-Folie-au-chateau-de-Pupetieres-2023.png\" alt=\"\" class=\"wp-image-6187\" srcset=\"https:\/\/www.acteurs-du-nord-isere.fr\/story\/wp-content\/uploads\/sites\/3\/2023\/01\/Plantes-en-Folie-au-chateau-de-Pupetieres-2023.png 696w, https:\/\/www.acteurs-du-nord-isere.fr\/story\/wp-content\/uploads\/sites\/3\/2023\/01\/Plantes-en-Folie-au-chateau-de-Pupetieres-2023-300x266.png 300w\" sizes=\"auto, (max-width: 696px) 100vw, 696px\" \/><\/figure>\n\n\n\n<figure class=\"wp-block-image size-large\"><img loading=\"lazy\" decoding=\"async\" width=\"703\" height=\"638\" data-id=\"6189\" src=\"https:\/\/www.acteurs-du-nord-isere.fr\/story\/wp-content\/uploads\/sites\/3\/2023\/01\/Visite-chateau-Nord-Isere.png\" alt=\"\" class=\"wp-image-6189\" srcset=\"https:\/\/www.acteurs-du-nord-isere.fr\/story\/wp-content\/uploads\/sites\/3\/2023\/01\/Visite-chateau-Nord-Isere.png 703w, https:\/\/www.acteurs-du-nord-isere.fr\/story\/wp-content\/uploads\/sites\/3\/2023\/01\/Visite-chateau-Nord-Isere-300x272.png 300w\" sizes=\"auto, (max-width: 703px) 100vw, 703px\" \/><\/figure>\n<\/figure>\n\n\n\n<h2 class=\"wp-block-heading has-text-align-center\">Proposez un \u00e9v\u00e9nement !<\/h2>\n\n\n\n<p class=\"has-text-align-center\">Vous \u00eates une association, une entreprise ou une collectivit\u00e9 et&nbsp;<strong>souhaitez communiquer autour de votre \u00e9v\u00e9nement<\/strong>&nbsp;<strong>en Nord-Is\u00e8re<\/strong>&#8230;<br>Partagez \u00e0 ADNI votre \u00e9v\u00e9nement pour qu\u2019on en parle sur notre plate-forme !<\/p>\n\n\n\n<div class=\"wp-block-buttons is-layout-flex wp-block-buttons-is-layout-flex\">\n<div class=\"wp-block-button aligncenter is-style-fill\"><a class=\"wp-block-button__link has-vivid-cyan-blue-to-vivid-purple-gradient-background has-background wp-element-button\" href=\"https:\/\/www.acteurs-du-nord-isere.fr\/story\/proposer-un-evenement-en-nord-isere\/\" target=\"_blank\" rel=\"noreferrer noopener\">Cliquez ici pour nous partager votre \u00e9v\u00e9nement !<\/a><\/div>\n<\/div>\n","protected":false},"excerpt":{"rendered":"<p>\u00c7a y est, l\u2019information a \u00e9t\u00e9 divulgu\u00e9e pour notre plus grande joie ! La prochaine\u00a0journ\u00e9e des plantes en folie au domaine de Pupeti\u00e8res\u00a0(Ch\u00e2bons) se d\u00e9roulera le\u00a0weekend du 27 et 28 avril 2024.<\/p>\n","protected":false},"author":4,"featured_media":6187,"comment_status":"closed","ping_status":"closed","sticky":false,"template":"","format":"standard","meta":{"_acf_changed":false,"footnotes":""},"categories":[6,7,26],"tags":[277,336,276],"categoriescommunes":[222],"class_list":{"0":"post-7180","1":"post","2":"type-post","3":"status-publish","4":"format-standard","5":"has-post-thumbnail","7":"category-culture-loisirs","8":"category-evenements","9":"category-le-territoire","10":"tag-chateaux","11":"tag-plantes","12":"tag-tourisme","13":"categoriescommunes-val-de-virieu"},"acf":[],"aioseo_notices":[],"_links":{"self":[{"href":"https:\/\/www.acteurs-du-nord-isere.fr\/story\/wp-json\/wp\/v2\/posts\/7180","targetHints":{"allow":["GET"]}}],"collection":[{"href":"https:\/\/www.acteurs-du-nord-isere.fr\/story\/wp-json\/wp\/v2\/posts"}],"about":[{"href":"https:\/\/www.acteurs-du-nord-isere.fr\/story\/wp-json\/wp\/v2\/types\/post"}],"author":[{"embeddable":true,"href":"https:\/\/www.acteurs-du-nord-isere.fr\/story\/wp-json\/wp\/v2\/users\/4"}],"replies":[{"embeddable":true,"href":"https:\/\/www.acteurs-du-nord-isere.fr\/story\/wp-json\/wp\/v2\/comments?post=7180"}],"version-history":[{"count":14,"href":"https:\/\/www.acteurs-du-nord-isere.fr\/story\/wp-json\/wp\/v2\/posts\/7180\/revisions"}],"predecessor-version":[{"id":7237,"href":"https:\/\/www.acteurs-du-nord-isere.fr\/story\/wp-json\/wp\/v2\/posts\/7180\/revisions\/7237"}],"wp:featuredmedia":[{"embeddable":true,"href":"https:\/\/www.acteurs-du-nord-isere.fr\/story\/wp-json\/wp\/v2\/media\/6187"}],"wp:attachment":[{"href":"https:\/\/www.acteurs-du-nord-isere.fr\/story\/wp-json\/wp\/v2\/media?parent=7180"}],"wp:term":[{"taxonomy":"category","embeddable":true,"href":"https:\/\/www.acteurs-du-nord-isere.fr\/story\/wp-json\/wp\/v2\/categories?post=7180"},{"taxonomy":"post_tag","embeddable":true,"href":"https:\/\/www.acteurs-du-nord-isere.fr\/story\/wp-json\/wp\/v2\/tags?post=7180"},{"taxonomy":"categoriescommunes","embeddable":true,"href":"https:\/\/www.acteurs-du-nord-isere.fr\/story\/wp-json\/wp\/v2\/categoriescommunes?post=7180"}],"curies":[{"name":"wp","href":"https:\/\/api.w.org\/{rel}","templated":true}]}}