{"id":7204,"date":"2024-03-05T22:44:44","date_gmt":"2024-03-05T21:44:44","guid":{"rendered":"https:\/\/www.acteurs-du-nord-isere.fr\/story\/?p=7204"},"modified":"2024-03-05T23:00:58","modified_gmt":"2024-03-05T22:00:58","slug":"plongez-dans-la-creativite-locale-decouvrez-le-marche-de-createurs-edition-2024-a-cremieu","status":"publish","type":"post","link":"https:\/\/www.acteurs-du-nord-isere.fr\/story\/plongez-dans-la-creativite-locale-decouvrez-le-marche-de-createurs-edition-2024-a-cremieu\/","title":{"rendered":"Plongez dans la cr\u00e9ativit\u00e9 locale : D\u00e9couvrez le March\u00e9 de Cr\u00e9ateurs \u00c9dition 2024 \u00e0 Cr\u00e9mieu !"},"content":{"rendered":"\n<p>Le March\u00e9 de Cr\u00e9ateurs \u00c9dition 2024 est de retour pour une deuxi\u00e8me saison, transformant les Halles M\u00e9di\u00e9vales de Cr\u00e9mieu en une galerie vivante d&rsquo;artisanat local. Cette s\u00e9rie d&rsquo;\u00e9v\u00e9nements mensuels, d\u00e9butant le 10 mars 2024 et se terminant le 13 juillet 2024, offre une vitrine exceptionnelle <strong>aux artistes et artisans du Nord Is\u00e8re<\/strong>. Venez explorer une vari\u00e9t\u00e9 d&rsquo;\u0153uvres d&rsquo;art uniques et soutenir la cr\u00e9ativit\u00e9 locale.<\/p>\n\n\n<div class=\"wp-block-image\">\n<figure class=\"aligncenter size-full\"><img loading=\"lazy\" decoding=\"async\" width=\"480\" height=\"681\" src=\"https:\/\/www.acteurs-du-nord-isere.fr\/story\/wp-content\/uploads\/sites\/3\/2024\/03\/flyer-halles-de-la-creation-2024.jpg\" alt=\"\" class=\"wp-image-7215\" srcset=\"https:\/\/www.acteurs-du-nord-isere.fr\/story\/wp-content\/uploads\/sites\/3\/2024\/03\/flyer-halles-de-la-creation-2024.jpg 480w, https:\/\/www.acteurs-du-nord-isere.fr\/story\/wp-content\/uploads\/sites\/3\/2024\/03\/flyer-halles-de-la-creation-2024-211x300.jpg 211w\" sizes=\"auto, (max-width: 480px) 100vw, 480px\" \/><\/figure>\n<\/div>\n\n\n<h2 class=\"wp-block-heading\">5 dates pour profiter au maximum de ce march\u00e9 de cr\u00e9ateurs en Nord-Is\u00e8re<\/h2>\n\n\n\n<p>Sous les majestueuses Halles M\u00e9di\u00e9vales de Cr\u00e9mieu, le March\u00e9 de Cr\u00e9ateurs \u00c9dition 2024 accueille cinq rendez-vous mensuels, avec en prime<strong> une nocturne le 13 juillet<\/strong>. Organis\u00e9 par une \u00e9quipe d\u00e9vou\u00e9e par l&rsquo;association <a href=\"https:\/\/www.facebook.com\/people\/les-Halles-de-la-Cr%C3%A9ation-de-Cr%C3%A9mieu\/100089328675438\/\" target=\"_blank\" rel=\"noopener\" title=\"\">Les Halles de la cr\u00e9ation<\/a>. Ce sont pas moins de <strong>42 artistes et artisans locaux qui seront pr\u00e9sents<\/strong>, cet \u00e9v\u00e9nement met en lumi\u00e8re le savoir-faire artisanal et le talent r\u00e9gional.<\/p>\n\n\n\n<p>Cette \u00e9dition du march\u00e9 pr\u00e9sente une s\u00e9lection minutieuse de cr\u00e9ations faites \u00e0 la main, couvrant une vari\u00e9t\u00e9 de m\u00e9diums artistiques tels que<strong> la c\u00e9ramique, la peinture, la bijouterie, le travail du cuir, et bien plus encore<\/strong>. Les visiteurs auront l&rsquo;opportunit\u00e9 de d\u00e9couvrir les univers uniques de ces cr\u00e9ateurs et d&rsquo;acqu\u00e9rir des pi\u00e8ces originales qui \u00e9veilleront leurs sens.<\/p>\n\n\n\n<figure class=\"wp-block-gallery has-nested-images columns-default is-cropped wp-block-gallery-1 is-layout-flex wp-block-gallery-is-layout-flex\">\n<figure class=\"wp-block-image size-large\"><a href=\"https:\/\/www.acteurs-du-nord-isere.fr\/story\/wp-content\/uploads\/sites\/3\/2024\/03\/marche-de-createurs-cremieu-3031.jpg\"><img loading=\"lazy\" decoding=\"async\" width=\"480\" height=\"480\" data-id=\"7206\" src=\"https:\/\/www.acteurs-du-nord-isere.fr\/story\/wp-content\/uploads\/sites\/3\/2024\/03\/marche-de-createurs-cremieu-3031.jpg\" alt=\"\" class=\"wp-image-7206\" srcset=\"https:\/\/www.acteurs-du-nord-isere.fr\/story\/wp-content\/uploads\/sites\/3\/2024\/03\/marche-de-createurs-cremieu-3031.jpg 480w, https:\/\/www.acteurs-du-nord-isere.fr\/story\/wp-content\/uploads\/sites\/3\/2024\/03\/marche-de-createurs-cremieu-3031-300x300.jpg 300w, https:\/\/www.acteurs-du-nord-isere.fr\/story\/wp-content\/uploads\/sites\/3\/2024\/03\/marche-de-createurs-cremieu-3031-150x150.jpg 150w, https:\/\/www.acteurs-du-nord-isere.fr\/story\/wp-content\/uploads\/sites\/3\/2024\/03\/marche-de-createurs-cremieu-3031-100x100.jpg 100w, https:\/\/www.acteurs-du-nord-isere.fr\/story\/wp-content\/uploads\/sites\/3\/2024\/03\/marche-de-createurs-cremieu-3031-140x140.jpg 140w, https:\/\/www.acteurs-du-nord-isere.fr\/story\/wp-content\/uploads\/sites\/3\/2024\/03\/marche-de-createurs-cremieu-3031-350x350.jpg 350w\" sizes=\"auto, (max-width: 480px) 100vw, 480px\" \/><\/a><\/figure>\n\n\n\n<figure class=\"wp-block-image size-large\"><a href=\"https:\/\/www.acteurs-du-nord-isere.fr\/story\/wp-content\/uploads\/sites\/3\/2024\/03\/marche-de-createurs-cremieu-3039.jpg\"><img loading=\"lazy\" decoding=\"async\" width=\"480\" height=\"480\" data-id=\"7211\" src=\"https:\/\/www.acteurs-du-nord-isere.fr\/story\/wp-content\/uploads\/sites\/3\/2024\/03\/marche-de-createurs-cremieu-3039.jpg\" alt=\"\" class=\"wp-image-7211\" srcset=\"https:\/\/www.acteurs-du-nord-isere.fr\/story\/wp-content\/uploads\/sites\/3\/2024\/03\/marche-de-createurs-cremieu-3039.jpg 480w, https:\/\/www.acteurs-du-nord-isere.fr\/story\/wp-content\/uploads\/sites\/3\/2024\/03\/marche-de-createurs-cremieu-3039-300x300.jpg 300w, https:\/\/www.acteurs-du-nord-isere.fr\/story\/wp-content\/uploads\/sites\/3\/2024\/03\/marche-de-createurs-cremieu-3039-150x150.jpg 150w, https:\/\/www.acteurs-du-nord-isere.fr\/story\/wp-content\/uploads\/sites\/3\/2024\/03\/marche-de-createurs-cremieu-3039-100x100.jpg 100w, https:\/\/www.acteurs-du-nord-isere.fr\/story\/wp-content\/uploads\/sites\/3\/2024\/03\/marche-de-createurs-cremieu-3039-140x140.jpg 140w, https:\/\/www.acteurs-du-nord-isere.fr\/story\/wp-content\/uploads\/sites\/3\/2024\/03\/marche-de-createurs-cremieu-3039-350x350.jpg 350w\" sizes=\"auto, (max-width: 480px) 100vw, 480px\" \/><\/a><\/figure>\n\n\n\n<figure class=\"wp-block-image size-large\"><a href=\"https:\/\/www.acteurs-du-nord-isere.fr\/story\/wp-content\/uploads\/sites\/3\/2024\/03\/marche-de-createurs-cremieu-5056.jpg\"><img loading=\"lazy\" decoding=\"async\" width=\"480\" height=\"480\" data-id=\"7207\" src=\"https:\/\/www.acteurs-du-nord-isere.fr\/story\/wp-content\/uploads\/sites\/3\/2024\/03\/marche-de-createurs-cremieu-5056.jpg\" alt=\"\" class=\"wp-image-7207\" srcset=\"https:\/\/www.acteurs-du-nord-isere.fr\/story\/wp-content\/uploads\/sites\/3\/2024\/03\/marche-de-createurs-cremieu-5056.jpg 480w, https:\/\/www.acteurs-du-nord-isere.fr\/story\/wp-content\/uploads\/sites\/3\/2024\/03\/marche-de-createurs-cremieu-5056-300x300.jpg 300w, https:\/\/www.acteurs-du-nord-isere.fr\/story\/wp-content\/uploads\/sites\/3\/2024\/03\/marche-de-createurs-cremieu-5056-150x150.jpg 150w, https:\/\/www.acteurs-du-nord-isere.fr\/story\/wp-content\/uploads\/sites\/3\/2024\/03\/marche-de-createurs-cremieu-5056-100x100.jpg 100w, https:\/\/www.acteurs-du-nord-isere.fr\/story\/wp-content\/uploads\/sites\/3\/2024\/03\/marche-de-createurs-cremieu-5056-140x140.jpg 140w, https:\/\/www.acteurs-du-nord-isere.fr\/story\/wp-content\/uploads\/sites\/3\/2024\/03\/marche-de-createurs-cremieu-5056-350x350.jpg 350w\" sizes=\"auto, (max-width: 480px) 100vw, 480px\" \/><\/a><\/figure>\n\n\n\n<figure class=\"wp-block-image size-large\"><a href=\"https:\/\/www.acteurs-du-nord-isere.fr\/story\/wp-content\/uploads\/sites\/3\/2024\/03\/marche-de-createurs-cremieu-5057.jpg\"><img loading=\"lazy\" decoding=\"async\" width=\"480\" height=\"480\" data-id=\"7208\" src=\"https:\/\/www.acteurs-du-nord-isere.fr\/story\/wp-content\/uploads\/sites\/3\/2024\/03\/marche-de-createurs-cremieu-5057.jpg\" alt=\"\" class=\"wp-image-7208\" srcset=\"https:\/\/www.acteurs-du-nord-isere.fr\/story\/wp-content\/uploads\/sites\/3\/2024\/03\/marche-de-createurs-cremieu-5057.jpg 480w, https:\/\/www.acteurs-du-nord-isere.fr\/story\/wp-content\/uploads\/sites\/3\/2024\/03\/marche-de-createurs-cremieu-5057-300x300.jpg 300w, https:\/\/www.acteurs-du-nord-isere.fr\/story\/wp-content\/uploads\/sites\/3\/2024\/03\/marche-de-createurs-cremieu-5057-150x150.jpg 150w, https:\/\/www.acteurs-du-nord-isere.fr\/story\/wp-content\/uploads\/sites\/3\/2024\/03\/marche-de-createurs-cremieu-5057-100x100.jpg 100w, https:\/\/www.acteurs-du-nord-isere.fr\/story\/wp-content\/uploads\/sites\/3\/2024\/03\/marche-de-createurs-cremieu-5057-140x140.jpg 140w, https:\/\/www.acteurs-du-nord-isere.fr\/story\/wp-content\/uploads\/sites\/3\/2024\/03\/marche-de-createurs-cremieu-5057-350x350.jpg 350w\" sizes=\"auto, (max-width: 480px) 100vw, 480px\" \/><\/a><\/figure>\n\n\n\n<figure class=\"wp-block-image size-large\"><a href=\"https:\/\/www.acteurs-du-nord-isere.fr\/story\/wp-content\/uploads\/sites\/3\/2024\/03\/marche-de-createurs-cremieu-6062.jpg\"><img loading=\"lazy\" decoding=\"async\" width=\"480\" height=\"480\" data-id=\"7214\" src=\"https:\/\/www.acteurs-du-nord-isere.fr\/story\/wp-content\/uploads\/sites\/3\/2024\/03\/marche-de-createurs-cremieu-6062.jpg\" alt=\"\" class=\"wp-image-7214\" srcset=\"https:\/\/www.acteurs-du-nord-isere.fr\/story\/wp-content\/uploads\/sites\/3\/2024\/03\/marche-de-createurs-cremieu-6062.jpg 480w, https:\/\/www.acteurs-du-nord-isere.fr\/story\/wp-content\/uploads\/sites\/3\/2024\/03\/marche-de-createurs-cremieu-6062-300x300.jpg 300w, https:\/\/www.acteurs-du-nord-isere.fr\/story\/wp-content\/uploads\/sites\/3\/2024\/03\/marche-de-createurs-cremieu-6062-150x150.jpg 150w, https:\/\/www.acteurs-du-nord-isere.fr\/story\/wp-content\/uploads\/sites\/3\/2024\/03\/marche-de-createurs-cremieu-6062-100x100.jpg 100w, https:\/\/www.acteurs-du-nord-isere.fr\/story\/wp-content\/uploads\/sites\/3\/2024\/03\/marche-de-createurs-cremieu-6062-140x140.jpg 140w, https:\/\/www.acteurs-du-nord-isere.fr\/story\/wp-content\/uploads\/sites\/3\/2024\/03\/marche-de-createurs-cremieu-6062-350x350.jpg 350w\" sizes=\"auto, (max-width: 480px) 100vw, 480px\" \/><\/a><\/figure>\n\n\n\n<figure class=\"wp-block-image size-large\"><a href=\"https:\/\/www.acteurs-du-nord-isere.fr\/story\/wp-content\/uploads\/sites\/3\/2024\/03\/marche-de-createurs-cremieu-7077.jpg\"><img loading=\"lazy\" decoding=\"async\" width=\"480\" height=\"480\" data-id=\"7213\" src=\"https:\/\/www.acteurs-du-nord-isere.fr\/story\/wp-content\/uploads\/sites\/3\/2024\/03\/marche-de-createurs-cremieu-7077.jpg\" alt=\"\" class=\"wp-image-7213\" srcset=\"https:\/\/www.acteurs-du-nord-isere.fr\/story\/wp-content\/uploads\/sites\/3\/2024\/03\/marche-de-createurs-cremieu-7077.jpg 480w, https:\/\/www.acteurs-du-nord-isere.fr\/story\/wp-content\/uploads\/sites\/3\/2024\/03\/marche-de-createurs-cremieu-7077-300x300.jpg 300w, https:\/\/www.acteurs-du-nord-isere.fr\/story\/wp-content\/uploads\/sites\/3\/2024\/03\/marche-de-createurs-cremieu-7077-150x150.jpg 150w, https:\/\/www.acteurs-du-nord-isere.fr\/story\/wp-content\/uploads\/sites\/3\/2024\/03\/marche-de-createurs-cremieu-7077-100x100.jpg 100w, https:\/\/www.acteurs-du-nord-isere.fr\/story\/wp-content\/uploads\/sites\/3\/2024\/03\/marche-de-createurs-cremieu-7077-140x140.jpg 140w, https:\/\/www.acteurs-du-nord-isere.fr\/story\/wp-content\/uploads\/sites\/3\/2024\/03\/marche-de-createurs-cremieu-7077-350x350.jpg 350w\" sizes=\"auto, (max-width: 480px) 100vw, 480px\" \/><\/a><\/figure>\n\n\n\n<figure class=\"wp-block-image size-large\"><a href=\"https:\/\/www.acteurs-du-nord-isere.fr\/story\/wp-content\/uploads\/sites\/3\/2024\/03\/marche-de-createurs-cremieu-0007.jpg\"><img loading=\"lazy\" decoding=\"async\" width=\"480\" height=\"480\" data-id=\"7209\" src=\"https:\/\/www.acteurs-du-nord-isere.fr\/story\/wp-content\/uploads\/sites\/3\/2024\/03\/marche-de-createurs-cremieu-0007.jpg\" alt=\"\" class=\"wp-image-7209\" srcset=\"https:\/\/www.acteurs-du-nord-isere.fr\/story\/wp-content\/uploads\/sites\/3\/2024\/03\/marche-de-createurs-cremieu-0007.jpg 480w, https:\/\/www.acteurs-du-nord-isere.fr\/story\/wp-content\/uploads\/sites\/3\/2024\/03\/marche-de-createurs-cremieu-0007-300x300.jpg 300w, https:\/\/www.acteurs-du-nord-isere.fr\/story\/wp-content\/uploads\/sites\/3\/2024\/03\/marche-de-createurs-cremieu-0007-150x150.jpg 150w, https:\/\/www.acteurs-du-nord-isere.fr\/story\/wp-content\/uploads\/sites\/3\/2024\/03\/marche-de-createurs-cremieu-0007-100x100.jpg 100w, https:\/\/www.acteurs-du-nord-isere.fr\/story\/wp-content\/uploads\/sites\/3\/2024\/03\/marche-de-createurs-cremieu-0007-140x140.jpg 140w, https:\/\/www.acteurs-du-nord-isere.fr\/story\/wp-content\/uploads\/sites\/3\/2024\/03\/marche-de-createurs-cremieu-0007-350x350.jpg 350w\" sizes=\"auto, (max-width: 480px) 100vw, 480px\" \/><\/a><\/figure>\n\n\n\n<figure class=\"wp-block-image size-large\"><a href=\"https:\/\/www.acteurs-du-nord-isere.fr\/story\/wp-content\/uploads\/sites\/3\/2024\/03\/marche-de-createurs-cremieu-1015.jpg\"><img loading=\"lazy\" decoding=\"async\" width=\"480\" height=\"480\" data-id=\"7212\" src=\"https:\/\/www.acteurs-du-nord-isere.fr\/story\/wp-content\/uploads\/sites\/3\/2024\/03\/marche-de-createurs-cremieu-1015.jpg\" alt=\"\" class=\"wp-image-7212\" srcset=\"https:\/\/www.acteurs-du-nord-isere.fr\/story\/wp-content\/uploads\/sites\/3\/2024\/03\/marche-de-createurs-cremieu-1015.jpg 480w, https:\/\/www.acteurs-du-nord-isere.fr\/story\/wp-content\/uploads\/sites\/3\/2024\/03\/marche-de-createurs-cremieu-1015-300x300.jpg 300w, https:\/\/www.acteurs-du-nord-isere.fr\/story\/wp-content\/uploads\/sites\/3\/2024\/03\/marche-de-createurs-cremieu-1015-150x150.jpg 150w, https:\/\/www.acteurs-du-nord-isere.fr\/story\/wp-content\/uploads\/sites\/3\/2024\/03\/marche-de-createurs-cremieu-1015-100x100.jpg 100w, https:\/\/www.acteurs-du-nord-isere.fr\/story\/wp-content\/uploads\/sites\/3\/2024\/03\/marche-de-createurs-cremieu-1015-140x140.jpg 140w, https:\/\/www.acteurs-du-nord-isere.fr\/story\/wp-content\/uploads\/sites\/3\/2024\/03\/marche-de-createurs-cremieu-1015-350x350.jpg 350w\" sizes=\"auto, (max-width: 480px) 100vw, 480px\" \/><\/a><\/figure>\n\n\n\n<figure class=\"wp-block-image size-large\"><a href=\"https:\/\/www.acteurs-du-nord-isere.fr\/story\/wp-content\/uploads\/sites\/3\/2024\/03\/marche-de-createurs-cremieu-2020.jpg\"><img loading=\"lazy\" decoding=\"async\" width=\"480\" height=\"480\" data-id=\"7210\" src=\"https:\/\/www.acteurs-du-nord-isere.fr\/story\/wp-content\/uploads\/sites\/3\/2024\/03\/marche-de-createurs-cremieu-2020.jpg\" alt=\"\" class=\"wp-image-7210\" srcset=\"https:\/\/www.acteurs-du-nord-isere.fr\/story\/wp-content\/uploads\/sites\/3\/2024\/03\/marche-de-createurs-cremieu-2020.jpg 480w, https:\/\/www.acteurs-du-nord-isere.fr\/story\/wp-content\/uploads\/sites\/3\/2024\/03\/marche-de-createurs-cremieu-2020-300x300.jpg 300w, https:\/\/www.acteurs-du-nord-isere.fr\/story\/wp-content\/uploads\/sites\/3\/2024\/03\/marche-de-createurs-cremieu-2020-150x150.jpg 150w, https:\/\/www.acteurs-du-nord-isere.fr\/story\/wp-content\/uploads\/sites\/3\/2024\/03\/marche-de-createurs-cremieu-2020-100x100.jpg 100w, https:\/\/www.acteurs-du-nord-isere.fr\/story\/wp-content\/uploads\/sites\/3\/2024\/03\/marche-de-createurs-cremieu-2020-140x140.jpg 140w, https:\/\/www.acteurs-du-nord-isere.fr\/story\/wp-content\/uploads\/sites\/3\/2024\/03\/marche-de-createurs-cremieu-2020-350x350.jpg 350w\" sizes=\"auto, (max-width: 480px) 100vw, 480px\" \/><\/a><\/figure>\n<\/figure>\n\n\n\n<div style=\"height:60px\" aria-hidden=\"true\" class=\"wp-block-spacer\"><\/div>\n\n\n\n<h2 class=\"wp-block-heading\">Les Halles de Cr\u00e9mieu, t\u00e9moins de l&rsquo;histoire et de l&rsquo;artisanat local depuis 1433<\/h2>\n\n\n\n<p>Construites en 1433, les Halles, avec leur charme m\u00e9di\u00e9val, abritent depuis des si\u00e8cles les \u00e9changes commerciaux et les rencontres communautaires de la r\u00e9gion. <strong>Longues de 60 m\u00e8tres<\/strong> et <strong>larges de 19 m\u00e8tres,<\/strong> ces halles se divisent en trois nefs soutenues par <strong>21 poteaux en ch\u00eane<\/strong>, chaque passage pi\u00e9tonnier offrant un acc\u00e8s fluide aux visiteurs. Les Halles de Cr\u00e9mieu sont bien plus qu&rsquo;un simple lieu de march\u00e9 ; elles repr\u00e9sentent le c\u0153ur battant de la vie locale, o\u00f9 l&rsquo;artisanat et la cr\u00e9ativit\u00e9 fusionnent pour cr\u00e9er une exp\u00e9rience unique.<\/p>\n\n\n\n<figure class=\"wp-block-gallery has-nested-images columns-default is-cropped wp-block-gallery-2 is-layout-flex wp-block-gallery-is-layout-flex\">\n<figure class=\"wp-block-image size-large\"><a href=\"https:\/\/www.acteurs-du-nord-isere.fr\/story\/wp-content\/uploads\/sites\/3\/2024\/03\/38138_-_Cremieu_-_Les_Halles_-_2019_01.jpg\"><img loading=\"lazy\" decoding=\"async\" width=\"640\" height=\"480\" data-id=\"7217\" src=\"https:\/\/www.acteurs-du-nord-isere.fr\/story\/wp-content\/uploads\/sites\/3\/2024\/03\/38138_-_Cremieu_-_Les_Halles_-_2019_01.jpg\" alt=\"Photo C. PIEMINOT\" class=\"wp-image-7217\" srcset=\"https:\/\/www.acteurs-du-nord-isere.fr\/story\/wp-content\/uploads\/sites\/3\/2024\/03\/38138_-_Cremieu_-_Les_Halles_-_2019_01.jpg 640w, https:\/\/www.acteurs-du-nord-isere.fr\/story\/wp-content\/uploads\/sites\/3\/2024\/03\/38138_-_Cremieu_-_Les_Halles_-_2019_01-300x225.jpg 300w\" sizes=\"auto, (max-width: 640px) 100vw, 640px\" \/><\/a><\/figure>\n\n\n\n<figure class=\"wp-block-image size-large\"><a href=\"https:\/\/www.acteurs-du-nord-isere.fr\/story\/wp-content\/uploads\/sites\/3\/2024\/03\/38138_-_Cremieu_-_Les_Halles_-_Exterieur_-_2019_05.jpg\"><img loading=\"lazy\" decoding=\"async\" width=\"640\" height=\"480\" data-id=\"7216\" src=\"https:\/\/www.acteurs-du-nord-isere.fr\/story\/wp-content\/uploads\/sites\/3\/2024\/03\/38138_-_Cremieu_-_Les_Halles_-_Exterieur_-_2019_05.jpg\" alt=\"Photo C. PIEMINOT\" class=\"wp-image-7216\" srcset=\"https:\/\/www.acteurs-du-nord-isere.fr\/story\/wp-content\/uploads\/sites\/3\/2024\/03\/38138_-_Cremieu_-_Les_Halles_-_Exterieur_-_2019_05.jpg 640w, https:\/\/www.acteurs-du-nord-isere.fr\/story\/wp-content\/uploads\/sites\/3\/2024\/03\/38138_-_Cremieu_-_Les_Halles_-_Exterieur_-_2019_05-300x225.jpg 300w\" sizes=\"auto, (max-width: 640px) 100vw, 640px\" \/><\/a><\/figure>\n\n\n\n<figure class=\"wp-block-image size-large\"><a href=\"https:\/\/www.acteurs-du-nord-isere.fr\/story\/wp-content\/uploads\/sites\/3\/2024\/03\/38138_-_Cremieu_-_Les_Halles_-_Interieur_-_2019_03.jpg\"><img loading=\"lazy\" decoding=\"async\" width=\"640\" height=\"480\" data-id=\"7218\" src=\"https:\/\/www.acteurs-du-nord-isere.fr\/story\/wp-content\/uploads\/sites\/3\/2024\/03\/38138_-_Cremieu_-_Les_Halles_-_Interieur_-_2019_03.jpg\" alt=\"Photo C. PIEMINOT\" class=\"wp-image-7218\" srcset=\"https:\/\/www.acteurs-du-nord-isere.fr\/story\/wp-content\/uploads\/sites\/3\/2024\/03\/38138_-_Cremieu_-_Les_Halles_-_Interieur_-_2019_03.jpg 640w, https:\/\/www.acteurs-du-nord-isere.fr\/story\/wp-content\/uploads\/sites\/3\/2024\/03\/38138_-_Cremieu_-_Les_Halles_-_Interieur_-_2019_03-300x225.jpg 300w\" sizes=\"auto, (max-width: 640px) 100vw, 640px\" \/><\/a><\/figure>\n<\/figure>\n\n\n\n<p>Ne manquez pas cette occasion de c\u00e9l\u00e9brer la cr\u00e9ativit\u00e9 locale <strong>au March\u00e9 de Cr\u00e9ateurs \u00c9dition 2024<\/strong> \u00e0 <a href=\"https:\/\/www.acteurs-du-nord-isere.fr\/commune\/cremieu\/\">Cr\u00e9mieu<\/a>. Venez d\u00e9couvrir, appr\u00e9cier et soutenir nos artistes locaux lors de cette journ\u00e9e riche en inspirations. Marquez ces dates dans votre agenda et pr\u00e9parez-vous \u00e0 vivre une exp\u00e9rience artistique inoubliable !<\/p>\n\n\n\n<p><\/p>\n","protected":false},"excerpt":{"rendered":"<p>D\u00e9couvrez le March\u00e9 de Cr\u00e9ateurs \u00c9dition 2024 \u00e0 Cr\u00e9mieu ! Plongez au c\u0153ur de l&rsquo;artisanat local sous les magnifiques Halles de Cr\u00e9mieu, <\/p>\n","protected":false},"author":1,"featured_media":7219,"comment_status":"closed","ping_status":"closed","sticky":false,"template":"","format":"standard","meta":{"_acf_changed":false,"footnotes":""},"categories":[1],"tags":[311,417,416,415,414],"categoriescommunes":[71],"class_list":{"0":"post-7204","1":"post","2":"type-post","3":"status-publish","4":"format-standard","5":"has-post-thumbnail","7":"category-non-classe","8":"tag-artisans","9":"tag-creations","10":"tag-halles","11":"tag-marche-createurs","12":"tag-marche-dart","13":"categoriescommunes-cremieu"},"acf":[],"aioseo_notices":[],"_links":{"self":[{"href":"https:\/\/www.acteurs-du-nord-isere.fr\/story\/wp-json\/wp\/v2\/posts\/7204","targetHints":{"allow":["GET"]}}],"collection":[{"href":"https:\/\/www.acteurs-du-nord-isere.fr\/story\/wp-json\/wp\/v2\/posts"}],"about":[{"href":"https:\/\/www.acteurs-du-nord-isere.fr\/story\/wp-json\/wp\/v2\/types\/post"}],"author":[{"embeddable":true,"href":"https:\/\/www.acteurs-du-nord-isere.fr\/story\/wp-json\/wp\/v2\/users\/1"}],"replies":[{"embeddable":true,"href":"https:\/\/www.acteurs-du-nord-isere.fr\/story\/wp-json\/wp\/v2\/comments?post=7204"}],"version-history":[{"count":3,"href":"https:\/\/www.acteurs-du-nord-isere.fr\/story\/wp-json\/wp\/v2\/posts\/7204\/revisions"}],"predecessor-version":[{"id":7221,"href":"https:\/\/www.acteurs-du-nord-isere.fr\/story\/wp-json\/wp\/v2\/posts\/7204\/revisions\/7221"}],"wp:featuredmedia":[{"embeddable":true,"href":"https:\/\/www.acteurs-du-nord-isere.fr\/story\/wp-json\/wp\/v2\/media\/7219"}],"wp:attachment":[{"href":"https:\/\/www.acteurs-du-nord-isere.fr\/story\/wp-json\/wp\/v2\/media?parent=7204"}],"wp:term":[{"taxonomy":"category","embeddable":true,"href":"https:\/\/www.acteurs-du-nord-isere.fr\/story\/wp-json\/wp\/v2\/categories?post=7204"},{"taxonomy":"post_tag","embeddable":true,"href":"https:\/\/www.acteurs-du-nord-isere.fr\/story\/wp-json\/wp\/v2\/tags?post=7204"},{"taxonomy":"categoriescommunes","embeddable":true,"href":"https:\/\/www.acteurs-du-nord-isere.fr\/story\/wp-json\/wp\/v2\/categoriescommunes?post=7204"}],"curies":[{"name":"wp","href":"https:\/\/api.w.org\/{rel}","templated":true}]}}