{"id":7310,"date":"2024-05-09T07:50:07","date_gmt":"2024-05-09T05:50:07","guid":{"rendered":"https:\/\/www.acteurs-du-nord-isere.fr\/story\/?p=7310"},"modified":"2024-05-09T08:08:35","modified_gmt":"2024-05-09T06:08:35","slug":"monnaie-locale-et-citoyenne-le-tissou-un-levier-pour-le-developpement-du-nord-isere","status":"publish","type":"post","link":"https:\/\/www.acteurs-du-nord-isere.fr\/story\/monnaie-locale-et-citoyenne-le-tissou-un-levier-pour-le-developpement-du-nord-isere\/","title":{"rendered":"Monnaie Locale et Citoyenne : Le Tissou, un levier pour le d\u00e9veloppement du Nord-Is\u00e8re"},"content":{"rendered":"\n<p>Le Tissou est la monnaie locale compl\u00e9mentaire et citoyenne du Nord-Is\u00e8re. <strong>C&rsquo;est une monnaie locale<\/strong> et compl\u00e9mentaire \u00e0 l\u2019euro encadr\u00e9e par la loi. Elle permet d&rsquo;acheter et de vendre des biens et services au sein d&rsquo;un r\u00e9seau d&rsquo;acteurs d\u00e9finis. C\u2019est un outil pour d\u00e9velopper l\u2019\u00e9conomie locale et cr\u00e9er des liens entre les acteurs mobilis\u00e9s sur les enjeux environnementaux et sociaux de notre territoire.<\/p>\n\n\n\n<figure class=\"wp-block-image size-full\"><img loading=\"lazy\" decoding=\"async\" width=\"960\" height=\"540\" src=\"https:\/\/www.acteurs-du-nord-isere.fr\/story\/wp-content\/uploads\/sites\/3\/2024\/05\/274142688_1283234285421363_3550495758002514011_n.jpg\" alt=\"\" class=\"wp-image-7327\" srcset=\"https:\/\/www.acteurs-du-nord-isere.fr\/story\/wp-content\/uploads\/sites\/3\/2024\/05\/274142688_1283234285421363_3550495758002514011_n.jpg 960w, https:\/\/www.acteurs-du-nord-isere.fr\/story\/wp-content\/uploads\/sites\/3\/2024\/05\/274142688_1283234285421363_3550495758002514011_n-300x169.jpg 300w, https:\/\/www.acteurs-du-nord-isere.fr\/story\/wp-content\/uploads\/sites\/3\/2024\/05\/274142688_1283234285421363_3550495758002514011_n-768x432.jpg 768w\" sizes=\"auto, (max-width: 960px) 100vw, 960px\" \/><\/figure>\n\n\n\n<h2 class=\"wp-block-heading\">Le Tissou : Comment \u00e7a marche ?<\/h2>\n\n\n\n<p><a href=\"https:\/\/www.legifrance.gouv.fr\/loda\/id\/JORFTEXT000029313296\" target=\"_blank\" rel=\"noopener\" title=\"\">La Loi du 31 juillet 2014 <\/a>encadre son fonctionnement. <strong>Le Tissou<\/strong> garantit que la monnaie sert l&rsquo;\u00e9conomie r\u00e9elle et \u00e9chappe aux circuits de la finance et de la sp\u00e9culation. Les euros \u00e9chang\u00e9s sont plac\u00e9s dans une banque \u00e9thique qui finance des projets locaux respectueux de l&rsquo;humain et de la nature. Cette somme plac\u00e9e permet \u00e0 la banque de pr\u00eater aux acteurs du territoire.<\/p>\n\n\n\n<p>En circulant sur le territoire dans un r\u00e9seau solidaire de particuliers, de professionnels, d&rsquo;entreprises, de collectivit\u00e9s et d&rsquo;associations qui partagent des valeurs communes le Tissou redonne \u00e0 la monnaie sa fonction principale, <strong>celle de l&rsquo;\u00e9change aussi bien \u00e9conomique que social.<\/strong><\/p>\n\n\n<div class=\"wp-block-image\">\n<figure class=\"aligncenter size-full\"><img loading=\"lazy\" decoding=\"async\" width=\"320\" height=\"123\" src=\"https:\/\/www.acteurs-du-nord-isere.fr\/story\/wp-content\/uploads\/sites\/3\/2024\/05\/logo-vectorise-monnaie-tisseuse-de-liens-01.png\" alt=\"\" class=\"wp-image-7313\" srcset=\"https:\/\/www.acteurs-du-nord-isere.fr\/story\/wp-content\/uploads\/sites\/3\/2024\/05\/logo-vectorise-monnaie-tisseuse-de-liens-01.png 320w, https:\/\/www.acteurs-du-nord-isere.fr\/story\/wp-content\/uploads\/sites\/3\/2024\/05\/logo-vectorise-monnaie-tisseuse-de-liens-01-300x115.png 300w\" sizes=\"auto, (max-width: 320px) 100vw, 320px\" \/><\/figure>\n<\/div>\n\n\n<blockquote class=\"wp-block-quote is-layout-flow wp-block-quote-is-layout-flow\">\n<p>\u00ab\u00a0Le Tissou permet de renforcer l&rsquo;\u00e9conomie locale qui respecte les humains et l\u2019environnement tout en tissant liens et partenariats \u00e9conomiques au sein d&rsquo;un r\u00e9seau\u00a0\u00bb<\/p>\n<\/blockquote>\n\n\n\n<h2 class=\"wp-block-heading\">Le Tissou : Pour qui ? Pourquoi ?<\/h2>\n\n\n\n<p>Le Tissou est au service d\u2019une politique de soutien \u00e0 l\u2019\u00e9conomie locale. En remettant la monnaie \u00e0 son r\u00f4le initial&nbsp;: un outil facilitant les \u00e9changes. Sa charte de valeur permet de mettre en avant les acteurs engag\u00e9s dans une \u00e9conomie soutenable, consciente des enjeux environnementaux, \u00e9conomiques et sociaux auxquels nous devons faire face.<\/p>\n\n\n\n<ul class=\"wp-block-list\">\n<li><strong>Pour les consommateurs :<\/strong> favoriser la production locale en consommant local et en choisissant les circuits courts. Il s\u2019agit de r\u00e9fl\u00e9chir \u00e0 l\u2019usage de la monnaie comme un outil pour fa\u00e7onner son territoire de vie.<\/li>\n\n\n\n<li><strong>Pour les professionnels :<\/strong> fid\u00e9liser une client\u00e8le qui partage vos valeurs et apporter une nouvelle client\u00e8le en favorisant les fournisseurs locaux et en cr\u00e9ant de nouvelles relations avec d\u2019autres structures au sein d\u2019un r\u00e9seau.<\/li>\n\n\n\n<li><strong>Pour les collectivit\u00e9s locales :<\/strong> dynamiser l&rsquo;\u00e9conomie du Nord-Is\u00e8re en soutenant les savoir-faire, les richesses et les comp\u00e9tences du territoire.<\/li>\n<\/ul>\n\n\n\n<div class=\"wp-block-columns is-layout-flex wp-container-core-columns-is-layout-9d6595d7 wp-block-columns-is-layout-flex\">\n<div class=\"wp-block-column is-layout-flow wp-block-column-is-layout-flow\"><div class=\"wp-block-image\">\n<figure class=\"aligncenter size-full\"><img loading=\"lazy\" decoding=\"async\" width=\"320\" height=\"133\" src=\"https:\/\/www.acteurs-du-nord-isere.fr\/story\/wp-content\/uploads\/sites\/3\/2024\/05\/Tissou_billets.png\" alt=\"\" class=\"wp-image-7319\" srcset=\"https:\/\/www.acteurs-du-nord-isere.fr\/story\/wp-content\/uploads\/sites\/3\/2024\/05\/Tissou_billets.png 320w, https:\/\/www.acteurs-du-nord-isere.fr\/story\/wp-content\/uploads\/sites\/3\/2024\/05\/Tissou_billets-300x125.png 300w\" sizes=\"auto, (max-width: 320px) 100vw, 320px\" \/><\/figure>\n<\/div><\/div>\n\n\n\n<div class=\"wp-block-column is-layout-flow wp-block-column-is-layout-flow\"><div class=\"wp-block-image\">\n<figure class=\"aligncenter size-full\"><img loading=\"lazy\" decoding=\"async\" width=\"320\" height=\"101\" src=\"https:\/\/www.acteurs-du-nord-isere.fr\/story\/wp-content\/uploads\/sites\/3\/2024\/05\/Tissou_numerique.png\" alt=\"\" class=\"wp-image-7314\" srcset=\"https:\/\/www.acteurs-du-nord-isere.fr\/story\/wp-content\/uploads\/sites\/3\/2024\/05\/Tissou_numerique.png 320w, https:\/\/www.acteurs-du-nord-isere.fr\/story\/wp-content\/uploads\/sites\/3\/2024\/05\/Tissou_numerique-300x95.png 300w\" sizes=\"auto, (max-width: 320px) 100vw, 320px\" \/><\/figure>\n<\/div><\/div>\n<\/div>\n\n\n\n<h2 class=\"wp-block-heading\">Depuis la cr\u00e9ation c&rsquo;est plus de 34 000 Tissous en circulation !<\/h2>\n\n\n\n<ul class=\"wp-block-list\">\n<li>Une version papier \u00e0 l\u2019image de l\u2019identit\u00e9 du Nord Is\u00e8re est en circulation depuis plus de 2 ans<\/li>\n\n\n\n<li>Depuis le 1er f\u00e9vrier 2024 le Tissou est disponible en version num\u00e9rique &#8211; sans de frais de gestion pour les commer\u00e7ants utilisateurs &#8211; pour faciliter les paiements et augmenter le volume de transactions<\/li>\n\n\n\n<li>Une exp\u00e9rience de gouvernance partag\u00e9e ouverte est en \u0153uvre sur le territoire et nous sommes \u00e0 la recherche de nouveaux partenaires b\u00e9n\u00e9voles, professionnels, collectivit\u00e9s\u2026<\/li>\n\n\n\n<li>Le projet a \u00e9t\u00e9 port\u00e9 \u00e0 connaissance sur le territoire dans ses premiers cercles et souhaite d\u00e9sormais \u00e9largir<\/li>\n\n\n\n<li>Une \u00e9tude du potentiel de d\u00e9veloppement du Tissou a \u00e9t\u00e9 men\u00e9e fin 2023<\/li>\n<\/ul>\n\n\n\n<div class=\"wp-block-columns is-layout-flex wp-container-core-columns-is-layout-9d6595d7 wp-block-columns-is-layout-flex\">\n<div class=\"wp-block-column is-layout-flow wp-block-column-is-layout-flow\"><div class=\"wp-block-image\">\n<figure class=\"aligncenter size-full\"><a href=\"https:\/\/www.acteurs-du-nord-isere.fr\/story\/wp-content\/uploads\/sites\/3\/2024\/05\/Tissou_je_Soutiens.png\"><img loading=\"lazy\" decoding=\"async\" width=\"240\" height=\"241\" src=\"https:\/\/www.acteurs-du-nord-isere.fr\/story\/wp-content\/uploads\/sites\/3\/2024\/05\/Tissou_je_Soutiens.png\" alt=\"\" class=\"wp-image-7322\" srcset=\"https:\/\/www.acteurs-du-nord-isere.fr\/story\/wp-content\/uploads\/sites\/3\/2024\/05\/Tissou_je_Soutiens.png 240w, https:\/\/www.acteurs-du-nord-isere.fr\/story\/wp-content\/uploads\/sites\/3\/2024\/05\/Tissou_je_Soutiens-150x150.png 150w, https:\/\/www.acteurs-du-nord-isere.fr\/story\/wp-content\/uploads\/sites\/3\/2024\/05\/Tissou_je_Soutiens-100x100.png 100w, https:\/\/www.acteurs-du-nord-isere.fr\/story\/wp-content\/uploads\/sites\/3\/2024\/05\/Tissou_je_Soutiens-140x140.png 140w\" sizes=\"auto, (max-width: 240px) 100vw, 240px\" \/><\/a><\/figure>\n<\/div><\/div>\n\n\n\n<div class=\"wp-block-column is-layout-flow wp-block-column-is-layout-flow\"><div class=\"wp-block-image\">\n<figure class=\"aligncenter size-full\"><a href=\"https:\/\/www.acteurs-du-nord-isere.fr\/story\/wp-content\/uploads\/sites\/3\/2024\/05\/Tissou_professionnels.png\"><img loading=\"lazy\" decoding=\"async\" width=\"282\" height=\"240\" src=\"https:\/\/www.acteurs-du-nord-isere.fr\/story\/wp-content\/uploads\/sites\/3\/2024\/05\/Tissou_professionnels.png\" alt=\"\" class=\"wp-image-7323\"\/><\/a><\/figure>\n<\/div><\/div>\n<\/div>\n\n\n\n<h2 class=\"wp-block-heading\">Les besoins pour d\u00e9velopper le Tissou dans le Nord-Is\u00e8re<\/h2>\n\n\n\n<ul class=\"wp-block-list\">\n<li>Le collectif qui pilote le projet souhaite faire \u00e9voluer la gouvernance d\u2019une gouvernance citoyenne \u00e0 une gouvernance territoriale impliquant de multiples acteurs<\/li>\n\n\n\n<li>Il est l\u2019heure de passer \u00e0 l\u2019acte : beaucoup de professionnels et d\u2019\u00e9lus sont en attente pour s\u2019engager, \u00e0 nous de les contacter pour les embarquer dans le projet !<\/li>\n\n\n\n<li>Nous sommes en train de tisser des liens avec des r\u00e9seaux locaux d\u2019entrepreneurs (<a href=\"https:\/\/www.acteurs-du-nord-isere.fr\/\" title=\"\">Acteurs du Nord-Is\u00e8re<\/a>), association de commer\u00e7ants, SCOP de portage salariale, le r\u00e9seau professionnel de l\u2019AGEDEN\u2026 pour faire du Tissou un v\u00e9ritable projet de territoire au service d\u2019une \u00e9conomie locale et durable en Nord-Is\u00e8re<\/li>\n\n\n\n<li>Nous souhaitons \u00e9galement cr\u00e9er des liens et des synergies avec les collectivit\u00e9s territoriales, notamment sur les enjeux d\u2019alimentation et d\u2019agriculture, en lien avec les Projets Alimentaires de Territoire (PAT)<\/li>\n\n\n\n<li>Pour passer \u00e0 l\u2019\u00e9tape sup\u00e9rieure nous envisageons la cr\u00e9ation d\u2019un poste d\u2019agent de d\u00e9veloppement territorial salari\u00e9 d\u2019ici la fin de l\u2019ann\u00e9e<\/li>\n<\/ul>\n\n\n\n<p>Des bases techniques solides ont \u00e9t\u00e9 mises en place mais la transformation de l\u2019essai sera collective. Vous \u00eates int\u00e9ress\u00e9 ? Rencontrions-nous !<\/p>\n\n\n\n<p>Nous vous invitons \u00e0 participer \u00e0 l\u2019assembl\u00e9e g\u00e9n\u00e9rale extraordinaire<br>le mercredi 15 mai 2024 \u00e0 la maison de quartier de Pr\u00e9-B\u00e9nit \u00e0 <a href=\"https:\/\/www.acteurs-du-nord-isere.fr\/commune\/bourgoin-jallieu\/\" title=\"\">Bourgoin-Jallieu<\/a><br><em>(ouverture des portes \u00e0 19h15, d\u00e9but de l&rsquo;AG extraordinaire \u00e0 19h30)<\/em><\/p>\n\n\n\n<p>En esp\u00e9rant vous y voir nombreuses et nombreux pour construire ensemble le territoire de demain !<\/p>\n\n\n\n<div class=\"wp-block-buttons is-layout-flex wp-block-buttons-is-layout-flex\">\n<div class=\"wp-block-button\"><a class=\"wp-block-button__link wp-element-button\" href=\"https:\/\/www.facebook.com\/events\/1579086859580395\/?ref=newsfeed\" target=\"_blank\" rel=\"noreferrer noopener\">Voir la page de l&rsquo;\u00e9v\u00e8nement<\/a><\/div>\n<\/div>\n\n\n\n<p><em>L\u2019association Le Tissou<\/em><\/p>\n\n\n\n<p>\u2014\u2014\u2014\u2014\u2014<\/p>\n\n\n\n<p>Plus d\u2019information sur :<\/p>\n\n\n\n<ul class=\"wp-block-list\">\n<li><a href=\"https:\/\/www.tissou.fr\/\" target=\"_blank\" rel=\"noopener\" title=\"\">https:\/\/www.tissou.fr\/<\/a><\/li>\n\n\n\n<li><a href=\"https:\/\/www.facebook.com\/tisserandsdulien\/?locale=fr_FR\" target=\"_blank\" rel=\"noopener\" title=\"\">https:\/\/www.facebook.com\/tisserandsdulien\/?locale=fr_FR<\/a><\/li>\n<\/ul>\n\n\n\n<p>&#8211; L\u2019impact social des monnaies locales : <a href=\"https:\/\/www.sol-reseau.org\/l-impact-social\" target=\"_blank\" rel=\"noopener\" title=\"\">https:\/\/www.sol-reseau.org\/l-impact-social<\/a><br>&#8211; Les Monnaies locales et les collectivit\u00e9s territoriales : <a href=\"https:\/\/www.sol-reseau.org\/collectivites\" target=\"_blank\" rel=\"noopener\" title=\"\">https:\/\/www.sol-reseau.org\/collectivites<\/a><\/p>\n","protected":false},"excerpt":{"rendered":"<p>D\u00e9couvrez Le Tissou, monnaie locale du Nord-Is\u00e8re, catalyseur d&rsquo;une \u00e9conomie solidaire et durable. Du papier au num\u00e9rique, une initiative en plein essor.<\/p>\n","protected":false},"author":1,"featured_media":7330,"comment_status":"closed","ping_status":"closed","sticky":false,"template":"","format":"standard","meta":{"_acf_changed":false,"footnotes":""},"categories":[26],"tags":[430,428,389,429],"categoriescommunes":[251],"class_list":{"0":"post-7310","1":"post","2":"type-post","3":"status-publish","4":"format-standard","5":"has-post-thumbnail","7":"category-le-territoire","8":"tag-developper-leconomie","9":"tag-monnaie-locale","10":"tag-territoire","11":"tag-tissou","12":"categoriescommunes-bourgoin-jallieu"},"acf":[],"aioseo_notices":[],"_links":{"self":[{"href":"https:\/\/www.acteurs-du-nord-isere.fr\/story\/wp-json\/wp\/v2\/posts\/7310","targetHints":{"allow":["GET"]}}],"collection":[{"href":"https:\/\/www.acteurs-du-nord-isere.fr\/story\/wp-json\/wp\/v2\/posts"}],"about":[{"href":"https:\/\/www.acteurs-du-nord-isere.fr\/story\/wp-json\/wp\/v2\/types\/post"}],"author":[{"embeddable":true,"href":"https:\/\/www.acteurs-du-nord-isere.fr\/story\/wp-json\/wp\/v2\/users\/1"}],"replies":[{"embeddable":true,"href":"https:\/\/www.acteurs-du-nord-isere.fr\/story\/wp-json\/wp\/v2\/comments?post=7310"}],"version-history":[{"count":7,"href":"https:\/\/www.acteurs-du-nord-isere.fr\/story\/wp-json\/wp\/v2\/posts\/7310\/revisions"}],"predecessor-version":[{"id":7329,"href":"https:\/\/www.acteurs-du-nord-isere.fr\/story\/wp-json\/wp\/v2\/posts\/7310\/revisions\/7329"}],"wp:featuredmedia":[{"embeddable":true,"href":"https:\/\/www.acteurs-du-nord-isere.fr\/story\/wp-json\/wp\/v2\/media\/7330"}],"wp:attachment":[{"href":"https:\/\/www.acteurs-du-nord-isere.fr\/story\/wp-json\/wp\/v2\/media?parent=7310"}],"wp:term":[{"taxonomy":"category","embeddable":true,"href":"https:\/\/www.acteurs-du-nord-isere.fr\/story\/wp-json\/wp\/v2\/categories?post=7310"},{"taxonomy":"post_tag","embeddable":true,"href":"https:\/\/www.acteurs-du-nord-isere.fr\/story\/wp-json\/wp\/v2\/tags?post=7310"},{"taxonomy":"categoriescommunes","embeddable":true,"href":"https:\/\/www.acteurs-du-nord-isere.fr\/story\/wp-json\/wp\/v2\/categoriescommunes?post=7310"}],"curies":[{"name":"wp","href":"https:\/\/api.w.org\/{rel}","templated":true}]}}