{"id":7334,"date":"2024-05-15T11:52:07","date_gmt":"2024-05-15T09:52:07","guid":{"rendered":"https:\/\/www.acteurs-du-nord-isere.fr\/story\/?p=7334"},"modified":"2024-06-07T00:17:40","modified_gmt":"2024-06-06T22:17:40","slug":"matinee-petanque-apres-midi-jeux-et-soiree-annee-80s-rendez-vous-a-doissin-le-samedi-22-juin","status":"publish","type":"post","link":"https:\/\/www.acteurs-du-nord-isere.fr\/story\/matinee-petanque-apres-midi-jeux-et-soiree-annee-80s-rendez-vous-a-doissin-le-samedi-22-juin\/","title":{"rendered":"Matin\u00e9e p\u00e9tanque, apr\u00e8s-midi jeux et soir\u00e9e ann\u00e9e 80&rsquo;s rendez-vous \u00e0 Doissin le Samedi 22 juin"},"content":{"rendered":"\n<p>Comme chaque ann\u00e9e la commune de <a href=\"https:\/\/www.acteurs-du-nord-isere.fr\/commune\/doissin\/\" target=\"_blank\" rel=\"noopener\" title=\"\">Doissin <\/a>organise : <strong>la F\u00eate du village et de la musique. Le samedi 22 juin <\/strong>sera une journ\u00e9e avec un programme riche en divertissements pour tous, de quoi ravir petits et grands, le tout imagin\u00e9 par le comit\u00e9 des f\u00eates et les nombreux b\u00e9n\u00e9voles qui animeront ce bel \u00e9v\u00e8nement. <\/p>\n\n\n\n<h2 class=\"wp-block-heading\">Un programme riche en activit\u00e9s pour toute la famille le samedi 22 juin<\/h2>\n\n\n\n<div class=\"wp-block-media-text alignwide has-media-on-the-right is-stacked-on-mobile\"><div class=\"wp-block-media-text__content\">\n<h2 class=\"wp-block-heading\">Concours de p\u00e9tanque <\/h2>\n\n\n\n<p><strong>\u00c0 partir de 9h30,<\/strong> les festivit\u00e9s prendront le d\u00e9part avec<strong> un tournoi de p\u00e9tanque en doublette. <\/strong>Trois parties sont au programme pour ajouter un peu de piquant \u00e0 la comp\u00e9tition. Que vous soyez un habitu\u00e9 des terrains ou simplement en qu\u00eate d&rsquo;une atmosph\u00e8re d\u00e9tendue, venez nous rejoindre pour vous mesurer aux autres et d\u00e9voiler vos talents de tireur !<\/p>\n<\/div><figure class=\"wp-block-media-text__media\"><img loading=\"lazy\" decoding=\"async\" width=\"960\" height=\"638\" src=\"https:\/\/www.acteurs-du-nord-isere.fr\/story\/wp-content\/uploads\/sites\/3\/2024\/05\/bowling-2680738_960_720.jpg\" alt=\"\" class=\"wp-image-7336 size-full\" srcset=\"https:\/\/www.acteurs-du-nord-isere.fr\/story\/wp-content\/uploads\/sites\/3\/2024\/05\/bowling-2680738_960_720.jpg 960w, https:\/\/www.acteurs-du-nord-isere.fr\/story\/wp-content\/uploads\/sites\/3\/2024\/05\/bowling-2680738_960_720-300x199.jpg 300w, https:\/\/www.acteurs-du-nord-isere.fr\/story\/wp-content\/uploads\/sites\/3\/2024\/05\/bowling-2680738_960_720-768x510.jpg 768w\" sizes=\"auto, (max-width: 960px) 100vw, 960px\" \/><\/figure><\/div>\n\n\n\n<div class=\"wp-block-media-text alignwide is-stacked-on-mobile\" style=\"grid-template-columns:42% auto\"><figure class=\"wp-block-media-text__media\"><img loading=\"lazy\" decoding=\"async\" width=\"640\" height=\"427\" src=\"https:\/\/www.acteurs-du-nord-isere.fr\/story\/wp-content\/uploads\/sites\/3\/2024\/05\/bicycle-2553927_640.jpg\" alt=\"\" class=\"wp-image-7337 size-full\" srcset=\"https:\/\/www.acteurs-du-nord-isere.fr\/story\/wp-content\/uploads\/sites\/3\/2024\/05\/bicycle-2553927_640.jpg 640w, https:\/\/www.acteurs-du-nord-isere.fr\/story\/wp-content\/uploads\/sites\/3\/2024\/05\/bicycle-2553927_640-300x200.jpg 300w\" sizes=\"auto, (max-width: 640px) 100vw, 640px\" \/><\/figure><div class=\"wp-block-media-text__content\">\n<h2 class=\"wp-block-heading\">D\u00e9fil\u00e9 : D\u00e9guise toi avec ton v\u00e9lo !<\/h2>\n\n\n\n<p>Les enfants auront \u00e9galement l&rsquo;opportunit\u00e9 de briller lors d&rsquo;<strong>un d\u00e9fil\u00e9 costum\u00e9 en v\u00e9los<\/strong> (d\u00e9cor\u00e9s) ou a pied. <strong>\u00c0 partir de 11h00<\/strong>, une rencontre festive se tiendra sur la place devant Le Petit Doissin, offrant aux plus jeunes l&rsquo;occasion de pr\u00e9senter avec fiert\u00e9 leurs d\u00e9guisement et cr\u00e9ations color\u00e9es. Ensuite, \u00e0 11h30, le d\u00e9part sera donn\u00e9 pour le d\u00e9fil\u00e9 s\u00e9curis\u00e9e \u00e0 travers la commune, permettant ainsi aux petits cyclistes d&rsquo;exhiber leurs \u0153uvres d&rsquo;art roulantes aux habitants.<\/p>\n<\/div><\/div>\n\n\n\n<div class=\"wp-block-columns is-layout-flex wp-container-core-columns-is-layout-9d6595d7 wp-block-columns-is-layout-flex\">\n<div class=\"wp-block-column is-layout-flow wp-block-column-is-layout-flow\">\n<h2 class=\"wp-block-heading\">Buvette et restauration sur place avec La CLIQUE<\/h2>\n\n\n\n<p>Apr\u00e8s tant d&rsquo;activit\u00e9s, une pause bien m\u00e9rit\u00e9e s&rsquo;impose ! <strong>\u00c0 midi<\/strong>, vous \u00eates invit\u00e9s \u00e0 <strong>partager un moment convivial autour d&rsquo;un ap\u00e9ritif<\/strong> musical avec <strong>La CLIQUE<\/strong>, suivi d&rsquo;<strong>un d\u00e9licieux repas barbecue<\/strong> qui promet de r\u00e9galer petits et grands. La buvette, tenue par le comit\u00e9 des F\u00eates de Doissin, sera \u00e0 votre disposition pour \u00e9tancher votre soif, le tout a des tarif accessibles. Profitez de cette occasion pour \u00e9changer et faire de nouvelles rencontres dans une ambiance chaleureuse.<\/p>\n\n\n\n<div class=\"wp-block-media-text alignwide is-stacked-on-mobile\"><figure class=\"wp-block-media-text__media\"><img loading=\"lazy\" decoding=\"async\" width=\"1024\" height=\"768\" src=\"https:\/\/www.acteurs-du-nord-isere.fr\/story\/wp-content\/uploads\/sites\/3\/2023\/06\/IMG_20210904_182821.jpg\" alt=\"\" class=\"wp-image-6587 size-full\" srcset=\"https:\/\/www.acteurs-du-nord-isere.fr\/story\/wp-content\/uploads\/sites\/3\/2023\/06\/IMG_20210904_182821.jpg 1024w, https:\/\/www.acteurs-du-nord-isere.fr\/story\/wp-content\/uploads\/sites\/3\/2023\/06\/IMG_20210904_182821-300x225.jpg 300w, https:\/\/www.acteurs-du-nord-isere.fr\/story\/wp-content\/uploads\/sites\/3\/2023\/06\/IMG_20210904_182821-768x576.jpg 768w\" sizes=\"auto, (max-width: 1024px) 100vw, 1024px\" \/><\/figure><div class=\"wp-block-media-text__content\">\n<p>L&rsquo;apr\u00e8s-midi sera rythm\u00e9 par une multitude de jeux divers avec <strong>des man\u00e8ges et des sumos ! <\/strong>Petits et grands pourront participer \u00e0 des d\u00e9fis amusants dans un esprit festif. Qu&rsquo;il s&rsquo;agisse de jeux de ballons, de courses en sac ou de jeux d&rsquo;adresse, il y en aura pour tous les go\u00fbts !<br>Parmi les divertissements, il y aura <strong>la mise \u00e0 disposition d&rsquo;un man\u00e8ge et d&rsquo;une structure gonflable disponible gratuitement pour les enfants.<\/strong><\/p>\n<\/div><\/div>\n<\/div>\n<\/div>\n\n\n\n<div class=\"wp-block-columns is-layout-flex wp-container-core-columns-is-layout-9d6595d7 wp-block-columns-is-layout-flex\">\n<div class=\"wp-block-column is-layout-flow wp-block-column-is-layout-flow\">\n<h2 class=\"wp-block-heading\">Soir\u00e9e sp\u00e9ciale ann\u00e9es 80&rsquo;s avec Animastar &#8211; DJ Sully<\/h2>\n\n\n\n<p>Pour cl\u00f4turer en beaut\u00e9 cette journ\u00e9e charg\u00e9e en activit\u00e9s, plongez dans <strong>une soir\u00e9e sp\u00e9ciale ann\u00e9es 80&rsquo;s<\/strong> ! <strong>\u00c0 partir de 19h30, <\/strong>laissez-vous transporter par les plus grands succ\u00e8s de cette \u00e9poque, avec des performances musicales captivantes qui enchanteront les participants de tous \u00e2ges. Pour ceux qui souhaitent reprendre des forces, le repas barbecue sera \u00e0 nouveau disponible, offrant ainsi une occasion parfaite de prolonger cette soir\u00e9e festive.<\/p>\n\n\n\n<p>Enfin, pour termin\u00e9 cet \u00e9v\u00e9nement inoubliable, <strong>\u00e0 22h30<\/strong>, <strong>un feu d&rsquo;artifice illuminera le ciel de Doissin. <\/strong>Vivez un moment magique en admirant les couleurs \u00e9clatantes et les explosions scintillantes qui \u00e9merveilleront petits et grands, ajoutant une touche finale \u00e9blouissante \u00e0 cette journ\u00e9e.<\/p>\n\n\n\n<figure class=\"wp-block-image size-full\"><img loading=\"lazy\" decoding=\"async\" width=\"1280\" height=\"914\" src=\"https:\/\/www.acteurs-du-nord-isere.fr\/story\/wp-content\/uploads\/sites\/3\/2024\/05\/artifice-1538582_1280.jpg\" alt=\"\" class=\"wp-image-7338\" srcset=\"https:\/\/www.acteurs-du-nord-isere.fr\/story\/wp-content\/uploads\/sites\/3\/2024\/05\/artifice-1538582_1280.jpg 1280w, https:\/\/www.acteurs-du-nord-isere.fr\/story\/wp-content\/uploads\/sites\/3\/2024\/05\/artifice-1538582_1280-300x214.jpg 300w, https:\/\/www.acteurs-du-nord-isere.fr\/story\/wp-content\/uploads\/sites\/3\/2024\/05\/artifice-1538582_1280-1024x731.jpg 1024w, https:\/\/www.acteurs-du-nord-isere.fr\/story\/wp-content\/uploads\/sites\/3\/2024\/05\/artifice-1538582_1280-768x548.jpg 768w\" sizes=\"auto, (max-width: 1280px) 100vw, 1280px\" \/><\/figure>\n<\/div>\n<\/div>\n\n\n\n<div class=\"wp-block-columns is-layout-flex wp-container-core-columns-is-layout-9d6595d7 wp-block-columns-is-layout-flex\">\n<div class=\"wp-block-column is-layout-flow wp-block-column-is-layout-flow\">\n<h2 class=\"wp-block-heading\">Rendez-vous le samedi 22 Juin \u00e0 Doissin en Nord-Is\u00e8re<\/h2>\n\n\n\n<p><strong>La F\u00eate du Village et de la Musique \u00e0 Doissin<\/strong> offre une opportunit\u00e9 unique de passer une journ\u00e9e en famille. Entre les divertissements, la musique, l&rsquo;ambiance festive et les d\u00e9lices gastronomiques, il y en aura pour tous les go\u00fbts. Marquez d&rsquo;ores et d\u00e9j\u00e0 votre agenda pour le samedi 22 juin et venez nous rejoindre pour c\u00e9l\u00e9brer la convivialit\u00e9, le partage et la joie lors de cette journ\u00e9e exceptionnelle \u00e0 Doissin.<\/p>\n\n\n\n<ul class=\"wp-block-list\">\n<li><strong>9h30 <\/strong>Concours p\u00e9tanque (<em>En doublette &#8211; 3 parties <\/em>)<\/li>\n\n\n\n<li><strong>11h00<\/strong> D\u00e9fil\u00e9, d\u00e9guise toi avec ton v\u00e9lo, rassemblement sur la place devant Le Petit Doissin<br><strong>11h30 <\/strong>d\u00e9part du circuit (parcours s\u00e9curis\u00e9)<\/li>\n\n\n\n<li><strong>12h <\/strong>Ap\u00e9ritif + Repas barbecue<\/li>\n\n\n\n<li><strong>14h<\/strong> Jeux divers et man\u00e8ges<\/li>\n\n\n\n<li><strong>19h30 <\/strong>Soir\u00e9e ann\u00e9es 80&rsquo;s<\/li>\n\n\n\n<li>Repas barbecue<\/li>\n\n\n\n<li><strong>22h30 <\/strong>Feu d&rsquo;artifice<\/li>\n\n\n\n<li><strong>1h00<\/strong> Fin de la soir\u00e9e<\/li>\n<\/ul>\n<\/div>\n\n\n\n<div class=\"wp-block-column is-layout-flow wp-block-column-is-layout-flow\">\n<figure class=\"wp-block-image size-large\"><img loading=\"lazy\" decoding=\"async\" width=\"724\" height=\"1024\" src=\"https:\/\/www.acteurs-du-nord-isere.fr\/story\/wp-content\/uploads\/sites\/3\/2024\/06\/A3-Affiche-724x1024.jpg\" alt=\"\" class=\"wp-image-7397\" srcset=\"https:\/\/www.acteurs-du-nord-isere.fr\/story\/wp-content\/uploads\/sites\/3\/2024\/06\/A3-Affiche-724x1024.jpg 724w, https:\/\/www.acteurs-du-nord-isere.fr\/story\/wp-content\/uploads\/sites\/3\/2024\/06\/A3-Affiche-212x300.jpg 212w, https:\/\/www.acteurs-du-nord-isere.fr\/story\/wp-content\/uploads\/sites\/3\/2024\/06\/A3-Affiche-768x1086.jpg 768w, https:\/\/www.acteurs-du-nord-isere.fr\/story\/wp-content\/uploads\/sites\/3\/2024\/06\/A3-Affiche-1086x1536.jpg 1086w, https:\/\/www.acteurs-du-nord-isere.fr\/story\/wp-content\/uploads\/sites\/3\/2024\/06\/A3-Affiche-1448x2048.jpg 1448w, https:\/\/www.acteurs-du-nord-isere.fr\/story\/wp-content\/uploads\/sites\/3\/2024\/06\/A3-Affiche-scaled.jpg 1810w\" sizes=\"auto, (max-width: 724px) 100vw, 724px\" \/><\/figure>\n<\/div>\n<\/div>\n\n\n\n<div class=\"wp-block-columns is-layout-flex wp-container-core-columns-is-layout-9d6595d7 wp-block-columns-is-layout-flex\">\n<div class=\"wp-block-column is-layout-flow wp-block-column-is-layout-flow\"><\/div>\n<\/div>\n","protected":false},"excerpt":{"rendered":"<p>La F\u00eate du village et de la musique \u00e0 Doissin est l&rsquo;occasion id\u00e9ale pour passer une journ\u00e9e inoubliable en famille. Entre les jeux, la musique, la bonne humeur<\/p>\n","protected":false},"author":1,"featured_media":6587,"comment_status":"closed","ping_status":"closed","sticky":false,"template":"","format":"standard","meta":{"_acf_changed":false,"footnotes":""},"categories":[6,7],"tags":[431,320,321,319,432],"categoriescommunes":[116],"class_list":{"0":"post-7334","1":"post","2":"type-post","3":"status-publish","4":"format-standard","5":"has-post-thumbnail","7":"category-culture-loisirs","8":"category-evenements","9":"tag-annees-80s","10":"tag-fete-du-village","11":"tag-feu-dartifice","12":"tag-musique","13":"tag-petanque","14":"categoriescommunes-doissin"},"acf":[],"aioseo_notices":[],"_links":{"self":[{"href":"https:\/\/www.acteurs-du-nord-isere.fr\/story\/wp-json\/wp\/v2\/posts\/7334","targetHints":{"allow":["GET"]}}],"collection":[{"href":"https:\/\/www.acteurs-du-nord-isere.fr\/story\/wp-json\/wp\/v2\/posts"}],"about":[{"href":"https:\/\/www.acteurs-du-nord-isere.fr\/story\/wp-json\/wp\/v2\/types\/post"}],"author":[{"embeddable":true,"href":"https:\/\/www.acteurs-du-nord-isere.fr\/story\/wp-json\/wp\/v2\/users\/1"}],"replies":[{"embeddable":true,"href":"https:\/\/www.acteurs-du-nord-isere.fr\/story\/wp-json\/wp\/v2\/comments?post=7334"}],"version-history":[{"count":7,"href":"https:\/\/www.acteurs-du-nord-isere.fr\/story\/wp-json\/wp\/v2\/posts\/7334\/revisions"}],"predecessor-version":[{"id":7398,"href":"https:\/\/www.acteurs-du-nord-isere.fr\/story\/wp-json\/wp\/v2\/posts\/7334\/revisions\/7398"}],"wp:featuredmedia":[{"embeddable":true,"href":"https:\/\/www.acteurs-du-nord-isere.fr\/story\/wp-json\/wp\/v2\/media\/6587"}],"wp:attachment":[{"href":"https:\/\/www.acteurs-du-nord-isere.fr\/story\/wp-json\/wp\/v2\/media?parent=7334"}],"wp:term":[{"taxonomy":"category","embeddable":true,"href":"https:\/\/www.acteurs-du-nord-isere.fr\/story\/wp-json\/wp\/v2\/categories?post=7334"},{"taxonomy":"post_tag","embeddable":true,"href":"https:\/\/www.acteurs-du-nord-isere.fr\/story\/wp-json\/wp\/v2\/tags?post=7334"},{"taxonomy":"categoriescommunes","embeddable":true,"href":"https:\/\/www.acteurs-du-nord-isere.fr\/story\/wp-json\/wp\/v2\/categoriescommunes?post=7334"}],"curies":[{"name":"wp","href":"https:\/\/api.w.org\/{rel}","templated":true}]}}