{"id":7430,"date":"2025-10-06T22:41:41","date_gmt":"2025-10-06T20:41:41","guid":{"rendered":"https:\/\/www.acteurs-du-nord-isere.fr\/story\/?p=7430"},"modified":"2025-10-06T22:43:37","modified_gmt":"2025-10-06T20:43:37","slug":"lautomnal-une-journee-dediee-aux-saveurs-locales-a-val-de-virieu-avec-un-repas-et-un-marche-de-producteurs","status":"publish","type":"post","link":"https:\/\/www.acteurs-du-nord-isere.fr\/story\/lautomnal-une-journee-dediee-aux-saveurs-locales-a-val-de-virieu-avec-un-repas-et-un-marche-de-producteurs\/","title":{"rendered":"L\u2019Automnal : Une journ\u00e9e d\u00e9di\u00e9e aux saveurs locales \u00e0 Val-de-Virieu avec un repas et un march\u00e9 de producteurs"},"content":{"rendered":"\n<p>Le dimanche 26 octobre 2025, le village de Val-de-Virieu se transforme en v\u00e9ritable f\u00eate des sens avec l&rsquo;\u00e9v\u00e9nement \u00ab L\u2019Automnal \u00bb. Organis\u00e9 par<a href=\"https:\/\/www.acteurs-du-nord-isere.fr\/associations\/les-acteurs-de-la-vallee-de-val-de-virieu\/\" title=\"\"> le groupement \u00e9conomique local<\/a> et ses partenaires, cette journ\u00e9e mettra \u00e0 l\u2019honneur les savoir-faire des artisans et producteurs de la r\u00e9gion.<\/p>\n\n\n\n<div class=\"wp-block-media-text is-stacked-on-mobile\"><figure class=\"wp-block-media-text__media\"><img loading=\"lazy\" decoding=\"async\" width=\"728\" height=\"1024\" src=\"https:\/\/www.acteurs-du-nord-isere.fr\/story\/wp-content\/uploads\/sites\/3\/2024\/09\/Affiche-Automnal-A3V-2025-728x1024.jpg\" alt=\"\" class=\"wp-image-7601 size-full\" srcset=\"https:\/\/www.acteurs-du-nord-isere.fr\/story\/wp-content\/uploads\/sites\/3\/2024\/09\/Affiche-Automnal-A3V-2025-728x1024.jpg 728w, https:\/\/www.acteurs-du-nord-isere.fr\/story\/wp-content\/uploads\/sites\/3\/2024\/09\/Affiche-Automnal-A3V-2025-213x300.jpg 213w, https:\/\/www.acteurs-du-nord-isere.fr\/story\/wp-content\/uploads\/sites\/3\/2024\/09\/Affiche-Automnal-A3V-2025.jpg 768w\" sizes=\"auto, (max-width: 728px) 100vw, 728px\" \/><\/figure><div class=\"wp-block-media-text__content\">\n<h2 class=\"wp-block-heading\"><strong>Un march\u00e9 de producteurs et d&rsquo;artisans \u00e0 ne pas manquer<\/strong><\/h2>\n\n\n\n<p>Ce grand rendez-vous accueillera 50 exposants repr\u00e9sentant une vaste gamme de produits locaux. Des cr\u00e9ations artisanales aux d\u00e9lices gastronomiques, les visiteurs pourront parcourir les \u00e9tals r\u00e9partis le long de la rue du Ch\u00e2teau, pour une immersion au c\u0153ur des talents locaux. Ce sera aussi une belle opportunit\u00e9 de pr\u00e9parer ses cadeaux de fin d\u2019ann\u00e9e en avance !<\/p>\n\n\n\n<p><\/p>\n<\/div><\/div>\n\n\n\n<h2 class=\"wp-block-heading\"><strong>Un repas gourmand et une d\u00e9gustation de vins r\u00e9gionaux sous les Halles<\/strong><\/h2>\n\n\n\n<p>Parall\u00e8lement au march\u00e9,<strong> une d\u00e9gustation de vins<\/strong> vous attend pour d\u00e9couvrir les meilleurs crus de la r\u00e9gion. De plus, les visiteurs auront la chance de savourer un repas pr\u00e9par\u00e9 avec des produits frais et de saison, mettant en valeur la richesse gastronomique du territoire. <strong>Le menu, comprenant entr\u00e9e, plat et dessert<\/strong>, promet un moment culinaire exceptionnel.<\/p>\n\n\n\n<p>Pour participer \u00e0 ce repas convivial, il est recommand\u00e9 de r\u00e9server \u00e0 l&rsquo;avance, car les places sont limit\u00e9es \u00e0 80 par service, \u00e0 12h et second service \u00e0 13h.<\/p>\n\n\n\n<div class=\"wp-block-media-text is-stacked-on-mobile\"><figure class=\"wp-block-media-text__media\"><img loading=\"lazy\" decoding=\"async\" width=\"800\" height=\"800\" src=\"https:\/\/www.acteurs-du-nord-isere.fr\/story\/wp-content\/uploads\/sites\/3\/2024\/09\/Halles-de-virieu.jpg\" alt=\"\" class=\"wp-image-7432 size-full\" srcset=\"https:\/\/www.acteurs-du-nord-isere.fr\/story\/wp-content\/uploads\/sites\/3\/2024\/09\/Halles-de-virieu.jpg 800w, https:\/\/www.acteurs-du-nord-isere.fr\/story\/wp-content\/uploads\/sites\/3\/2024\/09\/Halles-de-virieu-300x300.jpg 300w, https:\/\/www.acteurs-du-nord-isere.fr\/story\/wp-content\/uploads\/sites\/3\/2024\/09\/Halles-de-virieu-150x150.jpg 150w, https:\/\/www.acteurs-du-nord-isere.fr\/story\/wp-content\/uploads\/sites\/3\/2024\/09\/Halles-de-virieu-768x768.jpg 768w, https:\/\/www.acteurs-du-nord-isere.fr\/story\/wp-content\/uploads\/sites\/3\/2024\/09\/Halles-de-virieu-100x100.jpg 100w, https:\/\/www.acteurs-du-nord-isere.fr\/story\/wp-content\/uploads\/sites\/3\/2024\/09\/Halles-de-virieu-140x140.jpg 140w, https:\/\/www.acteurs-du-nord-isere.fr\/story\/wp-content\/uploads\/sites\/3\/2024\/09\/Halles-de-virieu-500x500.jpg 500w, https:\/\/www.acteurs-du-nord-isere.fr\/story\/wp-content\/uploads\/sites\/3\/2024\/09\/Halles-de-virieu-350x350.jpg 350w\" sizes=\"auto, (max-width: 800px) 100vw, 800px\" \/><\/figure><div class=\"wp-block-media-text__content\">\n<p><strong>R\u00e9servez votre place d\u00e8s maintenant<\/strong><\/p>\n\n\n\n<p>Les r\u00e9servations pour le repas sont d\u00e9j\u00e0 ouvertes, alors n&rsquo;attendez pas pour r\u00e9server votre place ! Les services se rempliront rapidement. <\/p>\n\n\n\n<p>Venez partager un moment gourmand tout en soutenant les producteurs de la r\u00e9gion.<\/p>\n\n\n\n<p><em>Le repas est \u00e0 25 \u20ac \/ personne, compos\u00e9 uniquement de produit locaux et de saison<\/em><\/p>\n\n\n\n<div class=\"wp-block-buttons is-layout-flex wp-block-buttons-is-layout-flex\">\n<div class=\"wp-block-button\"><a class=\"wp-block-button__link wp-element-button\" href=\"https:\/\/acteurs-vallee-val-de-virieu.fr\/boutique\/automnal\/reservez-votre-repas\/\" target=\"_blank\" rel=\"noreferrer noopener\">R\u00e9server un repas<\/a><\/div>\n<\/div>\n<\/div><\/div>\n\n\n\n<div style=\"height:60px\" aria-hidden=\"true\" class=\"wp-block-spacer\"><\/div>\n\n\n\n<h2 class=\"wp-block-heading\">D\u00e9couvrez la vid\u00e9o de l\u2019Automnal 2024 !<\/h2>\n\n\n\n<p>Pour prolonger l\u2019exp\u00e9rience et revivre cette belle journ\u00e9e, nous vous invitons \u00e0 d\u00e9couvrir la vid\u00e9o de l\u2019\u00e9v\u00e9nement. Elle capture l\u2019ambiance unique de cette premi\u00e8re \u00e9dition, entre convivialit\u00e9, gourmandise et rencontres. Prenez quelques instants pour vous plonger dans ces souvenirs et retrouver l\u2019essence de l\u2019Automnal. Merci \u00e0<a href=\"https:\/\/www.acteurs-du-nord-isere.fr\/entreprises\/artist-gentleman\/\" target=\"_blank\" rel=\"noopener\" title=\"\"> Corentin Delage<\/a> pour la r\u00e9alisation de cette vid\u00e9o. <\/p>\n\n\n\n<iframe loading=\"lazy\" width=\"560\" height=\"315\" src=\"https:\/\/www.youtube.com\/embed\/8NK4a0Ez_yo?si=r3ttUDz31dNVROE4\" title=\"YouTube video player\" frameborder=\"0\" allow=\"accelerometer; autoplay; clipboard-write; encrypted-media; gyroscope; picture-in-picture; web-share\" referrerpolicy=\"strict-origin-when-cross-origin\" allowfullscreen><\/iframe>\n\n\n\n<div style=\"height:60px\" aria-hidden=\"true\" class=\"wp-block-spacer\"><\/div>\n\n\n\n<figure class=\"wp-block-gallery aligncenter has-nested-images columns-3 wp-block-gallery-1 is-layout-flex wp-block-gallery-is-layout-flex\">\n<figure class=\"wp-block-image size-full\"><img loading=\"lazy\" decoding=\"async\" width=\"325\" height=\"150\" data-id=\"7442\" src=\"https:\/\/www.acteurs-du-nord-isere.fr\/story\/wp-content\/uploads\/sites\/3\/2024\/09\/logo-commune-val-de-virieu.png\" alt=\"\" class=\"wp-image-7442\" srcset=\"https:\/\/www.acteurs-du-nord-isere.fr\/story\/wp-content\/uploads\/sites\/3\/2024\/09\/logo-commune-val-de-virieu.png 325w, https:\/\/www.acteurs-du-nord-isere.fr\/story\/wp-content\/uploads\/sites\/3\/2024\/09\/logo-commune-val-de-virieu-300x138.png 300w\" sizes=\"auto, (max-width: 325px) 100vw, 325px\" \/><\/figure>\n\n\n\n<figure class=\"wp-block-image size-full\"><img loading=\"lazy\" decoding=\"async\" width=\"852\" height=\"285\" data-id=\"7446\" src=\"https:\/\/www.acteurs-du-nord-isere.fr\/story\/wp-content\/uploads\/sites\/3\/2024\/09\/Logotype-couleur-1.jpg\" alt=\"\" class=\"wp-image-7446\" srcset=\"https:\/\/www.acteurs-du-nord-isere.fr\/story\/wp-content\/uploads\/sites\/3\/2024\/09\/Logotype-couleur-1.jpg 852w, https:\/\/www.acteurs-du-nord-isere.fr\/story\/wp-content\/uploads\/sites\/3\/2024\/09\/Logotype-couleur-1-300x100.jpg 300w, https:\/\/www.acteurs-du-nord-isere.fr\/story\/wp-content\/uploads\/sites\/3\/2024\/09\/Logotype-couleur-1-768x257.jpg 768w\" sizes=\"auto, (max-width: 852px) 100vw, 852px\" \/><\/figure>\n\n\n\n<figure class=\"wp-block-image size-full\"><img loading=\"lazy\" decoding=\"async\" width=\"1920\" height=\"453\" data-id=\"7444\" src=\"https:\/\/www.acteurs-du-nord-isere.fr\/story\/wp-content\/uploads\/sites\/3\/2024\/09\/CL_VIRIEUSURBOURBE.jpg\" alt=\"\" class=\"wp-image-7444\" srcset=\"https:\/\/www.acteurs-du-nord-isere.fr\/story\/wp-content\/uploads\/sites\/3\/2024\/09\/CL_VIRIEUSURBOURBE.jpg 1920w, https:\/\/www.acteurs-du-nord-isere.fr\/story\/wp-content\/uploads\/sites\/3\/2024\/09\/CL_VIRIEUSURBOURBE-300x71.jpg 300w, https:\/\/www.acteurs-du-nord-isere.fr\/story\/wp-content\/uploads\/sites\/3\/2024\/09\/CL_VIRIEUSURBOURBE-1024x242.jpg 1024w, https:\/\/www.acteurs-du-nord-isere.fr\/story\/wp-content\/uploads\/sites\/3\/2024\/09\/CL_VIRIEUSURBOURBE-768x181.jpg 768w, https:\/\/www.acteurs-du-nord-isere.fr\/story\/wp-content\/uploads\/sites\/3\/2024\/09\/CL_VIRIEUSURBOURBE-1536x362.jpg 1536w\" sizes=\"auto, (max-width: 1920px) 100vw, 1920px\" \/><\/figure>\n<\/figure>\n\n\n\n<div style=\"height:100px\" aria-hidden=\"true\" class=\"wp-block-spacer\"><\/div>\n\n\n\n<figure class=\"wp-block-gallery has-nested-images columns-default is-cropped wp-block-gallery-2 is-layout-flex wp-block-gallery-is-layout-flex\">\n<figure class=\"wp-block-image size-large\"><img loading=\"lazy\" decoding=\"async\" width=\"1020\" height=\"768\" data-id=\"7451\" src=\"https:\/\/www.acteurs-du-nord-isere.fr\/story\/wp-content\/uploads\/sites\/3\/2024\/09\/halles-val-de-virieu-000.jpg\" alt=\"\" class=\"wp-image-7451\" srcset=\"https:\/\/www.acteurs-du-nord-isere.fr\/story\/wp-content\/uploads\/sites\/3\/2024\/09\/halles-val-de-virieu-000.jpg 1020w, https:\/\/www.acteurs-du-nord-isere.fr\/story\/wp-content\/uploads\/sites\/3\/2024\/09\/halles-val-de-virieu-000-300x226.jpg 300w, https:\/\/www.acteurs-du-nord-isere.fr\/story\/wp-content\/uploads\/sites\/3\/2024\/09\/halles-val-de-virieu-000-768x578.jpg 768w\" sizes=\"auto, (max-width: 1020px) 100vw, 1020px\" \/><\/figure>\n\n\n\n<figure class=\"wp-block-image size-large\"><img loading=\"lazy\" decoding=\"async\" width=\"768\" height=\"1020\" data-id=\"7454\" src=\"https:\/\/www.acteurs-du-nord-isere.fr\/story\/wp-content\/uploads\/sites\/3\/2024\/09\/halles-val-de-virieu-008.jpg\" alt=\"\" class=\"wp-image-7454\" srcset=\"https:\/\/www.acteurs-du-nord-isere.fr\/story\/wp-content\/uploads\/sites\/3\/2024\/09\/halles-val-de-virieu-008.jpg 768w, https:\/\/www.acteurs-du-nord-isere.fr\/story\/wp-content\/uploads\/sites\/3\/2024\/09\/halles-val-de-virieu-008-226x300.jpg 226w\" sizes=\"auto, (max-width: 768px) 100vw, 768px\" \/><\/figure>\n<\/figure>\n\n\n\n<div style=\"height:100px\" aria-hidden=\"true\" class=\"wp-block-spacer\"><\/div>\n\n\n\n<h2 class=\"wp-block-heading\"><strong>Val-de-Virieu et ses environs, un p\u00f4le \u00e9conomique dynamique<\/strong><\/h2>\n\n\n\n<p>Situ\u00e9e au c\u0153ur de la haute vall\u00e9e de la Bourbre, <a href=\"https:\/\/www.valdevirieu.fr\/\" target=\"_blank\" rel=\"noopener\" title=\"\">la commune de Val-de-Virieu<\/a> regroupe plus de cinquante commer\u00e7ants, artisans et professions lib\u00e9rales. Sa proximit\u00e9 avec les infrastructures des villes voisines en fait un centre \u00e9conomique incontournable pour la r\u00e9gion.<\/p>\n\n\n\n<h3 class=\"wp-block-heading\"><strong>\u00c0 propos des Vals du Dauphin\u00e9<\/strong><\/h3>\n\n\n\n<p>La Communaut\u00e9 de communes <a href=\"https:\/\/www.valsdudauphine.fr\/\" target=\"_blank\" rel=\"noopener\" title=\"\">Les Vals du Dauphin\u00e9<\/a>, regroupant 36 communes, \u0153uvre \u00e0 la mutualisation des ressources pour dynamiser l\u2019\u00e9conomie locale. Ce territoire rassemble plus de 64 000 habitants sur 345 km\u00b2. <a href=\"https:\/\/www.acteurs-du-nord-isere.fr\/epci\/cc-les-vals-du-dauphine\/\" title=\"\">D\u00e9couvrez les acteurs localis\u00e9s aux Vals du Dauphin\u00e9.<\/a><\/p>\n\n\n\n<h2 class=\"wp-block-heading\"><strong>Rendez-vous le 26 octobre \u00e0 Val-de-Virieu !<\/strong><\/h2>\n\n\n\n<p>Ne manquez pas cette journ\u00e9e festive pour c\u00e9l\u00e9brer l\u2019automne et les richesses locales. Nous vous attendons nombreux pour partager ensemble ce moment convivial et gourmand. Pour plus d&rsquo;informations, suivez-nous sur nos r\u00e9seaux sociaux et rendez-vous sur le site du Groupement A3V. <\/p>\n\n\n\n<div class=\"wp-block-buttons is-layout-flex wp-block-buttons-is-layout-flex\">\n<div class=\"wp-block-button\"><a class=\"wp-block-button__link wp-element-button\" href=\"https:\/\/acteurs-vallee-val-de-virieu.fr\/\">Voir le site des Acteurs de la Vall\u00e9e<\/a><\/div>\n<\/div>\n","protected":false},"excerpt":{"rendered":"<p>Le dimanche 26 octobre 2025, le village de Val-de-Virieu se transforme en v\u00e9ritable f\u00eate des sens avec l&rsquo;\u00e9v\u00e9nement \u00ab L\u2019Automnal \u00bb. Organis\u00e9 par le groupement&#8230;<\/p>\n","protected":false},"author":1,"featured_media":7434,"comment_status":"closed","ping_status":"closed","sticky":false,"template":"","format":"standard","meta":{"_acf_changed":false,"footnotes":""},"categories":[1],"tags":[],"categoriescommunes":[],"class_list":{"0":"post-7430","1":"post","2":"type-post","3":"status-publish","4":"format-standard","5":"has-post-thumbnail","7":"category-non-classe"},"acf":[],"aioseo_notices":[],"_links":{"self":[{"href":"https:\/\/www.acteurs-du-nord-isere.fr\/story\/wp-json\/wp\/v2\/posts\/7430","targetHints":{"allow":["GET"]}}],"collection":[{"href":"https:\/\/www.acteurs-du-nord-isere.fr\/story\/wp-json\/wp\/v2\/posts"}],"about":[{"href":"https:\/\/www.acteurs-du-nord-isere.fr\/story\/wp-json\/wp\/v2\/types\/post"}],"author":[{"embeddable":true,"href":"https:\/\/www.acteurs-du-nord-isere.fr\/story\/wp-json\/wp\/v2\/users\/1"}],"replies":[{"embeddable":true,"href":"https:\/\/www.acteurs-du-nord-isere.fr\/story\/wp-json\/wp\/v2\/comments?post=7430"}],"version-history":[{"count":8,"href":"https:\/\/www.acteurs-du-nord-isere.fr\/story\/wp-json\/wp\/v2\/posts\/7430\/revisions"}],"predecessor-version":[{"id":7605,"href":"https:\/\/www.acteurs-du-nord-isere.fr\/story\/wp-json\/wp\/v2\/posts\/7430\/revisions\/7605"}],"wp:featuredmedia":[{"embeddable":true,"href":"https:\/\/www.acteurs-du-nord-isere.fr\/story\/wp-json\/wp\/v2\/media\/7434"}],"wp:attachment":[{"href":"https:\/\/www.acteurs-du-nord-isere.fr\/story\/wp-json\/wp\/v2\/media?parent=7430"}],"wp:term":[{"taxonomy":"category","embeddable":true,"href":"https:\/\/www.acteurs-du-nord-isere.fr\/story\/wp-json\/wp\/v2\/categories?post=7430"},{"taxonomy":"post_tag","embeddable":true,"href":"https:\/\/www.acteurs-du-nord-isere.fr\/story\/wp-json\/wp\/v2\/tags?post=7430"},{"taxonomy":"categoriescommunes","embeddable":true,"href":"https:\/\/www.acteurs-du-nord-isere.fr\/story\/wp-json\/wp\/v2\/categoriescommunes?post=7430"}],"curies":[{"name":"wp","href":"https:\/\/api.w.org\/{rel}","templated":true}]}}