{"id":7457,"date":"2024-09-20T13:55:26","date_gmt":"2024-09-20T11:55:26","guid":{"rendered":"https:\/\/www.acteurs-du-nord-isere.fr\/story\/?p=7457"},"modified":"2024-10-01T14:33:24","modified_gmt":"2024-10-01T12:33:24","slug":"evitez-les-pieges-du-statut-de-micro-entrepreneur-dans-le-batiment","status":"publish","type":"post","link":"https:\/\/www.acteurs-du-nord-isere.fr\/story\/evitez-les-pieges-du-statut-de-micro-entrepreneur-dans-le-batiment\/","title":{"rendered":"\u00c9vitez les pi\u00e8ges du statut de micro-entrepreneur dans le b\u00e2timent"},"content":{"rendered":"\n<p><strong>Trop d&rsquo;artisans du b\u00e2timent<\/strong> choisissent le statut de micro-entrepreneur (<em>ou auto-entrepreneur<\/em>) en pensant simplifier leurs d\u00e9marches. Cependant,<strong> ce choix peut rapidement r\u00e9v\u00e9ler ses limite<\/strong>s : gestion administrative complexe, protection sociale insuffisante, absence d\u2019assurance d\u00e9cennale&#8230; Comment \u00e9viter ces \u00e9cueils tout en conservant la libert\u00e9 d\u2019\u00eatre entrepreneur ?<\/p>\n\n\n\n<p>La r\u00e9ponse r\u00e9side dans une alternative peu connue mais redoutablement efficace : <strong>le statut d\u2019entrepreneur salari\u00e9 au sein d\u2019une Coop\u00e9rative d\u2019Activit\u00e9s et d\u2019Emploi (CAE)<\/strong>. C\u2019est pr\u00e9cis\u00e9ment ce que propose <a href=\"https:\/\/www.acteurs-du-nord-isere.fr\/entreprises\/a-deux-et-plus-entreprendre\/\"><strong>A Deux et Plus Entreprendre<\/strong><\/a>, une coop\u00e9rative implant\u00e9e \u00e0 Bourgoin-Jallieu, qui accompagne d\u00e9j\u00e0 de nombreux professionnels du secteur du b\u00e2timent.<\/p>\n\n\n\n<div class=\"wp-block-media-text is-stacked-on-mobile\" style=\"grid-template-columns:35% auto\"><figure class=\"wp-block-media-text__media\"><img loading=\"lazy\" decoding=\"async\" width=\"500\" height=\"500\" src=\"https:\/\/www.acteurs-du-nord-isere.fr\/story\/wp-content\/uploads\/sites\/3\/2023\/10\/A2-et-plus-Entreprendre-logo.webp\" alt=\"\" class=\"wp-image-6815 size-full\" srcset=\"https:\/\/www.acteurs-du-nord-isere.fr\/story\/wp-content\/uploads\/sites\/3\/2023\/10\/A2-et-plus-Entreprendre-logo.webp 500w, https:\/\/www.acteurs-du-nord-isere.fr\/story\/wp-content\/uploads\/sites\/3\/2023\/10\/A2-et-plus-Entreprendre-logo-300x300.webp 300w, https:\/\/www.acteurs-du-nord-isere.fr\/story\/wp-content\/uploads\/sites\/3\/2023\/10\/A2-et-plus-Entreprendre-logo-150x150.webp 150w, https:\/\/www.acteurs-du-nord-isere.fr\/story\/wp-content\/uploads\/sites\/3\/2023\/10\/A2-et-plus-Entreprendre-logo-100x100.webp 100w, https:\/\/www.acteurs-du-nord-isere.fr\/story\/wp-content\/uploads\/sites\/3\/2023\/10\/A2-et-plus-Entreprendre-logo-140x140.webp 140w, https:\/\/www.acteurs-du-nord-isere.fr\/story\/wp-content\/uploads\/sites\/3\/2023\/10\/A2-et-plus-Entreprendre-logo-350x350.webp 350w\" sizes=\"auto, (max-width: 500px) 100vw, 500px\" \/><\/figure><div class=\"wp-block-media-text__content\">\n<h2 class=\"wp-block-heading\">Le statut d\u2019entrepreneur salari\u00e9 en CAE : une alternative gagnante<\/h2>\n\n\n\n<p><strong>100 % Entrepreneur, 100 % Salari\u00e9<\/strong> : voil\u00e0 la promesse faite aux artisans qui rejoignent A Deux et Plus Entreprendre. Ce statut hybride permet aux professionnels de <strong>tester, d\u00e9velopper et p\u00e9renniser leur activit\u00e9<\/strong> tout en b\u00e9n\u00e9ficiant d\u2019une gestion administrative, sociale, comptable et fiscale prise en charge par la coop\u00e9rative. Vous restez ma\u00eetre de votre activit\u00e9, tout en b\u00e9n\u00e9ficiant des avantages d\u2019un salari\u00e9.<\/p>\n\n\n\n<p><\/p>\n<\/div><\/div>\n\n\n\n<h3 class=\"wp-block-heading\">Les atouts du statut d\u2019entrepreneur salari\u00e9<\/h3>\n\n\n\n<ul class=\"wp-block-list\">\n<li><strong>Une s\u00e9curit\u00e9 renforc\u00e9e<\/strong> : gr\u00e2ce au statut salari\u00e9, vous b\u00e9n\u00e9ficiez d\u2019une protection sociale compl\u00e8te (maladie, retraite, ch\u00f4mage) tout en conservant votre ind\u00e9pendance d\u2019entrepreneur.<\/li>\n\n\n\n<li><strong>Un accompagnement sur-mesure<\/strong> : la coop\u00e9rative vous guide \u00e0 chaque \u00e9tape du d\u00e9veloppement de votre activit\u00e9. Vous n\u2019\u00eates jamais seul pour affronter les d\u00e9fis administratifs et financiers.<\/li>\n\n\n\n<li><strong>Une gestion simplifi\u00e9e<\/strong> : fini les t\u00e2ches comptables complexes et chronophages. A Deux et Plus Entreprendre s\u2019occupe de tout, vous permettant de vous concentrer sur l\u2019essentiel : votre m\u00e9tier.<\/li>\n<\/ul>\n\n\n\n<h2 class=\"wp-block-heading\">Des garanties et protections renforc\u00e9es pour les artisans du b\u00e2timent<\/h2>\n\n\n\n<p>L\u2019un des freins majeurs pour les artisans du b\u00e2timent en micro-entreprise r\u00e9side dans l\u2019acc\u00e8s \u00e0 des assurances professionnelles, comme l\u2019<strong>assurance d\u00e9cennale<\/strong>. Souvent difficile \u00e0 obtenir en tant qu\u2019ind\u00e9pendant, elle est non seulement indispensable mais aussi co\u00fbteuse.<\/p>\n\n\n\n<p>Avec A Deux et Plus Entreprendre, les artisans du b\u00e2timent b\u00e9n\u00e9ficient d\u2019une <strong>mutualisation des assurances d\u00e9cennales<\/strong>, \u00e0 un co\u00fbt d\u00e9fiant toute concurrence, facilitant ainsi l\u2019acc\u00e8s \u00e0 cette couverture essentielle pour travailler en toute s\u00e9curit\u00e9.<\/p>\n\n\n\n<div class=\"wp-block-media-text is-stacked-on-mobile\" style=\"grid-template-columns:34% auto\"><figure class=\"wp-block-media-text__media\"><img loading=\"lazy\" decoding=\"async\" width=\"1024\" height=\"327\" src=\"https:\/\/www.acteurs-du-nord-isere.fr\/story\/wp-content\/uploads\/sites\/3\/2024\/09\/logo-oppbtp-1-1024x327.jpg\" alt=\"l\u2019Organisme Professionnel de Pr\u00e9vention du B\u00e2timent et des Travaux Publics\" class=\"wp-image-7459 size-full\" srcset=\"https:\/\/www.acteurs-du-nord-isere.fr\/story\/wp-content\/uploads\/sites\/3\/2024\/09\/logo-oppbtp-1-1024x327.jpg 1024w, https:\/\/www.acteurs-du-nord-isere.fr\/story\/wp-content\/uploads\/sites\/3\/2024\/09\/logo-oppbtp-1-300x96.jpg 300w, https:\/\/www.acteurs-du-nord-isere.fr\/story\/wp-content\/uploads\/sites\/3\/2024\/09\/logo-oppbtp-1-768x245.jpg 768w, https:\/\/www.acteurs-du-nord-isere.fr\/story\/wp-content\/uploads\/sites\/3\/2024\/09\/logo-oppbtp-1.jpg 1248w\" sizes=\"auto, (max-width: 1024px) 100vw, 1024px\" \/><\/figure><div class=\"wp-block-media-text__content\">\n<h3 class=\"wp-block-heading\">Adh\u00e9sion \u00e0 OPPBTP : un engagement fort pour la s\u00e9curit\u00e9 sur les chantiers<\/h3>\n\n\n\n<p>En plus des assurances, la coop\u00e9rative est adh\u00e9rente \u00e0 <strong>OPPBTP<\/strong>, l\u2019Organisme Professionnel de Pr\u00e9vention du B\u00e2timent et des Travaux Publics. Cet engagement permet de mener des actions concr\u00e8tes en mati\u00e8re de <strong>s\u00e9curit\u00e9 et de sant\u00e9 sur les chantiers<\/strong>. Ainsi, A Deux et Plus Entreprendre s\u2019assure que chaque entrepreneur travaille dans un environnement s\u00e9curis\u00e9, en conformit\u00e9 avec les exigences du secteur.<br><a href=\"https:\/\/www.oppbtp.com\/\" target=\"_blank\" rel=\"noopener\" title=\"\">Voir le site OPPBTP<\/a><\/p>\n\n\n\n<p><\/p>\n<\/div><\/div>\n\n\n\n<h2 class=\"wp-block-heading\">Un cadre adapt\u00e9 \u00e0 la croissance et \u00e0 la s\u00e9curit\u00e9<\/h2>\n\n\n\n<p>A ce jour, <strong>11 entrepreneurs du b\u00e2timent<\/strong> sont d\u00e9j\u00e0 accompagn\u00e9s par A Deux et Plus Entreprendre. Qu\u2019il s\u2019agisse d\u2019\u00e9lectriciens, de plombiers, de menuisiers ou de ma\u00eetres d\u2019\u0153uvre, tous b\u00e9n\u00e9ficient d\u2019un soutien structur\u00e9 qui leur permet de se d\u00e9velopper sereinement.<\/p>\n\n\n\n<figure class=\"wp-block-image size-large\"><img loading=\"lazy\" decoding=\"async\" width=\"1024\" height=\"559\" src=\"https:\/\/www.acteurs-du-nord-isere.fr\/story\/wp-content\/uploads\/sites\/3\/2024\/09\/micro-entrepreneur-et-cae-1024x559.jpg\" alt=\" A Deux et Plus Entreprendre B\u00e2timent\" class=\"wp-image-7464\" srcset=\"https:\/\/www.acteurs-du-nord-isere.fr\/story\/wp-content\/uploads\/sites\/3\/2024\/09\/micro-entrepreneur-et-cae-1024x559.jpg 1024w, https:\/\/www.acteurs-du-nord-isere.fr\/story\/wp-content\/uploads\/sites\/3\/2024\/09\/micro-entrepreneur-et-cae-300x164.jpg 300w, https:\/\/www.acteurs-du-nord-isere.fr\/story\/wp-content\/uploads\/sites\/3\/2024\/09\/micro-entrepreneur-et-cae-768x419.jpg 768w, https:\/\/www.acteurs-du-nord-isere.fr\/story\/wp-content\/uploads\/sites\/3\/2024\/09\/micro-entrepreneur-et-cae-1536x838.jpg 1536w, https:\/\/www.acteurs-du-nord-isere.fr\/story\/wp-content\/uploads\/sites\/3\/2024\/09\/micro-entrepreneur-et-cae.jpg 1980w\" sizes=\"auto, (max-width: 1024px) 100vw, 1024px\" \/><\/figure>\n\n\n\n<p>Gr\u00e2ce \u00e0 la coop\u00e9rative, ces professionnels peuvent se consacrer pleinement \u00e0 leur m\u00e9tier sans se soucier des contraintes administratives ou l\u00e9gales. En cas de besoin, l\u2019\u00e9quipe de la coop\u00e9rative est l\u00e0 pour les guider et les conseiller.<\/p>\n\n\n\n<h2 class=\"wp-block-heading\">Rejoignez A Deux et Plus Entreprendre pour une activit\u00e9 s\u00e9curis\u00e9e et p\u00e9renne dans le b\u00e2timent<\/h2>\n\n\n\n<figure class=\"wp-block-image size-large\"><img loading=\"lazy\" decoding=\"async\" width=\"1024\" height=\"626\" src=\"https:\/\/www.acteurs-du-nord-isere.fr\/story\/wp-content\/uploads\/sites\/3\/2023\/10\/A2-et-plus-Entreprendre-cover-1024x626.webp\" alt=\"\" class=\"wp-image-6865\" srcset=\"https:\/\/www.acteurs-du-nord-isere.fr\/story\/wp-content\/uploads\/sites\/3\/2023\/10\/A2-et-plus-Entreprendre-cover-1024x626.webp 1024w, https:\/\/www.acteurs-du-nord-isere.fr\/story\/wp-content\/uploads\/sites\/3\/2023\/10\/A2-et-plus-Entreprendre-cover-300x183.webp 300w, https:\/\/www.acteurs-du-nord-isere.fr\/story\/wp-content\/uploads\/sites\/3\/2023\/10\/A2-et-plus-Entreprendre-cover-768x469.webp 768w, https:\/\/www.acteurs-du-nord-isere.fr\/story\/wp-content\/uploads\/sites\/3\/2023\/10\/A2-et-plus-Entreprendre-cover.webp 1080w\" sizes=\"auto, (max-width: 1024px) 100vw, 1024px\" \/><\/figure>\n\n\n\n<p>Si vous \u00eates un artisan du b\u00e2timent et que vous cherchez une solution pour d\u00e9velopper votre activit\u00e9 <strong>sans les contraintes de la micro-entreprise<\/strong>, il est temps de franchir le pas. Rejoignez A Deux et Plus Entreprendre et profitez d\u2019un cadre s\u00e9curis\u00e9, d\u2019une gestion simplifi\u00e9e et d\u2019une protection optimale pour vos projets.<\/p>\n\n\n\n<p><strong>Contactez-nous d\u00e8s aujourd\u2019hui<\/strong> pour en savoir plus sur le statut d\u2019entrepreneur salari\u00e9 et d\u00e9couvrez comment la coop\u00e9rative peut vous aider \u00e0 b\u00e2tir votre avenir professionnel sur des bases solides.<\/p>\n\n\n\n<div class=\"wp-block-media-text is-stacked-on-mobile\" style=\"grid-template-columns:46% auto\"><figure class=\"wp-block-media-text__media\"><img loading=\"lazy\" decoding=\"async\" width=\"595\" height=\"842\" src=\"https:\/\/www.acteurs-du-nord-isere.fr\/story\/wp-content\/uploads\/sites\/3\/2024\/09\/A4-info-coll.jpg\" alt=\"\u00c9vitez les pi\u00e8ges du statut de micro-entrepreneur dans le b\u00e2timent\" class=\"wp-image-7460 size-full\" srcset=\"https:\/\/www.acteurs-du-nord-isere.fr\/story\/wp-content\/uploads\/sites\/3\/2024\/09\/A4-info-coll.jpg 595w, https:\/\/www.acteurs-du-nord-isere.fr\/story\/wp-content\/uploads\/sites\/3\/2024\/09\/A4-info-coll-212x300.jpg 212w\" sizes=\"auto, (max-width: 595px) 100vw, 595px\" \/><\/figure><div class=\"wp-block-media-text__content\">\n<h2 class=\"wp-block-heading\">Participez aux r\u00e9unions d&rsquo;information collective pour d\u00e9couvrir le statut d&rsquo;entrepreneur salari\u00e9<\/h2>\n\n\n\n<p>Vous souhaitez en savoir plus sur le <strong>statut d&rsquo;entrepreneur salari\u00e9<\/strong> et les avantages offerts par <strong>A Deux et Plus Entreprendre<\/strong> ? La coop\u00e9rative organise r\u00e9guli\u00e8rement des <strong>r\u00e9unions d&rsquo;information collective<\/strong> (gratuites) pour pr\u00e9senter son fonctionnement et r\u00e9pondre \u00e0 toutes vos questions. C&rsquo;est l&rsquo;occasion id\u00e9ale pour d\u00e9couvrir comment tester, d\u00e9velopper et p\u00e9renniser votre activit\u00e9 tout en \u00e9tant accompagn\u00e9.<\/p>\n\n\n\n<p><\/p>\n\n\n\n<p><\/p>\n<\/div><\/div>\n\n\n\n<h3 class=\"wp-block-heading\">Voici les dates des prochaines r\u00e9unions d&rsquo;ici la fin de l&rsquo;ann\u00e9e 2024 :<\/h3>\n\n\n\n<div class=\"wp-block-columns is-layout-flex wp-container-core-columns-is-layout-9d6595d7 wp-block-columns-is-layout-flex\">\n<div class=\"wp-block-column is-layout-flow wp-block-column-is-layout-flow\">\n<p><strong>Octobre 2024<\/strong><\/p>\n\n\n\n<ul class=\"wp-block-list\">\n<li>Mardi 08 : 14h00 &#8211; 15h30<\/li>\n\n\n\n<li>Jeudi 24 : 09h30 &#8211; 11h00<\/li>\n<\/ul>\n<\/div>\n\n\n\n<div class=\"wp-block-column is-layout-flow wp-block-column-is-layout-flow\">\n<p><strong>Novembre 2024<\/strong><\/p>\n\n\n\n<ul class=\"wp-block-list\">\n<li>Mardi 12 : 14h00 &#8211; 15h30<\/li>\n\n\n\n<li>Jeudi 21 : 09h30 &#8211; 11h00<\/li>\n<\/ul>\n<\/div>\n\n\n\n<div class=\"wp-block-column is-layout-flow wp-block-column-is-layout-flow\">\n<p><strong>D\u00e9cembre 2024<\/strong><\/p>\n\n\n\n<ul class=\"wp-block-list\">\n<li>Mardi 03 : 14h00 &#8211; 15h30<\/li>\n\n\n\n<li>Jeudi 19 : 09h30 &#8211; 11h00<\/li>\n<\/ul>\n<\/div>\n<\/div>\n\n\n\n<p><strong>Inscrivez-vous d\u00e8s maintenant<\/strong> pour assister \u00e0 l&rsquo;une de ces s\u00e9ances et d\u00e9couvrir comment la SCOP A Deux et Plus Entreprendre peut vous accompagner dans votre parcours entrepreneurial.<\/p>\n\n\n\n<div class=\"wp-block-buttons is-content-justification-center is-layout-flex wp-container-core-buttons-is-layout-16018d1d wp-block-buttons-is-layout-flex\">\n<div class=\"wp-block-button\"><a class=\"wp-block-button__link wp-element-button\" href=\"https:\/\/www.adeuxetplus.com\/contact\/\">Contactez A Deux et Plus Entreprendre<\/a><\/div>\n<\/div>\n","protected":false},"excerpt":{"rendered":"<p>Trop d&rsquo;artisans du b\u00e2timent choisissent le statut de micro-entrepreneur (ou auto-entrepreneur) en pensant simplifier leurs d\u00e9marches. Cependant, ce choix peut rapidement r\u00e9v\u00e9ler ses limites :&#8230;<\/p>\n","protected":false},"author":1,"featured_media":7464,"comment_status":"closed","ping_status":"closed","sticky":false,"template":"","format":"standard","meta":{"_acf_changed":false,"footnotes":""},"categories":[5],"tags":[437,436,440,438,439],"categoriescommunes":[251],"class_list":{"0":"post-7457","1":"post","2":"type-post","3":"status-publish","4":"format-standard","5":"has-post-thumbnail","7":"category-monde-economique","8":"tag-batiment","9":"tag-cae","10":"tag-chantiers","11":"tag-micro-entrepreneur","12":"tag-securite","13":"categoriescommunes-bourgoin-jallieu"},"acf":[],"aioseo_notices":[],"_links":{"self":[{"href":"https:\/\/www.acteurs-du-nord-isere.fr\/story\/wp-json\/wp\/v2\/posts\/7457","targetHints":{"allow":["GET"]}}],"collection":[{"href":"https:\/\/www.acteurs-du-nord-isere.fr\/story\/wp-json\/wp\/v2\/posts"}],"about":[{"href":"https:\/\/www.acteurs-du-nord-isere.fr\/story\/wp-json\/wp\/v2\/types\/post"}],"author":[{"embeddable":true,"href":"https:\/\/www.acteurs-du-nord-isere.fr\/story\/wp-json\/wp\/v2\/users\/1"}],"replies":[{"embeddable":true,"href":"https:\/\/www.acteurs-du-nord-isere.fr\/story\/wp-json\/wp\/v2\/comments?post=7457"}],"version-history":[{"count":6,"href":"https:\/\/www.acteurs-du-nord-isere.fr\/story\/wp-json\/wp\/v2\/posts\/7457\/revisions"}],"predecessor-version":[{"id":7468,"href":"https:\/\/www.acteurs-du-nord-isere.fr\/story\/wp-json\/wp\/v2\/posts\/7457\/revisions\/7468"}],"wp:featuredmedia":[{"embeddable":true,"href":"https:\/\/www.acteurs-du-nord-isere.fr\/story\/wp-json\/wp\/v2\/media\/7464"}],"wp:attachment":[{"href":"https:\/\/www.acteurs-du-nord-isere.fr\/story\/wp-json\/wp\/v2\/media?parent=7457"}],"wp:term":[{"taxonomy":"category","embeddable":true,"href":"https:\/\/www.acteurs-du-nord-isere.fr\/story\/wp-json\/wp\/v2\/categories?post=7457"},{"taxonomy":"post_tag","embeddable":true,"href":"https:\/\/www.acteurs-du-nord-isere.fr\/story\/wp-json\/wp\/v2\/tags?post=7457"},{"taxonomy":"categoriescommunes","embeddable":true,"href":"https:\/\/www.acteurs-du-nord-isere.fr\/story\/wp-json\/wp\/v2\/categoriescommunes?post=7457"}],"curies":[{"name":"wp","href":"https:\/\/api.w.org\/{rel}","templated":true}]}}