{"id":7472,"date":"2024-10-15T23:00:12","date_gmt":"2024-10-15T21:00:12","guid":{"rendered":"https:\/\/www.acteurs-du-nord-isere.fr\/story\/?p=7472"},"modified":"2024-10-16T00:08:35","modified_gmt":"2024-10-15T22:08:35","slug":"solucio-pulsat-expertise-proximite-electromenager-multimedia","status":"publish","type":"post","link":"https:\/\/www.acteurs-du-nord-isere.fr\/story\/solucio-pulsat-expertise-proximite-electromenager-multimedia\/","title":{"rendered":"Solucio Pulsat : L&rsquo;expertise et la proximit\u00e9 au service de vos besoins en \u00e9lectrom\u00e9nager &amp; multim\u00e9dia"},"content":{"rendered":"\n<p>Avec <strong>deux magasins implant\u00e9s \u00e0 Val-de-Virieu et aux Abrets-en-Dauphin\u00e9<\/strong>, Florian Blanquet, g\u00e9rant de <strong>Solucio<\/strong>, met \u00e0 profit ses <strong>24 ann\u00e9es d&rsquo;exp\u00e9rience<\/strong> pour offrir \u00e0 ses clients des services de qualit\u00e9 dans le domaine de l&rsquo;\u00e9lectrom\u00e9nager, du multim\u00e9dia, de la t\u00e9l\u00e9phonie et bien plus encore. Que vous ayez besoin d&rsquo;un appareil neuf, d&rsquo;un d\u00e9pannage ou de conseils avis\u00e9s, Solucio est l\u2019adresse de confiance pour tous vos besoins.<\/p>\n\n\n\n<h2 class=\"wp-block-heading\">Des services personnalis\u00e9s et un accompagnement sur mesure<\/h2>\n\n\n\n<div class=\"wp-block-media-text is-stacked-on-mobile\" style=\"grid-template-columns:40% auto\"><figure class=\"wp-block-media-text__media\"><img loading=\"lazy\" decoding=\"async\" width=\"500\" height=\"500\" src=\"https:\/\/www.acteurs-du-nord-isere.fr\/story\/wp-content\/uploads\/sites\/3\/2024\/10\/Logo-Solucio-manager.webp\" alt=\"Logo Solucio et Pulsat\" class=\"wp-image-7476 size-full\" srcset=\"https:\/\/www.acteurs-du-nord-isere.fr\/story\/wp-content\/uploads\/sites\/3\/2024\/10\/Logo-Solucio-manager.webp 500w, https:\/\/www.acteurs-du-nord-isere.fr\/story\/wp-content\/uploads\/sites\/3\/2024\/10\/Logo-Solucio-manager-300x300.webp 300w, https:\/\/www.acteurs-du-nord-isere.fr\/story\/wp-content\/uploads\/sites\/3\/2024\/10\/Logo-Solucio-manager-150x150.webp 150w, https:\/\/www.acteurs-du-nord-isere.fr\/story\/wp-content\/uploads\/sites\/3\/2024\/10\/Logo-Solucio-manager-100x100.webp 100w, https:\/\/www.acteurs-du-nord-isere.fr\/story\/wp-content\/uploads\/sites\/3\/2024\/10\/Logo-Solucio-manager-140x140.webp 140w, https:\/\/www.acteurs-du-nord-isere.fr\/story\/wp-content\/uploads\/sites\/3\/2024\/10\/Logo-Solucio-manager-350x350.webp 350w\" sizes=\"auto, (max-width: 500px) 100vw, 500px\" \/><\/figure><div class=\"wp-block-media-text__content\">\n<div class=\"wp-block-group is-nowrap is-layout-flex wp-container-core-group-is-layout-ad2f72ca wp-block-group-is-layout-flex\">\n<p>Avec Solucio, l\u2019accompagnement client est au c\u0153ur de chaque interaction. Florian et son \u00e9quipe s&rsquo;efforcent d&rsquo;apporter <strong>des conseils personnalis\u00e9s<\/strong>, adapt\u00e9s aux besoins et au budget de chacun. Contrairement aux grandes surfaces, o\u00f9 les services sont souvent limit\u00e9s, <strong>Solucio propose un v\u00e9ritable suivi client<\/strong>, de l\u2019achat \u00e0 l&rsquo;installation, en passant par le service apr\u00e8s-vente.<\/p>\n\n\n\n<p><\/p>\n<\/div>\n<\/div><\/div>\n\n\n\n<p><strong>\u00ab\u00a0Notre priorit\u00e9 est d\u2019assurer un service de qualit\u00e9, de la vente jusqu\u2019au d\u00e9pannage. Nous connaissons les produits que nous vendons et nous sommes capables de les r\u00e9parer et de trouver les pi\u00e8ces d\u00e9tach\u00e9es rapidement,\u00a0\u00bb<\/strong> explique Florian dans une <a href=\"#\">vid\u00e9o de pr\u00e9sentation<\/a> disponible ci-dessous.<\/p>\n\n\n\n<p>En plus de la vente d&rsquo;\u00e9lectrom\u00e9nager et de multim\u00e9dia, Solucio assure des services de d\u00e9pannage dans un rayon de 40 km autour de ses deux magasins. Que ce soit pour une <strong>installation d\u2019antenne, la mise en service de votre box internet<\/strong> ou encore le <strong>d\u00e9pannage de votre lave-linge ou t\u00e9l\u00e9vision<\/strong>, Solucio est votre partenaire de proximit\u00e9.<\/p>\n\n\n\n<iframe loading=\"lazy\" width=\"560\" height=\"315\" src=\"https:\/\/www.youtube.com\/embed\/RuR8trwhLSI?si=t-fE4MUFNBuD8wJ9\" title=\"YouTube video player\" frameborder=\"0\" allow=\"accelerometer; autoplay; clipboard-write; encrypted-media; gyroscope; picture-in-picture; web-share\" referrerpolicy=\"strict-origin-when-cross-origin\" allowfullscreen><\/iframe>\n\n\n\n<div style=\"height:40px\" aria-hidden=\"true\" class=\"wp-block-spacer\"><\/div>\n\n\n\n<h2 class=\"wp-block-heading\">Solucio : deux magasins en Nord-Is\u00e8re pour mieux vous servir<\/h2>\n\n\n\n<p>Implant\u00e9 dans deux lieux strat\u00e9giques, <strong>Val-de-Virieu<\/strong> et <strong>Les Abrets-en-Dauphin\u00e9<\/strong>, Solucio couvre un large territoire et r\u00e9pond aux besoins de nombreux foyers de la r\u00e9gion. Les clients peuvent visiter les magasins pour d\u00e9couvrir un large choix de produits, allant de l\u2019<strong>\u00e9lectrom\u00e9nager haut de gamme<\/strong> aux <strong>appareils multim\u00e9dia de grandes marques<\/strong>.<\/p>\n\n\n\n<ul class=\"wp-block-list\">\n<li><strong><a href=\"https:\/\/www.acteurs-du-nord-isere.fr\/entreprises\/solucio\/\" title=\"\">Magasin de Val-de-Virieu<\/a><\/strong> : 90 Place Henri Clavel, 38730 Val-de-Virieu<\/li>\n\n\n\n<li><strong><a href=\"https:\/\/www.acteurs-du-nord-isere.fr\/entreprises\/solucio-menager\/\" title=\"\">Magasin des Abrets-en-Dauphin\u00e9<\/a><\/strong> : 68 Rue Gambetta, 38490 Les Abrets-en-Dauphin\u00e9<\/li>\n<\/ul>\n\n\n\n<p><strong>Les horaires d&rsquo;ouverture<\/strong> sont les m\u00eames pour les deux points de vente : du mardi au samedi, de 9h \u00e0 12h et de 15h \u00e0 19h.<\/p>\n\n\n\n<figure class=\"wp-block-gallery has-nested-images columns-default is-cropped wp-block-gallery-1 is-layout-flex wp-block-gallery-is-layout-flex\">\n<figure class=\"wp-block-image size-large\"><a href=\"https:\/\/www.acteurs-du-nord-isere.fr\/story\/wp-content\/uploads\/sites\/3\/2024\/10\/cover-Solucio-manager-virieu.webp\"><img loading=\"lazy\" decoding=\"async\" width=\"1024\" height=\"626\" data-id=\"7473\" src=\"https:\/\/www.acteurs-du-nord-isere.fr\/story\/wp-content\/uploads\/sites\/3\/2024\/10\/cover-Solucio-manager-virieu-1024x626.webp\" alt=\"Magasin Solucio de Val-de-Virieu \" class=\"wp-image-7473\" srcset=\"https:\/\/www.acteurs-du-nord-isere.fr\/story\/wp-content\/uploads\/sites\/3\/2024\/10\/cover-Solucio-manager-virieu-1024x626.webp 1024w, https:\/\/www.acteurs-du-nord-isere.fr\/story\/wp-content\/uploads\/sites\/3\/2024\/10\/cover-Solucio-manager-virieu-300x183.webp 300w, https:\/\/www.acteurs-du-nord-isere.fr\/story\/wp-content\/uploads\/sites\/3\/2024\/10\/cover-Solucio-manager-virieu-768x469.webp 768w, https:\/\/www.acteurs-du-nord-isere.fr\/story\/wp-content\/uploads\/sites\/3\/2024\/10\/cover-Solucio-manager-virieu.webp 1080w\" sizes=\"auto, (max-width: 1024px) 100vw, 1024px\" \/><\/a><\/figure>\n\n\n\n<figure class=\"wp-block-image size-large\"><a href=\"https:\/\/www.acteurs-du-nord-isere.fr\/story\/wp-content\/uploads\/sites\/3\/2024\/10\/cover-Solucio-manager-les-abrets.webp\"><img loading=\"lazy\" decoding=\"async\" width=\"1024\" height=\"626\" data-id=\"7474\" src=\"https:\/\/www.acteurs-du-nord-isere.fr\/story\/wp-content\/uploads\/sites\/3\/2024\/10\/cover-Solucio-manager-les-abrets-1024x626.webp\" alt=\"Magasin Solucio des Abrets-en-Dauphin\u00e9\" class=\"wp-image-7474\" srcset=\"https:\/\/www.acteurs-du-nord-isere.fr\/story\/wp-content\/uploads\/sites\/3\/2024\/10\/cover-Solucio-manager-les-abrets-1024x626.webp 1024w, https:\/\/www.acteurs-du-nord-isere.fr\/story\/wp-content\/uploads\/sites\/3\/2024\/10\/cover-Solucio-manager-les-abrets-300x183.webp 300w, https:\/\/www.acteurs-du-nord-isere.fr\/story\/wp-content\/uploads\/sites\/3\/2024\/10\/cover-Solucio-manager-les-abrets-768x469.webp 768w, https:\/\/www.acteurs-du-nord-isere.fr\/story\/wp-content\/uploads\/sites\/3\/2024\/10\/cover-Solucio-manager-les-abrets.webp 1080w\" sizes=\"auto, (max-width: 1024px) 100vw, 1024px\" \/><\/a><\/figure>\n<\/figure>\n\n\n\n<h2 class=\"wp-block-heading\">Une expertise qui se distingue<\/h2>\n\n\n\n<p>Florian Blanquet a toujours eu une passion pour l\u2019\u00e9lectrom\u00e9nager. <strong>\u00ab\u00a0Quand j&rsquo;avais 14 ans, je r\u00eavais d\u00e9j\u00e0 de travailler dans ce domaine et d\u2019avoir mon propre magasin,\u00a0\u00bb<\/strong> raconte-t-il dans sa vid\u00e9o de pr\u00e9sentation. Aujourd&rsquo;hui, son r\u00eave est devenu r\u00e9alit\u00e9 et il met son expertise au service de ses clients.<\/p>\n\n\n\n<p>En plus de son savoir-faire en \u00e9lectrom\u00e9nager, Florian a su <strong>diversifier son offre<\/strong> en proposant un <strong>partenariat avec un cuisiniste<\/strong> au magasin des Abrets. Une <strong>exposition de cuisines<\/strong> y est d\u2019ailleurs disponible, permettant aux clients de trouver des solutions sur-mesure pour am\u00e9nager leur int\u00e9rieur.<\/p>\n\n\n\n<figure class=\"wp-block-image size-large\"><img loading=\"lazy\" decoding=\"async\" width=\"1024\" height=\"445\" src=\"https:\/\/www.acteurs-du-nord-isere.fr\/story\/wp-content\/uploads\/sites\/3\/2024\/10\/florian-blanquet-solucio-1024x445.jpg\" alt=\"Florian Blanquet - G\u00e9rant Solucio\" class=\"wp-image-7483\" srcset=\"https:\/\/www.acteurs-du-nord-isere.fr\/story\/wp-content\/uploads\/sites\/3\/2024\/10\/florian-blanquet-solucio-1024x445.jpg 1024w, https:\/\/www.acteurs-du-nord-isere.fr\/story\/wp-content\/uploads\/sites\/3\/2024\/10\/florian-blanquet-solucio-300x130.jpg 300w, https:\/\/www.acteurs-du-nord-isere.fr\/story\/wp-content\/uploads\/sites\/3\/2024\/10\/florian-blanquet-solucio-768x334.jpg 768w, https:\/\/www.acteurs-du-nord-isere.fr\/story\/wp-content\/uploads\/sites\/3\/2024\/10\/florian-blanquet-solucio-1536x667.jpg 1536w, https:\/\/www.acteurs-du-nord-isere.fr\/story\/wp-content\/uploads\/sites\/3\/2024\/10\/florian-blanquet-solucio.jpg 1932w\" sizes=\"auto, (max-width: 1024px) 100vw, 1024px\" \/><\/figure>\n\n\n\n<h2 class=\"wp-block-heading\">D\u00e9pannage et service de proximit\u00e9 : Solucio \u00e0 votre \u00e9coute<\/h2>\n\n\n\n<p>En plus de proposer une large gamme d&rsquo;appareils \u00e9lectrom\u00e9nagers et multim\u00e9dia, <strong>Solucio se distingue par son service de d\u00e9pannage<\/strong>. Florian Blanquet, intervient directement chez ses clients dans un rayon de <strong>40 km autour des magasins de<a href=\"https:\/\/www.acteurs-du-nord-isere.fr\/commune\/val-de-virieu\/\" title=\"\"> Val-de-Virieu<\/a> et des <a href=\"https:\/\/www.acteurs-du-nord-isere.fr\/commune\/les-abrets-en-dauphine\/\" title=\"\">Abrets-en-Dauphin\u00e9<\/a><\/strong>. Que vous ayez besoin d&rsquo;une r\u00e9paration urgente ou d&rsquo;une installation, Florian se d\u00e9place rapidement pour assurer la <strong>mise en service<\/strong> ou <strong>la r\u00e9paration<\/strong> de vos \u00e9quipements.<\/p>\n\n\n\n<p>Ce qui fait la diff\u00e9rence chez <strong>Solucio<\/strong>, c&rsquo;est la <strong>proximit\u00e9<\/strong> et la <strong>r\u00e9activit\u00e9<\/strong>. <strong>\u00ab\u00a0Nous connaissons parfaitement les produits que nous vendons et r\u00e9parons,\u00a0\u00bb<\/strong> explique Florian. Cette expertise permet non seulement d\u2019intervenir efficacement, mais aussi de garantir un suivi complet de vos \u00e9quipements avec <strong>des pi\u00e8ces d\u00e9tach\u00e9es disponibles<\/strong> pour les produits achet\u00e9s en magasin.<\/p>\n\n\n\n<p>En faisant appel \u00e0 Solucio, vous b\u00e9n\u00e9ficiez d&rsquo;un service personnalis\u00e9 et adapt\u00e9 \u00e0 vos besoins, que ce soit pour l&rsquo;<strong>\u00e9lectrom\u00e9nager<\/strong>, les <strong>\u00e9quipements multim\u00e9dia<\/strong>, ou les <strong>appareils de t\u00e9l\u00e9phonie<\/strong>. Avec Florian, vous avez la certitude de trouver un professionnel <strong>\u00e0 l\u2019\u00e9coute<\/strong> et toujours pr\u00eat \u00e0 apporter une solution rapide et efficace.<\/p>\n\n\n\n<h2 class=\"wp-block-heading\">Pr\u00e9parez vos cadeaux de No\u00ebl avec Solucio : le choix local et de confiance<\/h2>\n\n\n\n<p>\u00c0 l\u2019approche des f\u00eates de fin d\u2019ann\u00e9e, pourquoi ne pas opter pour des cadeaux \u00e0 la fois utiles et de qualit\u00e9 ? <strong>Solucio<\/strong> vous propose une large s\u00e9lection d\u2019<strong>id\u00e9es cadeaux<\/strong> : du petit \u00e9lectrom\u00e9nager, des \u00e9quipements high-tech (<em>TV led, Smartphone, etc<\/em>) ou des appareils multim\u00e9dia qui feront plaisir \u00e0 coup s\u00fbr. Que ce soit pour un proche passionn\u00e9 de nouvelles technologies ou pour \u00e9quiper la maison, vous trouverez chez <strong>Solucio<\/strong> des produits de grandes marques, tout en b\u00e9n\u00e9ficiant des <strong>conseils personnalis\u00e9s<\/strong> de professionnels.<\/p>\n\n\n\n<p>En choisissant de faire vos achats chez un <strong>commerce local<\/strong>, vous soutenez l\u2019\u00e9conomie de votre r\u00e9gion tout en profitant d\u2019un service sur-mesure. <strong>Offrez des cadeaux qui ont du sens<\/strong>, tout en privil\u00e9giant la proximit\u00e9 et la qualit\u00e9.<\/p>\n\n\n\n<p>D\u00e9couvrez le site de <a href=\"https:\/\/pulsat.fr\/\" target=\"_blank\" rel=\"noopener\" title=\"\">Solucio<\/a><\/p>\n\n\n\n<p><\/p>\n","protected":false},"excerpt":{"rendered":"<p>Avec deux magasins implant\u00e9s \u00e0 Val-de-Virieu et aux Abrets-en-Dauphin\u00e9, Florian Blanquet, g\u00e9rant de Solucio, met \u00e0 profit ses 24 ann\u00e9es d&rsquo;exp\u00e9rience pour offrir \u00e0 ses&#8230;<\/p>\n","protected":false},"author":1,"featured_media":7474,"comment_status":"closed","ping_status":"closed","sticky":false,"template":"","format":"standard","meta":{"_acf_changed":false,"footnotes":""},"categories":[5],"tags":[445,441,444,442,443],"categoriescommunes":[258,222],"class_list":{"0":"post-7472","1":"post","2":"type-post","3":"status-publish","4":"format-standard","5":"has-post-thumbnail","7":"category-monde-economique","8":"tag-depannage","9":"tag-electromenager","10":"tag-magasin","11":"tag-multimedia","12":"tag-solucio","13":"categoriescommunes-les-abrets-en-dauphine","14":"categoriescommunes-val-de-virieu"},"acf":[],"aioseo_notices":[],"_links":{"self":[{"href":"https:\/\/www.acteurs-du-nord-isere.fr\/story\/wp-json\/wp\/v2\/posts\/7472","targetHints":{"allow":["GET"]}}],"collection":[{"href":"https:\/\/www.acteurs-du-nord-isere.fr\/story\/wp-json\/wp\/v2\/posts"}],"about":[{"href":"https:\/\/www.acteurs-du-nord-isere.fr\/story\/wp-json\/wp\/v2\/types\/post"}],"author":[{"embeddable":true,"href":"https:\/\/www.acteurs-du-nord-isere.fr\/story\/wp-json\/wp\/v2\/users\/1"}],"replies":[{"embeddable":true,"href":"https:\/\/www.acteurs-du-nord-isere.fr\/story\/wp-json\/wp\/v2\/comments?post=7472"}],"version-history":[{"count":7,"href":"https:\/\/www.acteurs-du-nord-isere.fr\/story\/wp-json\/wp\/v2\/posts\/7472\/revisions"}],"predecessor-version":[{"id":7485,"href":"https:\/\/www.acteurs-du-nord-isere.fr\/story\/wp-json\/wp\/v2\/posts\/7472\/revisions\/7485"}],"wp:featuredmedia":[{"embeddable":true,"href":"https:\/\/www.acteurs-du-nord-isere.fr\/story\/wp-json\/wp\/v2\/media\/7474"}],"wp:attachment":[{"href":"https:\/\/www.acteurs-du-nord-isere.fr\/story\/wp-json\/wp\/v2\/media?parent=7472"}],"wp:term":[{"taxonomy":"category","embeddable":true,"href":"https:\/\/www.acteurs-du-nord-isere.fr\/story\/wp-json\/wp\/v2\/categories?post=7472"},{"taxonomy":"post_tag","embeddable":true,"href":"https:\/\/www.acteurs-du-nord-isere.fr\/story\/wp-json\/wp\/v2\/tags?post=7472"},{"taxonomy":"categoriescommunes","embeddable":true,"href":"https:\/\/www.acteurs-du-nord-isere.fr\/story\/wp-json\/wp\/v2\/categoriescommunes?post=7472"}],"curies":[{"name":"wp","href":"https:\/\/api.w.org\/{rel}","templated":true}]}}