{"id":7488,"date":"2024-11-12T13:56:17","date_gmt":"2024-11-12T12:56:17","guid":{"rendered":"https:\/\/www.acteurs-du-nord-isere.fr\/story\/?p=7488"},"modified":"2024-11-12T14:04:17","modified_gmt":"2024-11-12T13:04:17","slug":"retour-sur-la-premiere-edition-de-lautomnal-une-journee-conviviale-autour-des-halles-de-val-de-virieu","status":"publish","type":"post","link":"https:\/\/www.acteurs-du-nord-isere.fr\/story\/retour-sur-la-premiere-edition-de-lautomnal-une-journee-conviviale-autour-des-halles-de-val-de-virieu\/","title":{"rendered":"Retour sur la premi\u00e8re \u00e9dition de l\u2019Automnal : une journ\u00e9e conviviale autour des Halles de Val-de-Virieu"},"content":{"rendered":"\n<p><strong>Le dimanche 27 octobre 2024<\/strong> restera un moment chaleureux pour tous les visiteurs et exposants de l\u2019Automnal, premier march\u00e9 local organis\u00e9 sous les halles de Val-de-Virieu par <a href=\"https:\/\/www.acteurs-du-nord-isere.fr\/associations\/les-acteurs-de-la-vallee-de-val-de-virieu\/\" title=\"\">le Groupement \u00e9conomique A3V,<\/a> dont nous avons eu le plaisir d&rsquo;\u00eatre partenaire dans l&rsquo;organisation avec Acteurs du Nord-Is\u00e8re. <\/p>\n\n\n\n<p>Par une journ\u00e9e baign\u00e9e de soleil, cet \u00e9v\u00e9nement a r\u00e9uni un large public autour de producteurs, artisans et animations festives. Entre produits de qualit\u00e9, rencontres chaleureuses, et une ambiance anim\u00e9e par des musiciens talentueux, la journ\u00e9e fut une v\u00e9ritable r\u00e9ussite autour du terroir local et de l\u2019artisanat.<\/p>\n\n\n\n<h2 class=\"wp-block-heading\">D\u00e9couvrez la vid\u00e9o de l\u2019Automnal 2024 !<\/h2>\n\n\n\n<p>Pour prolonger l\u2019exp\u00e9rience et revivre cette belle journ\u00e9e, nous vous invitons \u00e0 d\u00e9couvrir la vid\u00e9o de l\u2019\u00e9v\u00e9nement. Elle capture l\u2019ambiance unique de cette premi\u00e8re \u00e9dition, entre convivialit\u00e9, gourmandise et rencontres. Prenez quelques instants pour vous plonger dans ces souvenirs et retrouver l\u2019essence de l\u2019Automnal. Merci \u00e0<a href=\"https:\/\/www.acteurs-du-nord-isere.fr\/entreprises\/artist-gentleman\/\" target=\"_blank\" rel=\"noopener\" title=\"\"> Corentin Delage<\/a> pour la r\u00e9alisation de cette vid\u00e9o. <\/p>\n\n\n\n<iframe loading=\"lazy\" width=\"560\" height=\"315\" src=\"https:\/\/www.youtube.com\/embed\/8NK4a0Ez_yo?si=r3ttUDz31dNVROE4\" title=\"YouTube video player\" frameborder=\"0\" allow=\"accelerometer; autoplay; clipboard-write; encrypted-media; gyroscope; picture-in-picture; web-share\" referrerpolicy=\"strict-origin-when-cross-origin\" allowfullscreen><\/iframe>\n\n\n\n<div style=\"height:100px\" aria-hidden=\"true\" class=\"wp-block-spacer\"><\/div>\n\n\n\n<h2 class=\"wp-block-heading\">L\u2019Automnal : Un march\u00e9 gourmand et diversifi\u00e9<\/h2>\n\n\n\n<p>D\u00e8s l\u2019ouverture, le public \u00e9t\u00e9 au rendez-vous pour d\u00e9couvrir les stands d\u2019une cinquantaine de producteurs et artisans, soigneusement s\u00e9lectionn\u00e9s pour cette premi\u00e8re \u00e9dition. Les visiteurs ont pu go\u00fbter \u00e0 une vari\u00e9t\u00e9 de produits de la r\u00e9gion : fromages et viandes affin\u00e9s, confitures, sirops, et bien s\u00fbr, une belle s\u00e9lection de vins locaux. La diversit\u00e9 et la qualit\u00e9 des produits \u00e9taient au rendez-vous, permettant \u00e0 chacun de repartir avec des saveurs typiques de la vall\u00e9e.<\/p>\n\n\n\n<h2 class=\"wp-block-heading\">Une pause gourmande sous les halles de Val-de-Virieu<\/h2>\n\n\n\n<div class=\"wp-block-media-text has-media-on-the-right is-stacked-on-mobile\"><div class=\"wp-block-media-text__content\">\n<p>Au c\u0153ur de l\u2019Automnal, un repas convivial a rassembl\u00e9 ceux qui avaient r\u00e9serv\u00e9 \u00e0 l\u2019avance avec plus de 160 repas servis \u00e0 table. Pr\u00e9par\u00e9 avec soin \u00e0 partir des produits fournis par nos exposants locaux, le menu a ravi les papilles des convives. Une s\u00e9lection de plats g\u00e9n\u00e9reux, typiques de la r\u00e9gion, a permis aux visiteurs de d\u00e9guster un repas aux saveurs authentiques, tout en soutenant directement l\u2019\u00e9conomie locale. Vous pouvez d\u00e9couvrir le menu et la liste des producteurs en image. <\/p>\n\n\n\n<p>Pour accompagner cette pause gourmande, <strong>un groupe de musique Spicy Men<\/strong> a enchant\u00e9 le public tout au long de la journ\u00e9e. Cette animation musicale a ajout\u00e9 une touche festive \u00e0 l\u2019\u00e9v\u00e9nement, renfor\u00e7ant l\u2019ambiance conviviale et d\u00e9tendue qui a r\u00e9gn\u00e9 sous les halles. Les sourires et les rires ont marqu\u00e9 chaque table, et les retours enthousiastes des convives nous encouragent d\u00e9j\u00e0 \u00e0 envisager une seconde \u00e9dition pour l\u2019an prochain.<\/p>\n<\/div><figure class=\"wp-block-media-text__media\"><img loading=\"lazy\" decoding=\"async\" width=\"724\" height=\"1024\" src=\"https:\/\/www.acteurs-du-nord-isere.fr\/story\/wp-content\/uploads\/sites\/3\/2024\/11\/Menu_Affiches_A3-724x1024.jpg\" alt=\"\" class=\"wp-image-7490 size-full\" srcset=\"https:\/\/www.acteurs-du-nord-isere.fr\/story\/wp-content\/uploads\/sites\/3\/2024\/11\/Menu_Affiches_A3-724x1024.jpg 724w, https:\/\/www.acteurs-du-nord-isere.fr\/story\/wp-content\/uploads\/sites\/3\/2024\/11\/Menu_Affiches_A3-212x300.jpg 212w, https:\/\/www.acteurs-du-nord-isere.fr\/story\/wp-content\/uploads\/sites\/3\/2024\/11\/Menu_Affiches_A3-768x1086.jpg 768w, https:\/\/www.acteurs-du-nord-isere.fr\/story\/wp-content\/uploads\/sites\/3\/2024\/11\/Menu_Affiches_A3.jpg 1080w\" sizes=\"auto, (max-width: 724px) 100vw, 724px\" \/><\/figure><\/div>\n\n\n\n<figure class=\"wp-block-image size-large\"><img loading=\"lazy\" decoding=\"async\" width=\"1024\" height=\"575\" src=\"https:\/\/www.acteurs-du-nord-isere.fr\/story\/wp-content\/uploads\/sites\/3\/2024\/11\/groupe-Spicy-Men-1024x575.jpg\" alt=\"Groupe de musique Sicy Men \u00e0 l'Automnal\" class=\"wp-image-7493\" srcset=\"https:\/\/www.acteurs-du-nord-isere.fr\/story\/wp-content\/uploads\/sites\/3\/2024\/11\/groupe-Spicy-Men-1024x575.jpg 1024w, https:\/\/www.acteurs-du-nord-isere.fr\/story\/wp-content\/uploads\/sites\/3\/2024\/11\/groupe-Spicy-Men-300x169.jpg 300w, https:\/\/www.acteurs-du-nord-isere.fr\/story\/wp-content\/uploads\/sites\/3\/2024\/11\/groupe-Spicy-Men-768x432.jpg 768w, https:\/\/www.acteurs-du-nord-isere.fr\/story\/wp-content\/uploads\/sites\/3\/2024\/11\/groupe-Spicy-Men-1536x863.jpg 1536w, https:\/\/www.acteurs-du-nord-isere.fr\/story\/wp-content\/uploads\/sites\/3\/2024\/11\/groupe-Spicy-Men.jpg 1922w\" sizes=\"auto, (max-width: 1024px) 100vw, 1024px\" \/><\/figure>\n\n\n\n<h2 class=\"wp-block-heading\">Un grand merci aux exposants, visiteurs et partenaires de l&rsquo;Automnal<\/h2>\n\n\n\n<p>Nous tenons \u00e0 remercier chaleureusement tous les exposants qui ont r\u00e9pondu pr\u00e9sents pour cette premi\u00e8re \u00e9dition. Leur passion et leur savoir-faire ont permis de faire de l\u2019Automnal un \u00e9v\u00e9nement de qualit\u00e9, et nous avons \u00e9t\u00e9 ravis de les accueillir et de partager ce moment avec eux. Leur accueil et leur sourire ont largement contribu\u00e9 \u00e0 la r\u00e9ussite de la journ\u00e9e.<\/p>\n\n\n\n<p>Merci \u00e9galement aux nombreux visiteurs, qui sont venus en famille, entre amis, pour partager cette journ\u00e9e et d\u00e9couvrir les richesses de notre terroir. Leur enthousiasme a \u00e9t\u00e9 un v\u00e9ritable moteur pour tous les organisateurs et participants de cette premi\u00e8re \u00e9dition.<\/p>\n\n\n\n<p>Enfin, cet \u00e9v\u00e9nement n\u2019aurait pas \u00e9t\u00e9 possible sans le soutien pr\u00e9cieux de nos partenaires, que nous remercions pour leur engagement et leur confiance. Gr\u00e2ce \u00e0 leur appui, nous avons pu proposer un \u00e9v\u00e9nement \u00e0 la hauteur de nos ambitions, qui c\u00e9l\u00e8bre notre territoire et valorise ceux qui y travaillent chaque jour.<\/p>\n\n\n\n<figure class=\"wp-block-gallery has-nested-images columns-4 wp-block-gallery-1 is-layout-flex wp-block-gallery-is-layout-flex\">\n<figure class=\"wp-block-image size-full\"><img loading=\"lazy\" decoding=\"async\" width=\"325\" height=\"150\" data-id=\"7442\" src=\"https:\/\/www.acteurs-du-nord-isere.fr\/story\/wp-content\/uploads\/sites\/3\/2024\/09\/logo-commune-val-de-virieu.png\" alt=\"\" class=\"wp-image-7442\" srcset=\"https:\/\/www.acteurs-du-nord-isere.fr\/story\/wp-content\/uploads\/sites\/3\/2024\/09\/logo-commune-val-de-virieu.png 325w, https:\/\/www.acteurs-du-nord-isere.fr\/story\/wp-content\/uploads\/sites\/3\/2024\/09\/logo-commune-val-de-virieu-300x138.png 300w\" sizes=\"auto, (max-width: 325px) 100vw, 325px\" \/><\/figure>\n\n\n\n<figure class=\"wp-block-image size-full\"><img loading=\"lazy\" decoding=\"async\" width=\"852\" height=\"285\" data-id=\"7446\" src=\"https:\/\/www.acteurs-du-nord-isere.fr\/story\/wp-content\/uploads\/sites\/3\/2024\/09\/Logotype-couleur-1.jpg\" alt=\"\" class=\"wp-image-7446\" srcset=\"https:\/\/www.acteurs-du-nord-isere.fr\/story\/wp-content\/uploads\/sites\/3\/2024\/09\/Logotype-couleur-1.jpg 852w, https:\/\/www.acteurs-du-nord-isere.fr\/story\/wp-content\/uploads\/sites\/3\/2024\/09\/Logotype-couleur-1-300x100.jpg 300w, https:\/\/www.acteurs-du-nord-isere.fr\/story\/wp-content\/uploads\/sites\/3\/2024\/09\/Logotype-couleur-1-768x257.jpg 768w\" sizes=\"auto, (max-width: 852px) 100vw, 852px\" \/><\/figure>\n\n\n\n<figure class=\"wp-block-image size-full\"><img loading=\"lazy\" decoding=\"async\" width=\"1920\" height=\"453\" data-id=\"7444\" src=\"https:\/\/www.acteurs-du-nord-isere.fr\/story\/wp-content\/uploads\/sites\/3\/2024\/09\/CL_VIRIEUSURBOURBE.jpg\" alt=\"\" class=\"wp-image-7444\" srcset=\"https:\/\/www.acteurs-du-nord-isere.fr\/story\/wp-content\/uploads\/sites\/3\/2024\/09\/CL_VIRIEUSURBOURBE.jpg 1920w, https:\/\/www.acteurs-du-nord-isere.fr\/story\/wp-content\/uploads\/sites\/3\/2024\/09\/CL_VIRIEUSURBOURBE-300x71.jpg 300w, https:\/\/www.acteurs-du-nord-isere.fr\/story\/wp-content\/uploads\/sites\/3\/2024\/09\/CL_VIRIEUSURBOURBE-1024x242.jpg 1024w, https:\/\/www.acteurs-du-nord-isere.fr\/story\/wp-content\/uploads\/sites\/3\/2024\/09\/CL_VIRIEUSURBOURBE-768x181.jpg 768w, https:\/\/www.acteurs-du-nord-isere.fr\/story\/wp-content\/uploads\/sites\/3\/2024\/09\/CL_VIRIEUSURBOURBE-1536x362.jpg 1536w\" sizes=\"auto, (max-width: 1920px) 100vw, 1920px\" \/><\/figure>\n\n\n\n<figure class=\"wp-block-image size-full\"><img loading=\"lazy\" decoding=\"async\" width=\"1024\" height=\"364\" data-id=\"7445\" src=\"https:\/\/www.acteurs-du-nord-isere.fr\/story\/wp-content\/uploads\/sites\/3\/2024\/09\/Logo_ADNI_2020-1-e1726050206661-1024x364-1.png\" alt=\"\" class=\"wp-image-7445\" srcset=\"https:\/\/www.acteurs-du-nord-isere.fr\/story\/wp-content\/uploads\/sites\/3\/2024\/09\/Logo_ADNI_2020-1-e1726050206661-1024x364-1.png 1024w, https:\/\/www.acteurs-du-nord-isere.fr\/story\/wp-content\/uploads\/sites\/3\/2024\/09\/Logo_ADNI_2020-1-e1726050206661-1024x364-1-300x107.png 300w, https:\/\/www.acteurs-du-nord-isere.fr\/story\/wp-content\/uploads\/sites\/3\/2024\/09\/Logo_ADNI_2020-1-e1726050206661-1024x364-1-768x273.png 768w\" sizes=\"auto, (max-width: 1024px) 100vw, 1024px\" \/><\/figure>\n<\/figure>\n\n\n\n<div style=\"height:100px\" aria-hidden=\"true\" class=\"wp-block-spacer\"><\/div>\n\n\n\n<figure class=\"wp-block-image size-large\"><img loading=\"lazy\" decoding=\"async\" width=\"1024\" height=\"576\" src=\"https:\/\/www.acteurs-du-nord-isere.fr\/story\/wp-content\/uploads\/sites\/3\/2024\/11\/Photo-equipe-A3V-1024x576.jpg\" alt=\"\" class=\"wp-image-7500\" srcset=\"https:\/\/www.acteurs-du-nord-isere.fr\/story\/wp-content\/uploads\/sites\/3\/2024\/11\/Photo-equipe-A3V-1024x576.jpg 1024w, https:\/\/www.acteurs-du-nord-isere.fr\/story\/wp-content\/uploads\/sites\/3\/2024\/11\/Photo-equipe-A3V-300x169.jpg 300w, https:\/\/www.acteurs-du-nord-isere.fr\/story\/wp-content\/uploads\/sites\/3\/2024\/11\/Photo-equipe-A3V-768x432.jpg 768w, https:\/\/www.acteurs-du-nord-isere.fr\/story\/wp-content\/uploads\/sites\/3\/2024\/11\/Photo-equipe-A3V.jpg 1365w\" sizes=\"auto, (max-width: 1024px) 100vw, 1024px\" \/><\/figure>\n\n\n\n<p>Un grand merci \u00e0 tous et \u00e0 l\u2019ann\u00e9e prochaine pour une seconde \u00e9dition, que nous esp\u00e9rons encore plus riche en d\u00e9couvertes et en rencontres !<\/p>\n","protected":false},"excerpt":{"rendered":"<p>Le dimanche 27 octobre 2024 restera un moment chaleureux pour tous les visiteurs et exposants de l\u2019Automnal, premier march\u00e9 local organis\u00e9 sous les halles de&#8230;<\/p>\n","protected":false},"author":1,"featured_media":7497,"comment_status":"closed","ping_status":"closed","sticky":false,"template":"","format":"standard","meta":{"_acf_changed":false,"footnotes":""},"categories":[7],"tags":[446,364,416,294,448,447],"categoriescommunes":[222],"class_list":{"0":"post-7488","1":"post","2":"type-post","3":"status-publish","4":"format-standard","5":"has-post-thumbnail","7":"category-evenements","8":"tag-a3v","9":"tag-automne","10":"tag-halles","11":"tag-marche-de-producteurs","12":"tag-repas","13":"tag-val-de-virieu","14":"categoriescommunes-val-de-virieu"},"acf":[],"aioseo_notices":[],"_links":{"self":[{"href":"https:\/\/www.acteurs-du-nord-isere.fr\/story\/wp-json\/wp\/v2\/posts\/7488","targetHints":{"allow":["GET"]}}],"collection":[{"href":"https:\/\/www.acteurs-du-nord-isere.fr\/story\/wp-json\/wp\/v2\/posts"}],"about":[{"href":"https:\/\/www.acteurs-du-nord-isere.fr\/story\/wp-json\/wp\/v2\/types\/post"}],"author":[{"embeddable":true,"href":"https:\/\/www.acteurs-du-nord-isere.fr\/story\/wp-json\/wp\/v2\/users\/1"}],"replies":[{"embeddable":true,"href":"https:\/\/www.acteurs-du-nord-isere.fr\/story\/wp-json\/wp\/v2\/comments?post=7488"}],"version-history":[{"count":7,"href":"https:\/\/www.acteurs-du-nord-isere.fr\/story\/wp-json\/wp\/v2\/posts\/7488\/revisions"}],"predecessor-version":[{"id":7502,"href":"https:\/\/www.acteurs-du-nord-isere.fr\/story\/wp-json\/wp\/v2\/posts\/7488\/revisions\/7502"}],"wp:featuredmedia":[{"embeddable":true,"href":"https:\/\/www.acteurs-du-nord-isere.fr\/story\/wp-json\/wp\/v2\/media\/7497"}],"wp:attachment":[{"href":"https:\/\/www.acteurs-du-nord-isere.fr\/story\/wp-json\/wp\/v2\/media?parent=7488"}],"wp:term":[{"taxonomy":"category","embeddable":true,"href":"https:\/\/www.acteurs-du-nord-isere.fr\/story\/wp-json\/wp\/v2\/categories?post=7488"},{"taxonomy":"post_tag","embeddable":true,"href":"https:\/\/www.acteurs-du-nord-isere.fr\/story\/wp-json\/wp\/v2\/tags?post=7488"},{"taxonomy":"categoriescommunes","embeddable":true,"href":"https:\/\/www.acteurs-du-nord-isere.fr\/story\/wp-json\/wp\/v2\/categoriescommunes?post=7488"}],"curies":[{"name":"wp","href":"https:\/\/api.w.org\/{rel}","templated":true}]}}