{"id":7509,"date":"2025-04-14T14:30:50","date_gmt":"2025-04-14T12:30:50","guid":{"rendered":"https:\/\/www.acteurs-du-nord-isere.fr\/story\/?p=7509"},"modified":"2025-04-14T15:14:46","modified_gmt":"2025-04-14T13:14:46","slug":"ekipage-collectif-experts-service-batiment","status":"publish","type":"post","link":"https:\/\/www.acteurs-du-nord-isere.fr\/story\/ekipage-collectif-experts-service-batiment\/","title":{"rendered":"L\u2019\u00e9Kipage : un collectif d\u2019experts au service du b\u00e2timent en Nord-Is\u00e8re"},"content":{"rendered":"\n<p>Dans le paysage du b\u00e2timent, les projets deviennent de plus en plus complexes, encadr\u00e9s par des r\u00e9glementations multiples et n\u00e9cessitant des expertises sp\u00e9cifiques. C\u2019est dans ce contexte qu\u2019est n\u00e9 <strong>l\u2019\u00e9Kipage<\/strong>, un collectif structur\u00e9 de professionnels sp\u00e9cialis\u00e9s dans l\u2019expertise technique du b\u00e2timent, <strong>implant\u00e9 en Nord-Is\u00e8re<\/strong> et en Auvergne-Rh\u00f4ne-Alpes.<\/p>\n\n\n\n<p>Fruit d\u2019une dynamique collaborative, <strong><a href=\"https:\/\/www.acteurs-du-nord-isere.fr\/entreprises\/ekipage\/\" title=\"\">l\u2019\u00e9Kipage le r\u00e9seau<\/a><\/strong> propose une offre de services compl\u00e8te, coh\u00e9rente et adapt\u00e9e aux enjeux contemporains : s\u00e9curit\u00e9, performance \u00e9nerg\u00e9tique, accessibilit\u00e9, r\u00e9glementation, sant\u00e9, coordination\u2026 autant de domaines couverts par des professionnels aguerris.<\/p>\n\n\n\n<figure class=\"wp-block-image size-large is-resized\"><img loading=\"lazy\" decoding=\"async\" width=\"1024\" height=\"171\" src=\"https:\/\/www.acteurs-du-nord-isere.fr\/story\/wp-content\/uploads\/sites\/3\/2025\/04\/bandeau-ekipage-1024x171.jpg\" alt=\"\u00e9Kipage le r\u00e9seau\" class=\"wp-image-7515\" style=\"width:840px;height:auto\" srcset=\"https:\/\/www.acteurs-du-nord-isere.fr\/story\/wp-content\/uploads\/sites\/3\/2025\/04\/bandeau-ekipage-1024x171.jpg 1024w, https:\/\/www.acteurs-du-nord-isere.fr\/story\/wp-content\/uploads\/sites\/3\/2025\/04\/bandeau-ekipage-300x50.jpg 300w, https:\/\/www.acteurs-du-nord-isere.fr\/story\/wp-content\/uploads\/sites\/3\/2025\/04\/bandeau-ekipage-768x128.jpg 768w, https:\/\/www.acteurs-du-nord-isere.fr\/story\/wp-content\/uploads\/sites\/3\/2025\/04\/bandeau-ekipage-1536x257.jpg 1536w, https:\/\/www.acteurs-du-nord-isere.fr\/story\/wp-content\/uploads\/sites\/3\/2025\/04\/bandeau-ekipage.jpg 1760w\" sizes=\"auto, (max-width: 1024px) 100vw, 1024px\" \/><\/figure>\n\n\n\n<h2 class=\"wp-block-heading\">Un collectif d&rsquo;experts unis par une m\u00eame vision<\/h2>\n\n\n\n<p>L\u2019\u00e9Kipage, c\u2019est avant tout une d\u00e9marche humaine et collective. Il regroupe des <strong>professionnels ind\u00e9pendants<\/strong>, chacun expert dans son domaine, qui partagent des valeurs communes : <strong>rigueur, transparence, compl\u00e9mentarit\u00e9 et ancrage territorial<\/strong>.<\/p>\n\n\n\n<h3 class=\"wp-block-heading\">Des membres compl\u00e9mentaires aux expertises reconnues<\/h3>\n\n\n\n<p>Le collectif l\u2019\u00e9Kipage s\u2019appuie sur des professionnels aguerris, engag\u00e9s dans leur territoire et reconnus pour la qualit\u00e9 de leur travail. Parmi les membres fondateurs, on retrouve quatre structures aux savoir-faire compl\u00e9mentaires :<\/p>\n\n\n\n<div class=\"wp-block-columns is-layout-flex wp-container-core-columns-is-layout-9d6595d7 wp-block-columns-is-layout-flex\">\n<div class=\"wp-block-column is-layout-flow wp-block-column-is-layout-flow\">\n<figure class=\"wp-block-image size-full\"><img loading=\"lazy\" decoding=\"async\" width=\"331\" height=\"163\" src=\"https:\/\/www.acteurs-du-nord-isere.fr\/story\/wp-content\/uploads\/sites\/3\/2025\/04\/vincent-mehu.jpg\" alt=\"\" class=\"wp-image-7518\" srcset=\"https:\/\/www.acteurs-du-nord-isere.fr\/story\/wp-content\/uploads\/sites\/3\/2025\/04\/vincent-mehu.jpg 331w, https:\/\/www.acteurs-du-nord-isere.fr\/story\/wp-content\/uploads\/sites\/3\/2025\/04\/vincent-mehu-300x148.jpg 300w\" sizes=\"auto, (max-width: 331px) 100vw, 331px\" \/><\/figure>\n\n\n\n<p><strong><a href=\"https:\/\/www.cabinet-mehu.fr\/\" target=\"_blank\" rel=\"noopener\" title=\"\">Cabinet MEHU<\/a><\/strong> \u2013 fond\u00e9 par <strong>Vincent M\u00e9hu<\/strong>, ce bureau d\u2019\u00e9tude met son regard global et strat\u00e9gique au service des b\u00e2timents, avec une sp\u00e9cialit\u00e9 dans l\u2019audit, l\u2019analyse technique et la mise en conformit\u00e9. \u00ab <em>L\u2019ADN de vos b\u00e2timents<\/em> \u00bb n\u2019est pas un simple slogan, mais bien une d\u00e9marche ancr\u00e9e dans chaque projet. <\/p>\n<\/div>\n\n\n\n<div class=\"wp-block-column is-layout-flow wp-block-column-is-layout-flow\">\n<figure class=\"wp-block-image size-full\"><img loading=\"lazy\" decoding=\"async\" width=\"331\" height=\"163\" src=\"https:\/\/www.acteurs-du-nord-isere.fr\/story\/wp-content\/uploads\/sites\/3\/2025\/04\/Philippe-Ferraz.jpg\" alt=\"\" class=\"wp-image-7517\" srcset=\"https:\/\/www.acteurs-du-nord-isere.fr\/story\/wp-content\/uploads\/sites\/3\/2025\/04\/Philippe-Ferraz.jpg 331w, https:\/\/www.acteurs-du-nord-isere.fr\/story\/wp-content\/uploads\/sites\/3\/2025\/04\/Philippe-Ferraz-300x148.jpg 300w\" sizes=\"auto, (max-width: 331px) 100vw, 331px\" \/><\/figure>\n\n\n\n<p><strong><a href=\"https:\/\/www.certifenerg.com\/\" target=\"_blank\" rel=\"noopener\" title=\"\">Certif Energ<\/a><\/strong> \u2013 sous l\u2019expertise de <strong>Philippe Ferraz<\/strong>, ce cabinet propose un accompagnement pr\u00e9cis et p\u00e9dagogique sur l\u2019ensemble des diagnostics, en mettant l\u2019accent sur la lisibilit\u00e9 des rapports et le conseil technique.<\/p>\n<\/div>\n<\/div>\n\n\n\n<div style=\"height:50px\" aria-hidden=\"true\" class=\"wp-block-spacer\"><\/div>\n\n\n\n<div class=\"wp-block-columns is-layout-flex wp-container-core-columns-is-layout-9d6595d7 wp-block-columns-is-layout-flex\">\n<div class=\"wp-block-column is-layout-flow wp-block-column-is-layout-flow\">\n<figure class=\"wp-block-image size-full\"><img loading=\"lazy\" decoding=\"async\" width=\"331\" height=\"163\" src=\"https:\/\/www.acteurs-du-nord-isere.fr\/story\/wp-content\/uploads\/sites\/3\/2025\/04\/Florian-Tardieu.jpg\" alt=\"\" class=\"wp-image-7516\" srcset=\"https:\/\/www.acteurs-du-nord-isere.fr\/story\/wp-content\/uploads\/sites\/3\/2025\/04\/Florian-Tardieu.jpg 331w, https:\/\/www.acteurs-du-nord-isere.fr\/story\/wp-content\/uploads\/sites\/3\/2025\/04\/Florian-Tardieu-300x148.jpg 300w\" sizes=\"auto, (max-width: 331px) 100vw, 331px\" \/><\/figure>\n\n\n\n<p><strong><a href=\"https:\/\/www.acteurs-du-nord-isere.fr\/entreprises\/pulse-action\/\" title=\"\">Pulse Action<\/a><\/strong> \u2013 men\u00e9 par <strong>Florian Tardieu<\/strong>, ce cabinet propose \u00e0 la fois de la ma\u00eetrise d\u2019\u0153uvre et des diagnostics structure. Sa double casquette technique permet un accompagnement renforc\u00e9 sur les projets de r\u00e9novation ou de mise aux normes, avec une vraie capacit\u00e9 \u00e0 piloter et coordonner les interventions.<\/p>\n<\/div>\n\n\n\n<div class=\"wp-block-column is-layout-flow wp-block-column-is-layout-flow\">\n<figure class=\"wp-block-image size-full\"><img loading=\"lazy\" decoding=\"async\" width=\"331\" height=\"163\" src=\"https:\/\/www.acteurs-du-nord-isere.fr\/story\/wp-content\/uploads\/sites\/3\/2025\/04\/Michel-Fernandes.jpg\" alt=\"\" class=\"wp-image-7519\" srcset=\"https:\/\/www.acteurs-du-nord-isere.fr\/story\/wp-content\/uploads\/sites\/3\/2025\/04\/Michel-Fernandes.jpg 331w, https:\/\/www.acteurs-du-nord-isere.fr\/story\/wp-content\/uploads\/sites\/3\/2025\/04\/Michel-Fernandes-300x148.jpg 300w\" sizes=\"auto, (max-width: 331px) 100vw, 331px\" \/><\/figure>\n\n\n\n<p><strong><a href=\"https:\/\/www.acteurs-du-nord-isere.fr\/entreprises\/diagnostic-ouest-lyonnais-d-o-l\/\" title=\"\">Diagnostic Ouest Lyonnais (D.O.L.)<\/a><\/strong> \u2013 dirig\u00e9 par <strong>Michel Fernandes<\/strong>, ce cabinet intervient en diagnostics immobiliers r\u00e9glementaires avec une solide exp\u00e9rience et une rigueur appr\u00e9ci\u00e9e aussi bien par les particuliers que les professionnels.<\/p>\n<\/div>\n<\/div>\n\n\n\n<div style=\"height:50px\" aria-hidden=\"true\" class=\"wp-block-spacer\"><\/div>\n\n\n\n<p><strong>Les membres de l\u2019\u00e9Kipage sont d\u00e9j\u00e0 bien identifi\u00e9s sur la plateforme Acteurs du Nord-Is\u00e8re<\/strong> gr\u00e2ce \u00e0 leurs fiches d\u00e9taill\u00e9es. Cette visibilit\u00e9 permet de faciliter les connexions locales et de valoriser leur expertise dans la r\u00e9gion.<\/p>\n\n\n\n<h2 class=\"wp-block-heading\">Des services techniques de haute qualit\u00e9<\/h2>\n\n\n\n<p>Le r\u00e9seau couvre un <strong>large \u00e9ventail de services<\/strong>, structur\u00e9s autour des besoins concrets des acteurs du b\u00e2timent. Voici un aper\u00e7u des domaines dans lesquels l\u2019\u00e9Kipage intervient :<\/p>\n\n\n\n<ul class=\"wp-block-list\">\n<li><strong><a href=\"https:\/\/www.acteurs-du-nord-isere.fr\/services\/diagnostic-immobilier\/\" title=\"\">Diagnostics immobiliers<\/a> r\u00e9glementaires<\/strong> : <a href=\"https:\/\/reseau-ekipage.fr\/nos-expertises\/dpe\/\" target=\"_blank\" rel=\"noopener\" title=\"\">DPE<\/a>, amiante, <a href=\"https:\/\/reseau-ekipage.fr\/nos-expertises\/plomb\/\">plomb<\/a>, gaz, \u00e9lectricit\u00e9, termites, loi Carrez, ENSA, ERP, etc.<\/li>\n\n\n\n<li><strong>Expertises techniques<\/strong> : diagnostic structure, m\u00e9rule, assainissement, thermographie, accessibilit\u00e9 handicap\u00e9s, etc.<\/li>\n\n\n\n<li><strong>\u00c9tudes et audits<\/strong> : audit \u00e9nerg\u00e9tique, <a href=\"https:\/\/reseau-ekipage.fr\/nos-expertises\/dtg-diagnostic-technique-global\/\">DTG <\/a>(Diagnostic Technique Global), DTA (Dossier Technique Amiante), PPPT (Plan Pluriannuel de Travaux), etc.<\/li>\n\n\n\n<li><strong>Coordination de chantier et suivi<\/strong> : OPC (Ordonnancement, Pilotage et Coordination), expertise t\u00e9l\u00e9travail, etc.<\/li>\n<\/ul>\n\n\n\n<figure class=\"wp-block-image size-large\"><img loading=\"lazy\" decoding=\"async\" width=\"1024\" height=\"387\" src=\"https:\/\/www.acteurs-du-nord-isere.fr\/story\/wp-content\/uploads\/sites\/3\/2025\/04\/Projet-de-Plan-Pluriannuel-de-Travaux-equipe-1024x387.jpg\" alt=\"\" class=\"wp-image-7520\" srcset=\"https:\/\/www.acteurs-du-nord-isere.fr\/story\/wp-content\/uploads\/sites\/3\/2025\/04\/Projet-de-Plan-Pluriannuel-de-Travaux-equipe-1024x387.jpg 1024w, https:\/\/www.acteurs-du-nord-isere.fr\/story\/wp-content\/uploads\/sites\/3\/2025\/04\/Projet-de-Plan-Pluriannuel-de-Travaux-equipe-300x113.jpg 300w, https:\/\/www.acteurs-du-nord-isere.fr\/story\/wp-content\/uploads\/sites\/3\/2025\/04\/Projet-de-Plan-Pluriannuel-de-Travaux-equipe-768x290.jpg 768w, https:\/\/www.acteurs-du-nord-isere.fr\/story\/wp-content\/uploads\/sites\/3\/2025\/04\/Projet-de-Plan-Pluriannuel-de-Travaux-equipe.jpg 1500w\" sizes=\"auto, (max-width: 1024px) 100vw, 1024px\" \/><\/figure>\n\n\n\n<p>Chacun de ces services est d\u00e9crit de mani\u00e8re compl\u00e8te sur leur <a href=\"https:\/\/reseau-ekipage.fr\/\" title=\"\">site internet de l&rsquo;\u00e9Kipage<\/a>, avec une explication claire de l\u2019objectif, du d\u00e9roulement et des b\u00e9n\u00e9fices. Ce travail de vulgarisation technique est l\u2019un des engagements forts du collectif : rendre l\u2019information accessible et utile, sans perdre en pr\u00e9cision.<\/p>\n\n\n\n<h2 class=\"wp-block-heading\">Une implantation locale, un engagement r\u00e9gional<\/h2>\n\n\n\n<p>Le r\u00e9seau l\u2019\u00e9Kipage est solidement implant\u00e9 en <strong>Nord-Is\u00e8re<\/strong>, avec un rayon d\u2019intervention \u00e9tendu \u00e0 toute la <strong>r\u00e9gion Auvergne-Rh\u00f4ne-Alpes<\/strong>. Ce choix g\u00e9ographique n\u2019est pas anodin : il permet d\u2019\u00eatre au plus pr\u00e8s du terrain, des partenaires, des besoins.<\/p>\n\n\n\n<p>Travailler avec l\u2019\u00e9Kipage, c\u2019est choisir la proximit\u00e9 et la r\u00e9activit\u00e9. Chaque membre du collectif est <strong>ancr\u00e9 localement<\/strong>, conna\u00eet les sp\u00e9cificit\u00e9s des territoires et s\u2019engage dans une relation durable avec ses clients et partenaires.<\/p>\n\n\n\n<hr class=\"wp-block-separator has-alpha-channel-opacity\"\/>\n\n\n\n<div class=\"wp-block-media-text is-stacked-on-mobile\" style=\"grid-template-columns:30% auto\"><figure class=\"wp-block-media-text__media\"><img loading=\"lazy\" decoding=\"async\" width=\"250\" height=\"210\" src=\"https:\/\/www.acteurs-du-nord-isere.fr\/story\/wp-content\/uploads\/sites\/3\/2025\/04\/check-bleu.jpg\" alt=\"\" class=\"wp-image-7510 size-full\"\/><\/figure><div class=\"wp-block-media-text__content\">\n<h2 class=\"wp-block-heading\">Pourquoi faire appel \u00e0 l\u2019\u00e9Kipage ?<\/h2>\n\n\n\n<p>Voici 5 bonnes raisons de confier vos projets \u00e0 l\u2019\u00e9Kipage :<\/p>\n\n\n\n<ul class=\"wp-block-list\">\n<li><strong>Une vision globale<\/strong> gr\u00e2ce \u00e0 des expertises crois\u00e9es<\/li>\n\n\n\n<li><strong>Un interlocuteur unique<\/strong> pour coordonner plusieurs missions techniques<\/li>\n\n\n\n<li><strong>Des professionnels qualifi\u00e9s et certifi\u00e9s<\/strong><\/li>\n\n\n\n<li><strong>Une r\u00e9ponse adapt\u00e9e \u00e0 chaque projet<\/strong> (logement, copropri\u00e9t\u00e9, entreprise, ERP\u2026)<\/li>\n\n\n\n<li><strong>Une intervention locale et r\u00e9active<\/strong> en Nord-Is\u00e8re et r\u00e9gion AURA<\/li>\n<\/ul>\n<\/div><\/div>\n\n\n\n<hr class=\"wp-block-separator has-alpha-channel-opacity\"\/>\n\n\n\n<h2 class=\"wp-block-heading\">Un lancement r\u00e9ussi, un avenir collectif<\/h2>\n\n\n\n<p>L\u2019\u00e9Kipage est aujourd\u2019hui en phase de <strong>lancement officiel<\/strong>. Le site est en ligne, les contenus sont disponibles, les premiers retours sont positifs et les perspectives nombreuses.<\/p>\n\n\n\n<p>Ce collectif novateur propose un mod\u00e8le qui conjugue <strong>ind\u00e9pendance professionnelle et coop\u00e9ration<\/strong>. Il s\u2019inscrit dans une tendance de fond o\u00f9 les entrepreneurs unissent leurs forces pour r\u00e9pondre \u00e0 des enjeux techniques de plus en plus complexes, sans pour autant renoncer \u00e0 leur autonomie.<\/p>\n\n\n\n<div class=\"wp-block-media-text is-stacked-on-mobile\" style=\"grid-template-columns:28% auto\"><figure class=\"wp-block-media-text__media\"><img loading=\"lazy\" decoding=\"async\" width=\"500\" height=\"500\" src=\"https:\/\/www.acteurs-du-nord-isere.fr\/story\/wp-content\/uploads\/sites\/3\/2025\/04\/logo-ekipage.jpg\" alt=\"\" class=\"wp-image-7511 size-full\" srcset=\"https:\/\/www.acteurs-du-nord-isere.fr\/story\/wp-content\/uploads\/sites\/3\/2025\/04\/logo-ekipage.jpg 500w, https:\/\/www.acteurs-du-nord-isere.fr\/story\/wp-content\/uploads\/sites\/3\/2025\/04\/logo-ekipage-300x300.jpg 300w, https:\/\/www.acteurs-du-nord-isere.fr\/story\/wp-content\/uploads\/sites\/3\/2025\/04\/logo-ekipage-150x150.jpg 150w, https:\/\/www.acteurs-du-nord-isere.fr\/story\/wp-content\/uploads\/sites\/3\/2025\/04\/logo-ekipage-100x100.jpg 100w, https:\/\/www.acteurs-du-nord-isere.fr\/story\/wp-content\/uploads\/sites\/3\/2025\/04\/logo-ekipage-140x140.jpg 140w, https:\/\/www.acteurs-du-nord-isere.fr\/story\/wp-content\/uploads\/sites\/3\/2025\/04\/logo-ekipage-350x350.jpg 350w\" sizes=\"auto, (max-width: 500px) 100vw, 500px\" \/><\/figure><div class=\"wp-block-media-text__content\">\n<h2 class=\"wp-block-heading\">Vous avez un projet b\u00e2timent ? Rejoignez le mouvement !<\/h2>\n\n\n\n<p>Que vous soyez un <strong>particulier, une entreprise, une collectivit\u00e9 ou un professionnel de l\u2019immobilier<\/strong>, l\u2019\u00e9Kipage peut vous accompagner sur l\u2019ensemble de vos besoins en mati\u00e8re de diagnostic et d\u2019expertise b\u00e2timent.<\/p>\n<\/div><\/div>\n\n\n\n<div class=\"wp-block-columns is-layout-flex wp-container-core-columns-is-layout-9d6595d7 wp-block-columns-is-layout-flex\">\n<div class=\"wp-block-column is-layout-flow wp-block-column-is-layout-flow\">\n<p><strong>Besoin d\u2019un service technique fiable et local ?<\/strong> Consultez leur site pour d\u00e9couvrir tous leurs services ou retrouvez les membres directement via leurs fiches sur Acteurs du Nord-Is\u00e8re.<\/p>\n\n\n\n<p><a href=\"https:\/\/www.acteurs-du-nord-isere.fr\/entreprises\/ekipage\/\" title=\"\">Voir la fiche de l&rsquo;\u00e9kipage<\/a><\/p>\n<\/div>\n\n\n\n<div class=\"wp-block-column is-layout-flow wp-block-column-is-layout-flow\">\n<p><strong>Professionnel du b\u00e2timent ?<\/strong> Vous partagez les valeurs du collectif ? Vous \u00eates expert dans un domaine compl\u00e9mentaire ?<br>Rejoignez l\u2019\u00e9Kipage et prenez part \u00e0 une dynamique collective au service du territoire. Contactez-les directement via leur site ou<a href=\"https:\/\/www.linkedin.com\/company\/%C3%A9kipage\/\" target=\"_blank\" rel=\"noopener\" title=\"\"> leurs r\u00e9seaux Linkedin.<\/a><\/p>\n<\/div>\n<\/div>\n\n\n\n<div style=\"height:60px\" aria-hidden=\"true\" class=\"wp-block-spacer\"><\/div>\n\n\n\n<div class=\"wp-block-buttons is-content-justification-center is-layout-flex wp-container-core-buttons-is-layout-16018d1d wp-block-buttons-is-layout-flex\">\n<div class=\"wp-block-button\"><a class=\"wp-block-button__link has-text-align-center wp-element-button\" href=\"https:\/\/reseau-ekipage.fr\/\">Voir le site de l&rsquo;\u00e9Kipage<\/a><\/div>\n<\/div>\n\n\n\n<p><\/p>\n","protected":false},"excerpt":{"rendered":"<p>Dans le paysage du b\u00e2timent, les projets deviennent de plus en plus complexes, encadr\u00e9s par des r\u00e9glementations multiples et n\u00e9cessitant des expertises sp\u00e9cifiques. C\u2019est dans&#8230;<\/p>\n","protected":false},"author":1,"featured_media":7512,"comment_status":"closed","ping_status":"closed","sticky":false,"template":"","format":"standard","meta":{"_acf_changed":false,"footnotes":""},"categories":[5],"tags":[437,449,450],"categoriescommunes":[168],"class_list":{"0":"post-7509","1":"post","2":"type-post","3":"status-publish","4":"format-standard","5":"has-post-thumbnail","7":"category-monde-economique","8":"tag-batiment","9":"tag-collectif","10":"tag-professionnels","11":"categoriescommunes-villefontaine"},"acf":[],"aioseo_notices":[],"_links":{"self":[{"href":"https:\/\/www.acteurs-du-nord-isere.fr\/story\/wp-json\/wp\/v2\/posts\/7509","targetHints":{"allow":["GET"]}}],"collection":[{"href":"https:\/\/www.acteurs-du-nord-isere.fr\/story\/wp-json\/wp\/v2\/posts"}],"about":[{"href":"https:\/\/www.acteurs-du-nord-isere.fr\/story\/wp-json\/wp\/v2\/types\/post"}],"author":[{"embeddable":true,"href":"https:\/\/www.acteurs-du-nord-isere.fr\/story\/wp-json\/wp\/v2\/users\/1"}],"replies":[{"embeddable":true,"href":"https:\/\/www.acteurs-du-nord-isere.fr\/story\/wp-json\/wp\/v2\/comments?post=7509"}],"version-history":[{"count":7,"href":"https:\/\/www.acteurs-du-nord-isere.fr\/story\/wp-json\/wp\/v2\/posts\/7509\/revisions"}],"predecessor-version":[{"id":7528,"href":"https:\/\/www.acteurs-du-nord-isere.fr\/story\/wp-json\/wp\/v2\/posts\/7509\/revisions\/7528"}],"wp:featuredmedia":[{"embeddable":true,"href":"https:\/\/www.acteurs-du-nord-isere.fr\/story\/wp-json\/wp\/v2\/media\/7512"}],"wp:attachment":[{"href":"https:\/\/www.acteurs-du-nord-isere.fr\/story\/wp-json\/wp\/v2\/media?parent=7509"}],"wp:term":[{"taxonomy":"category","embeddable":true,"href":"https:\/\/www.acteurs-du-nord-isere.fr\/story\/wp-json\/wp\/v2\/categories?post=7509"},{"taxonomy":"post_tag","embeddable":true,"href":"https:\/\/www.acteurs-du-nord-isere.fr\/story\/wp-json\/wp\/v2\/tags?post=7509"},{"taxonomy":"categoriescommunes","embeddable":true,"href":"https:\/\/www.acteurs-du-nord-isere.fr\/story\/wp-json\/wp\/v2\/categoriescommunes?post=7509"}],"curies":[{"name":"wp","href":"https:\/\/api.w.org\/{rel}","templated":true}]}}