{"id":7530,"date":"2025-05-27T17:49:20","date_gmt":"2025-05-27T15:49:20","guid":{"rendered":"https:\/\/www.acteurs-du-nord-isere.fr\/story\/?p=7530"},"modified":"2025-05-27T17:51:57","modified_gmt":"2025-05-27T15:51:57","slug":"week-end-au-vert-les-mains-vertes-du-dauphine","status":"publish","type":"post","link":"https:\/\/www.acteurs-du-nord-isere.fr\/story\/week-end-au-vert-les-mains-vertes-du-dauphine\/","title":{"rendered":"Un week-end au vert avec Les Mains Vertes du Dauphin\u00e9"},"content":{"rendered":"\n<p>Apr\u00e8s le succ\u00e8s du <a href=\"https:\/\/www.acteurs-du-nord-isere.fr\/story\/les-mains-vertes-du-dauphine-vide-jardin-nord-isere\/\" title=\"\">Vide-jardin<\/a> organis\u00e9 l\u2019an pass\u00e9, l\u2019association <em><strong>Les Mains Vertes du Dauphin\u00e9<\/strong><\/em> revient avec un nouvel \u00e9v\u00e9nement \u00e0 ne pas manquer : <strong>\u00ab\u00a0Rendez-vous aux Jardins\u00a0\u00bb<\/strong> !<\/p>\n\n\n\n<p><strong>Rendez-vous aux Jardins : l\u2019art, la nature et la solidarit\u00e9 au Jardin des Couleurs<\/strong><\/p>\n\n\n\n<p>Dans le cadre bucolique de Corbelin, l\u2019association locale <em>Les Mains Vertes du Dauphin\u00e9<\/em> donne rendez-vous \u00e0 tous les amoureux de la nature et du jardinage pour un \u00e9v\u00e9nement riche en d\u00e9couvertes : <strong>\u00ab Rendez-vous aux Jardins \u00bb<\/strong>. Durant trois jours, le <strong>Jardin des Couleurs<\/strong> ouvrira ses portes au public pour une \u00e9dition 2025 plac\u00e9e sous le signe du partage, de la cr\u00e9ativit\u00e9 et de la g\u00e9n\u00e9rosit\u00e9.<\/p>\n\n\n\n<h3 class=\"wp-block-heading\">Une parenth\u00e8se florale et conviviale \u00e0 Corbelin<\/h3>\n\n\n\n<div class=\"wp-block-columns is-layout-flex wp-container-core-columns-is-layout-9d6595d7 wp-block-columns-is-layout-flex\">\n<div class=\"wp-block-column is-layout-flow wp-block-column-is-layout-flow\">\n<figure class=\"wp-block-image size-large\"><img loading=\"lazy\" decoding=\"async\" width=\"601\" height=\"1024\" src=\"https:\/\/www.acteurs-du-nord-isere.fr\/story\/wp-content\/uploads\/sites\/3\/2025\/05\/AFFICHE_RENDEZ_VOUS_AUX_JARDINS_2025-601x1024.jpg\" alt=\"Les Mains Vertes du Dauphin\u00e9\" class=\"wp-image-7531\" srcset=\"https:\/\/www.acteurs-du-nord-isere.fr\/story\/wp-content\/uploads\/sites\/3\/2025\/05\/AFFICHE_RENDEZ_VOUS_AUX_JARDINS_2025-601x1024.jpg 601w, https:\/\/www.acteurs-du-nord-isere.fr\/story\/wp-content\/uploads\/sites\/3\/2025\/05\/AFFICHE_RENDEZ_VOUS_AUX_JARDINS_2025-176x300.jpg 176w, https:\/\/www.acteurs-du-nord-isere.fr\/story\/wp-content\/uploads\/sites\/3\/2025\/05\/AFFICHE_RENDEZ_VOUS_AUX_JARDINS_2025-768x1309.jpg 768w, https:\/\/www.acteurs-du-nord-isere.fr\/story\/wp-content\/uploads\/sites\/3\/2025\/05\/AFFICHE_RENDEZ_VOUS_AUX_JARDINS_2025-901x1536.jpg 901w, https:\/\/www.acteurs-du-nord-isere.fr\/story\/wp-content\/uploads\/sites\/3\/2025\/05\/AFFICHE_RENDEZ_VOUS_AUX_JARDINS_2025.jpg 1200w\" sizes=\"auto, (max-width: 601px) 100vw, 601px\" \/><\/figure>\n<\/div>\n\n\n\n<div class=\"wp-block-column is-layout-flow wp-block-column-is-layout-flow\">\n<p>Du <strong>6 au 8 juin 2025<\/strong>, l\u2019association investit le Jardin des Couleurs (311 route de Villeneuve, <a href=\"https:\/\/www.acteurs-du-nord-isere.fr\/commune\/corbelin\/\" title=\"\">Corbelin<\/a>) pour proposer un programme m\u00ealant <strong>visites, animations, musique et vente solidaire<\/strong>. Tout commencera le <strong>vendredi 6 juin<\/strong> avec une visite p\u00e9dagogique r\u00e9serv\u00e9e aux \u00e9l\u00e8ves de l\u2019\u00e9cole publique de Corbelin. L\u2019objectif : \u00e9veiller les plus jeunes \u00e0 la beaut\u00e9 et \u00e0 la richesse du monde v\u00e9g\u00e9tal.<\/p>\n\n\n\n<p>Le week-end suivant, <strong>samedi 7 et dimanche 8 juin<\/strong>, le jardin sera ouvert au public de <strong>10h \u00e0 18h<\/strong>. Les visiteurs pourront fl\u00e2ner librement dans cet espace fleuri et d\u00e9couvrir les nombreuses animations propos\u00e9es sur place. L\u2019association <em>Les Mains Vertes du Dauphin\u00e9<\/em> tiendra un stand de <strong>vente de plantes<\/strong> issues de leurs propres ateliers, ainsi qu\u2019une <strong>tombola<\/strong> dont les b\u00e9n\u00e9fices seront revers\u00e9s \u00e0 l\u2019association caritative <strong>\u00ab Pour le Bonheur \u00bb<\/strong>, \u0153uvrant aupr\u00e8s des enfants malades.<\/p>\n<\/div>\n<\/div>\n\n\n\n<h3 class=\"wp-block-heading\">Artisans, gourmandises et musique en plein air<\/h3>\n\n\n\n<p>Pour compl\u00e9ter cette parenth\u00e8se v\u00e9g\u00e9tale, des <strong>cr\u00e9ateurs locaux<\/strong> seront pr\u00e9sents pour exposer leurs \u0153uvres et partager leur passion. Les plus gourmands pourront quant \u00e0 eux se r\u00e9galer gr\u00e2ce \u00e0 la pr\u00e9sence d\u2019un <strong>four \u00e0 pizza<\/strong>, de quoi passer un moment aussi savoureux que chaleureux.<\/p>\n\n\n\n<p>Temps fort du week-end : un <strong>concert de piano en plein air<\/strong>, propos\u00e9 par <strong>J\u00e9r\u00f4me<\/strong>, aura lieu le <strong>dimanche \u00e0 14h<\/strong>. Une parenth\u00e8se musicale id\u00e9ale pour profiter du cadre naturel et paisible du jardin.<\/p>\n\n\n\n<div class=\"wp-block-media-text is-stacked-on-mobile\" style=\"grid-template-columns:36% auto\"><figure class=\"wp-block-media-text__media\"><img loading=\"lazy\" decoding=\"async\" width=\"1024\" height=\"981\" src=\"https:\/\/www.acteurs-du-nord-isere.fr\/story\/wp-content\/uploads\/sites\/3\/2024\/04\/612b30e1486e-logo_mains_vertes-1024x981.png\" alt=\"Association Les Mains Vertes du Dauphin\u00e9\" class=\"wp-image-7265 size-full\" srcset=\"https:\/\/www.acteurs-du-nord-isere.fr\/story\/wp-content\/uploads\/sites\/3\/2024\/04\/612b30e1486e-logo_mains_vertes-1024x981.png 1024w, https:\/\/www.acteurs-du-nord-isere.fr\/story\/wp-content\/uploads\/sites\/3\/2024\/04\/612b30e1486e-logo_mains_vertes-300x288.png 300w, https:\/\/www.acteurs-du-nord-isere.fr\/story\/wp-content\/uploads\/sites\/3\/2024\/04\/612b30e1486e-logo_mains_vertes-768x736.png 768w, https:\/\/www.acteurs-du-nord-isere.fr\/story\/wp-content\/uploads\/sites\/3\/2024\/04\/612b30e1486e-logo_mains_vertes.png 1200w\" sizes=\"auto, (max-width: 1024px) 100vw, 1024px\" \/><\/figure><div class=\"wp-block-media-text__content\">\n<h3 class=\"wp-block-heading\">Les Mains Vertes du Dauphin\u00e9 : cultiver, cr\u00e9er, transmettre<\/h3>\n\n\n\n<p>Depuis 2008, <em>Les Mains Vertes du Dauphin\u00e9<\/em> anime la vie locale en proposant des ateliers de jardinage, des \u00e9changes de plantes, des visites de jardins et des \u00e9v\u00e9nements conviviaux. Port\u00e9e par des b\u00e9n\u00e9voles passionn\u00e9s, l\u2019association agit pour valoriser la culture du jardin, les liens humains et la sensibilisation \u00e0 l\u2019environnement.<\/p>\n\n\n\n<p>D\u00e9couvrez leur groupe Facebook pour \u00e9changer avec eux :<\/p>\n\n\n\n<div class=\"wp-block-buttons is-layout-flex wp-block-buttons-is-layout-flex\">\n<div class=\"wp-block-button\"><a class=\"wp-block-button__link wp-element-button\" href=\"https:\/\/www.facebook.com\/groups\/376940109559?locale=fr_FR\" target=\"_blank\" rel=\"noreferrer noopener\">Voir le groupe Les Mains Vertes du Dauphin\u00e9<\/a><\/div>\n<\/div>\n<\/div><\/div>\n\n\n\n<hr class=\"wp-block-separator has-alpha-channel-opacity\"\/>\n\n\n\n<p>\ud83d\udc49 <strong>Informations pratiques<\/strong><br>\ud83d\udccd Jardin des Couleurs \u2013 311 route de Villeneuve, <a href=\"https:\/\/www.acteurs-du-nord-isere.fr\/commune\/corbelin\/\" title=\"\">Corbelin<\/a><br>\ud83d\udcc5 Du 6 au 8 juin 2025<br>\ud83d\udce7 Contact : <a>rene.peyre@laposte.net<\/a><br>\ud83c\udf9f\ufe0f Entr\u00e9e libre<\/p>\n\n\n\n<hr class=\"wp-block-separator has-alpha-channel-opacity\"\/>\n\n\n\n<p><\/p>\n\n\n<div class=\"headband-icon cyan visiteurs\">\r\n    <h4>Vous avez un \u00e9tablissement sur le territoire du Nord-Is\u00e8re ?<\/h4>\r\n    <p class=\"txt\">Rejoignez l&rsquo;aventure en inscrivant votre association, entreprise ou collectivit\u00e9 sur notre plateforme.<\/p>\r\n    <a class=\"more-btn white\" href=\"\/inscription\/\">Inscrire mon \u00e9tablissement<\/a>\r\n<\/div>\r\n\n\n\n<p><\/p>\n","protected":false},"excerpt":{"rendered":"<p>D\u00e9couvrez le Vide-Jardin organis\u00e9 par l&rsquo;association \u00ab\u00a0Les Mains Vertes du Dauphin\u00e9\u00a0\u00bb Des stands proposant une vari\u00e9t\u00e9 de plantes, de mat\u00e9riel de jardinage. Les Aveni\u00e8res Veyrins-Thuellin. <\/p>\n","protected":false},"author":1,"featured_media":7268,"comment_status":"closed","ping_status":"closed","sticky":false,"template":"","format":"standard","meta":{"_acf_changed":false,"footnotes":""},"categories":[7,8],"tags":[295,336,298],"categoriescommunes":[264],"class_list":{"0":"post-7530","1":"post","2":"type-post","3":"status-publish","4":"format-standard","5":"has-post-thumbnail","7":"category-evenements","8":"category-monde-associatif","9":"tag-jardin","10":"tag-plantes","11":"tag-vide-grenier","12":"categoriescommunes-les-avenieres-veyrins-thuellin"},"acf":[],"aioseo_notices":[],"_links":{"self":[{"href":"https:\/\/www.acteurs-du-nord-isere.fr\/story\/wp-json\/wp\/v2\/posts\/7530","targetHints":{"allow":["GET"]}}],"collection":[{"href":"https:\/\/www.acteurs-du-nord-isere.fr\/story\/wp-json\/wp\/v2\/posts"}],"about":[{"href":"https:\/\/www.acteurs-du-nord-isere.fr\/story\/wp-json\/wp\/v2\/types\/post"}],"author":[{"embeddable":true,"href":"https:\/\/www.acteurs-du-nord-isere.fr\/story\/wp-json\/wp\/v2\/users\/1"}],"replies":[{"embeddable":true,"href":"https:\/\/www.acteurs-du-nord-isere.fr\/story\/wp-json\/wp\/v2\/comments?post=7530"}],"version-history":[{"count":2,"href":"https:\/\/www.acteurs-du-nord-isere.fr\/story\/wp-json\/wp\/v2\/posts\/7530\/revisions"}],"predecessor-version":[{"id":7533,"href":"https:\/\/www.acteurs-du-nord-isere.fr\/story\/wp-json\/wp\/v2\/posts\/7530\/revisions\/7533"}],"wp:featuredmedia":[{"embeddable":true,"href":"https:\/\/www.acteurs-du-nord-isere.fr\/story\/wp-json\/wp\/v2\/media\/7268"}],"wp:attachment":[{"href":"https:\/\/www.acteurs-du-nord-isere.fr\/story\/wp-json\/wp\/v2\/media?parent=7530"}],"wp:term":[{"taxonomy":"category","embeddable":true,"href":"https:\/\/www.acteurs-du-nord-isere.fr\/story\/wp-json\/wp\/v2\/categories?post=7530"},{"taxonomy":"post_tag","embeddable":true,"href":"https:\/\/www.acteurs-du-nord-isere.fr\/story\/wp-json\/wp\/v2\/tags?post=7530"},{"taxonomy":"categoriescommunes","embeddable":true,"href":"https:\/\/www.acteurs-du-nord-isere.fr\/story\/wp-json\/wp\/v2\/categoriescommunes?post=7530"}],"curies":[{"name":"wp","href":"https:\/\/api.w.org\/{rel}","templated":true}]}}