{"id":7534,"date":"2025-05-27T22:06:53","date_gmt":"2025-05-27T20:06:53","guid":{"rendered":"https:\/\/www.acteurs-du-nord-isere.fr\/story\/?p=7534"},"modified":"2025-05-27T22:35:16","modified_gmt":"2025-05-27T20:35:16","slug":"adie-2025-creer-votre-entreprise-vals-du-dauphine","status":"publish","type":"post","link":"https:\/\/www.acteurs-du-nord-isere.fr\/story\/adie-2025-creer-votre-entreprise-vals-du-dauphine\/","title":{"rendered":"La Grande Tourn\u00e9e ADIE 2025 : 5 Jours pour cr\u00e9er votre entreprise dans les Vals du Dauphin\u00e9"},"content":{"rendered":"\n<p>Rencontrez les experts de l&rsquo;ADIE pr\u00e8s de chez vous du 2 au 6 juin 2025 pour concr\u00e9tiser votre projet entrepreneurial<\/p>\n\n\n\n<h2 class=\"wp-block-heading\">Un premier pas vers l&rsquo;entrepreneuriat dans le Nord-Is\u00e8re<\/h2>\n\n\n\n<div class=\"wp-block-columns is-layout-flex wp-container-core-columns-is-layout-9d6595d7 wp-block-columns-is-layout-flex\">\n<div class=\"wp-block-column is-layout-flow wp-block-column-is-layout-flow\" style=\"flex-basis:66.66%\">\n<p>L&rsquo;Association pour le Droit \u00e0 l&rsquo;Initiative \u00c9conomique (<strong>ADIE<\/strong>) organise sa\u00a0<strong>\u00ab Grande Tourn\u00e9e pour cr\u00e9er sa bo\u00eete \u00bb<\/strong>\u00a0du 2 au 6 juin 2025 dans les <a href=\"https:\/\/www.acteurs-du-nord-isere.fr\/epci\/cc-les-vals-du-dauphine\/\" title=\"\">Vals du Dauphin\u00e9<\/a>. Une opportunit\u00e9 unique pour tous les habitants du Nord-Is\u00e8re qui souhaitent se lancer dans l&rsquo;aventure entrepreneuriale ou d\u00e9velopper leur activit\u00e9 existante.<\/p>\n\n\n\n<p>Pendant cinq jours, les conseillers et b\u00e9n\u00e9voles de l&rsquo;ADIE viendront \u00e0 votre rencontre sur les march\u00e9s locaux le matin et animeront des ateliers th\u00e9matiques gratuits l&rsquo;apr\u00e8s-midi, pour vous accompagner dans vos projets d&rsquo;entreprise.<\/p>\n\n\n\n<p><em><strong>\u00ab Chaque entreprise d\u00e9bute par un premier pas. Rencontrez-nous pr\u00e8s de chez vous pour cr\u00e9er la v\u00f4tre ! \u00bb<\/strong><\/em><\/p>\n<\/div>\n\n\n\n<div class=\"wp-block-column is-layout-flow wp-block-column-is-layout-flow\" style=\"flex-basis:33.33%\">\n<h3 class=\"wp-block-heading\">En bref<\/h3>\n\n\n\n<ul class=\"wp-block-list\">\n<li>\u00c9v\u00e9nements\u00a0<strong>gratuits et ouverts \u00e0 tous<\/strong><\/li>\n\n\n\n<li>Du 2 au 6 juin 2025<\/li>\n\n\n\n<li>Dans 5 communes des Vals du Dauphin\u00e9<\/li>\n\n\n\n<li>Permanences sur les march\u00e9s (8h-13h)<\/li>\n\n\n\n<li>Ateliers th\u00e9matiques (14h)<\/li>\n\n\n\n<li>Inscriptions sur\u00a0<a href=\"https:\/\/www.adie.org\/\">adie.org<\/a><\/li>\n<\/ul>\n<\/div>\n<\/div>\n\n\n\n<hr class=\"wp-block-separator has-alpha-channel-opacity\"\/>\n\n\n\n<div class=\"wp-block-media-text is-stacked-on-mobile\" style=\"grid-template-columns:25% auto\"><figure class=\"wp-block-media-text__media\"><img loading=\"lazy\" decoding=\"async\" width=\"310\" height=\"149\" src=\"https:\/\/www.acteurs-du-nord-isere.fr\/story\/wp-content\/uploads\/sites\/3\/2025\/05\/Logo_Adie.png\" alt=\"Logo ADIE\" class=\"wp-image-7539 size-full\" srcset=\"https:\/\/www.acteurs-du-nord-isere.fr\/story\/wp-content\/uploads\/sites\/3\/2025\/05\/Logo_Adie.png 310w, https:\/\/www.acteurs-du-nord-isere.fr\/story\/wp-content\/uploads\/sites\/3\/2025\/05\/Logo_Adie-300x144.png 300w\" sizes=\"auto, (max-width: 310px) 100vw, 310px\" \/><\/figure><div class=\"wp-block-media-text__content\">\n<h2 class=\"wp-block-heading\">L&rsquo;ADIE : Un acteur majeur de l&rsquo;entrepreneuriat pour tous<\/h2>\n\n\n\n<p>L&rsquo;ADIE est une association nationale reconnue d&rsquo;utilit\u00e9 publique qui \u0153uvre depuis plus de 35 ans pour d\u00e9velopper l&rsquo;entrepreneuriat populaire. Sa mission : permettre \u00e0 des personnes qui n&rsquo;ont pas acc\u00e8s au syst\u00e8me bancaire traditionnel de cr\u00e9er leur entreprise et leur propre emploi gr\u00e2ce au microcr\u00e9dit.<\/p>\n<\/div><\/div>\n\n\n\n<hr class=\"wp-block-separator has-alpha-channel-opacity\"\/>\n\n\n\n<div class=\"wp-block-columns is-layout-flex wp-container-core-columns-is-layout-9d6595d7 wp-block-columns-is-layout-flex\">\n<div class=\"wp-block-column is-layout-flow wp-block-column-is-layout-flow\">\n<h3 class=\"wp-block-heading\">Le microcr\u00e9dit ADIE<\/h3>\n\n\n\n<ul class=\"wp-block-list\">\n<li>Financement jusqu&rsquo;\u00e0\u00a0<strong>15 000 \u20ac<\/strong><\/li>\n\n\n\n<li>Avance \u00e0 taux z\u00e9ro jusqu&rsquo;\u00e0\u00a0<strong>3 000 \u20ac<\/strong><\/li>\n\n\n\n<li>Diff\u00e9r\u00e9 de remboursement possible<\/li>\n\n\n\n<li>Accessible sans garantie bancaire classique<\/li>\n\n\n\n<li>Pour tous types d&rsquo;activit\u00e9s<\/li>\n<\/ul>\n<\/div>\n\n\n\n<div class=\"wp-block-column is-layout-flow wp-block-column-is-layout-flow\">\n<h3 class=\"wp-block-heading\">Un accompagnement complet<\/h3>\n\n\n\n<ul class=\"wp-block-list\">\n<li>Conseils personnalis\u00e9s<\/li>\n\n\n\n<li>Formation entrepreneuriale<\/li>\n\n\n\n<li>Suivi post-cr\u00e9ation<\/li>\n\n\n\n<li>Mise en r\u00e9seau<\/li>\n\n\n\n<li>Dispositifs sp\u00e9cifiques pour les jeunes entrepreneurs<\/li>\n<\/ul>\n<\/div>\n<\/div>\n\n\n\n<blockquote class=\"wp-block-quote is-layout-flow wp-block-quote-is-layout-flow\">\n<p>\u00ab\u00a0En tant que b\u00e9n\u00e9vole au sein de l&rsquo;association ADIE, nous souhaitons aller au plus pr\u00e8s des personnes en zone rurale et d\u00e9velopper l&rsquo;entrepreneuriat pour tous dans les Vals du Dauphin\u00e9.\u00a0\u00bb\u2014 <a href=\"https:\/\/www.linkedin.com\/in\/marinachene\/\" target=\"_blank\" rel=\"noopener\" title=\"\">Marina Ch\u00e9n\u00e9<\/a>, B\u00e9n\u00e9vole ADIE Bourgoin Jallieu<\/p>\n\n\n\n<hr class=\"wp-block-separator has-alpha-channel-opacity\"\/>\n<\/blockquote>\n\n\n\n<h2 class=\"wp-block-heading\">Programme d\u00e9taill\u00e9 : 5 jours pour avancer dans votre projet<\/h2>\n\n\n\n<div class=\"wp-block-columns is-layout-flex wp-container-core-columns-is-layout-9d6595d7 wp-block-columns-is-layout-flex\">\n<div class=\"wp-block-column is-layout-flow wp-block-column-is-layout-flow\">\n<figure class=\"wp-block-image size-large\"><img loading=\"lazy\" decoding=\"async\" width=\"724\" height=\"1024\" src=\"https:\/\/www.acteurs-du-nord-isere.fr\/story\/wp-content\/uploads\/sites\/3\/2025\/05\/Communication-ADIE-Juin-2025-724x1024.jpg\" alt=\"\" class=\"wp-image-7546\" srcset=\"https:\/\/www.acteurs-du-nord-isere.fr\/story\/wp-content\/uploads\/sites\/3\/2025\/05\/Communication-ADIE-Juin-2025-724x1024.jpg 724w, https:\/\/www.acteurs-du-nord-isere.fr\/story\/wp-content\/uploads\/sites\/3\/2025\/05\/Communication-ADIE-Juin-2025-212x300.jpg 212w, https:\/\/www.acteurs-du-nord-isere.fr\/story\/wp-content\/uploads\/sites\/3\/2025\/05\/Communication-ADIE-Juin-2025-768x1087.jpg 768w, https:\/\/www.acteurs-du-nord-isere.fr\/story\/wp-content\/uploads\/sites\/3\/2025\/05\/Communication-ADIE-Juin-2025.jpg 1075w\" sizes=\"auto, (max-width: 724px) 100vw, 724px\" \/><\/figure>\n<\/div>\n\n\n\n<div class=\"wp-block-column is-layout-flow wp-block-column-is-layout-flow\">\n<p><strong>Lundi 2 juin 2025 &#8211; Pont de Beauvoisin<\/strong><\/p>\n\n\n\n<ul class=\"wp-block-list\">\n<li><strong>8h \u00e0 13h<\/strong> : Permanence sur la Place du march\u00e9 \u00e0 Pont de Beauvoisin<\/li>\n\n\n\n<li><strong>14h<\/strong> : Atelier \u00ab <strong>Le Ba-Ba de la Micro-Entreprise<\/strong> \u00bb chez AGORA Guiers \u00e0 Pont de Beauvoisin<\/li>\n<\/ul>\n\n\n\n<p><strong>Mardi 3 juin 2025  &#8211; La Tour du Pin<\/strong><\/p>\n\n\n\n<ul class=\"wp-block-list\">\n<li><strong>8h \u00e0 13h<\/strong> : Permanence sur la Place du march\u00e9 de La Tour du Pin<\/li>\n\n\n\n<li><strong>14h<\/strong> : Atelier \u00ab <strong>Bien d\u00e9marrer son activit\u00e9<\/strong> \u00bb au CAP \u00e0 Saint Clair de la Tour<\/li>\n<\/ul>\n\n\n\n<p><strong>Mercredi 4 juin 2025 : Saint Andr\u00e9 de Gaz \/ La C\u00f4te Saint Andr\u00e9<\/strong><\/p>\n\n\n\n<ul class=\"wp-block-list\">\n<li><strong>8h \u00e0 13h<\/strong> : Permanence sur la Place du march\u00e9 \u00e0 Saint Andr\u00e9 de Gaz<\/li>\n\n\n\n<li><strong>14h<\/strong> : Atelier \u00ab <strong>Chiffrer son projet<\/strong> \u00bb chez France Travail \u00e0 La C\u00f4te Saint Andr\u00e9<\/li>\n<\/ul>\n\n\n\n<p><strong>Jeudi 5 juin 2025  &#8211; Abrets en Dauphin\u00e9<\/strong><\/p>\n\n\n\n<ul class=\"wp-block-list\">\n<li><strong>8h \u00e0 13h<\/strong> : Permanence sur la Place du march\u00e9 aux Abrets en Dauphin\u00e9<\/li>\n\n\n\n<li><strong>14h<\/strong> : Atelier \u00ab <strong>Caf\u00e9 t\u00e9moignage d&rsquo;entrepreneurs<\/strong> \u00bb \u00e0 la Boutique \u00ab\u00a0l&rsquo;Aur\u00e9e des Jeux\u00a0\u00bb aux Abrets<\/li>\n<\/ul>\n\n\n\n<p><strong>Vendredi 6 juin 2025 &#8211; Val de Virieu<\/strong><\/p>\n\n\n\n<ul class=\"wp-block-list\">\n<li><strong>8h \u00e0 13h<\/strong> : Permanence sur la Place du march\u00e9 au Val de Virieu<\/li>\n<\/ul>\n<\/div>\n<\/div>\n\n\n\n<hr class=\"wp-block-separator has-alpha-channel-opacity\"\/>\n\n\n\n<h2 class=\"wp-block-heading\">Pourquoi participer \u00e0 cette Grande Tourn\u00e9e ?<\/h2>\n\n\n\n<div class=\"wp-block-columns is-layout-flex wp-container-core-columns-is-layout-9d6595d7 wp-block-columns-is-layout-flex\">\n<div class=\"wp-block-column is-layout-flow wp-block-column-is-layout-flow\">\n<h3 class=\"wp-block-heading\">Financement accessible<\/h3>\n\n\n\n<p>D\u00e9couvrez comment obtenir un microcr\u00e9dit jusqu&rsquo;\u00e0 15 000\u20ac et des aides compl\u00e9mentaires m\u00eame sans apport personnel<\/p>\n<\/div>\n\n\n\n<div class=\"wp-block-column is-layout-flow wp-block-column-is-layout-flow\">\n<h3 class=\"wp-block-heading\">R\u00e9seau local<\/h3>\n\n\n\n<p><a href=\"https:\/\/reseau-adni.fr\/\" target=\"_blank\" rel=\"noopener\" title=\"\">Int\u00e9grez une communaut\u00e9 d&rsquo;entrepreneurs du Nord-Is\u00e8re <\/a>et d\u00e9veloppez votre r\u00e9seau professionnel<\/p>\n<\/div>\n\n\n\n<div class=\"wp-block-column is-layout-flow wp-block-column-is-layout-flow\">\n<h3 class=\"wp-block-heading\">Accompagnement expert<\/h3>\n\n\n\n<p>B\u00e9n\u00e9ficiez de conseils personnalis\u00e9s par des professionnels exp\u00e9riment\u00e9s qui vous guideront \u00e0 chaque \u00e9tape<\/p>\n<\/div>\n<\/div>\n\n\n\n<hr class=\"wp-block-separator has-alpha-channel-opacity\"\/>\n\n\n\n<div class=\"wp-block-columns is-layout-flex wp-container-core-columns-is-layout-9d6595d7 wp-block-columns-is-layout-flex\">\n<div class=\"wp-block-column is-layout-flow wp-block-column-is-layout-flow\">\n<figure class=\"wp-block-image size-full\"><img loading=\"lazy\" decoding=\"async\" width=\"760\" height=\"507\" src=\"https:\/\/www.acteurs-du-nord-isere.fr\/story\/wp-content\/uploads\/sites\/3\/2025\/05\/adie-nord-isere.jpg\" alt=\"ADIE Nord-Is\u00e8re\" class=\"wp-image-7556\" srcset=\"https:\/\/www.acteurs-du-nord-isere.fr\/story\/wp-content\/uploads\/sites\/3\/2025\/05\/adie-nord-isere.jpg 760w, https:\/\/www.acteurs-du-nord-isere.fr\/story\/wp-content\/uploads\/sites\/3\/2025\/05\/adie-nord-isere-300x200.jpg 300w\" sizes=\"auto, (max-width: 760px) 100vw, 760px\" \/><\/figure>\n<\/div>\n\n\n\n<div class=\"wp-block-column is-layout-flow wp-block-column-is-layout-flow\">\n<h3 class=\"wp-block-heading\">Le saviez-vous ?<\/h3>\n\n\n\n<p>En 2024, l&rsquo;ADIE a financ\u00e9 plus de 30 000 entrepreneurs en France et permis la cr\u00e9ation de milliers d&#8217;emplois.&nbsp;<strong>85% des entreprises financ\u00e9es par l&rsquo;ADIE sont toujours actives apr\u00e8s 2 ans<\/strong>, un taux de p\u00e9rennit\u00e9 sup\u00e9rieur \u00e0 la moyenne nationale.<\/p>\n<\/div>\n<\/div>\n\n\n\n<hr class=\"wp-block-separator has-alpha-channel-opacity\"\/>\n\n\n\n<figure class=\"wp-block-image size-large\"><img loading=\"lazy\" decoding=\"async\" width=\"1024\" height=\"539\" src=\"https:\/\/www.acteurs-du-nord-isere.fr\/story\/wp-content\/uploads\/sites\/3\/2025\/05\/adie-1024x539.jpg\" alt=\"site ADIE\" class=\"wp-image-7538\" srcset=\"https:\/\/www.acteurs-du-nord-isere.fr\/story\/wp-content\/uploads\/sites\/3\/2025\/05\/adie-1024x539.jpg 1024w, https:\/\/www.acteurs-du-nord-isere.fr\/story\/wp-content\/uploads\/sites\/3\/2025\/05\/adie-300x158.jpg 300w, https:\/\/www.acteurs-du-nord-isere.fr\/story\/wp-content\/uploads\/sites\/3\/2025\/05\/adie-768x405.jpg 768w, https:\/\/www.acteurs-du-nord-isere.fr\/story\/wp-content\/uploads\/sites\/3\/2025\/05\/adie-1536x809.jpg 1536w, https:\/\/www.acteurs-du-nord-isere.fr\/story\/wp-content\/uploads\/sites\/3\/2025\/05\/adie.jpg 1862w\" sizes=\"auto, (max-width: 1024px) 100vw, 1024px\" \/><\/figure>\n\n\n\n<h2 class=\"wp-block-heading\">Informations pratiques<\/h2>\n\n\n\n<div class=\"wp-block-columns is-layout-flex wp-container-core-columns-is-layout-9d6595d7 wp-block-columns-is-layout-flex\">\n<div class=\"wp-block-column is-layout-flow wp-block-column-is-layout-flow\">\n<h3 class=\"wp-block-heading\">O\u00f9 nous trouver ?<\/h3>\n\n\n\n<p>La tourn\u00e9e se d\u00e9placera dans 5 communes des Vals du Dauphin\u00e9 :<\/p>\n\n\n\n<ul class=\"wp-block-list\">\n<li><a href=\"https:\/\/www.acteurs-du-nord-isere.fr\/commune\/le-pont-de-beauvoisin\/\">Pont de Beauvoisin<\/a> (lundi 2 juin)<\/li>\n\n\n\n<li><a href=\"https:\/\/www.acteurs-du-nord-isere.fr\/commune\/la-tour-du-pin\/\">La Tour du Pin<\/a> (mardi 3 juin)<\/li>\n\n\n\n<li><a href=\"https:\/\/www.acteurs-du-nord-isere.fr\/commune\/saint-andre-le-gaz\/\">Saint Andr\u00e9 de Gaz<\/a> &amp; <a href=\"https:\/\/www.acteurs-du-nord-isere.fr\/commune\/la-cote-saint-andre\/\">La C\u00f4te Saint Andr\u00e9 <\/a>(mercredi 4 juin)<\/li>\n\n\n\n<li><a href=\"https:\/\/www.acteurs-du-nord-isere.fr\/commune\/les-abrets-en-dauphine\/\">Les Abrets en Dauphin\u00e9<\/a> (jeudi 5 juin)<\/li>\n\n\n\n<li><a href=\"https:\/\/www.acteurs-du-nord-isere.fr\/commune\/val-de-virieu\/\">Val de Virieu<\/a> (vendredi 6 juin)<\/li>\n<\/ul>\n<\/div>\n\n\n\n<div class=\"wp-block-column is-layout-flow wp-block-column-is-layout-flow\">\n<h3 class=\"wp-block-heading\">Comment participer ?<\/h3>\n\n\n\n<ul class=\"wp-block-list\">\n<li><strong>\u00c9v\u00e9nements gratuits<\/strong>\u00a0et ouverts \u00e0 tous<\/li>\n\n\n\n<li>Inscription recommand\u00e9e pour les ateliers sur\u00a0<a href=\"https:\/\/www.adie.org\/\" target=\"_blank\" rel=\"noreferrer noopener\">adie.org<\/a><\/li>\n\n\n\n<li>Venez avec vos questions et votre projet, m\u00eame \u00e0 l&rsquo;\u00e9tat d&rsquo;id\u00e9e<\/li>\n\n\n\n<li>Aucun pr\u00e9requis n\u00e9cessaire<\/li>\n<\/ul>\n\n\n\n<h3 class=\"wp-block-heading\">Pour plus d&rsquo;informations :<\/h3>\n\n\n\n<p>Contactez l&rsquo;ADIE au&nbsp;<strong>06 09 58 18 93<\/strong><\/p>\n\n\n\n<div class=\"wp-block-buttons is-layout-flex wp-block-buttons-is-layout-flex\">\n<div class=\"wp-block-button\"><a class=\"wp-block-button__link wp-element-button\" href=\"https:\/\/www.adie.org\/\">S&rsquo;inscrire sur adie.org<\/a><\/div>\n<\/div>\n<\/div>\n<\/div>\n\n\n\n<hr class=\"wp-block-separator has-alpha-channel-opacity\"\/>\n\n\n\n<h2 class=\"wp-block-heading\">Pr\u00eat \u00e0 faire le premier pas vers votre projet d&rsquo;entreprise ?<\/h2>\n\n\n\n<p>Que vous ayez d\u00e9j\u00e0 un projet concret ou simplement une id\u00e9e, l&rsquo;ADIE est l\u00e0 pour vous aider \u00e0 transformer votre ambition en r\u00e9alit\u00e9. Ne manquez pas cette opportunit\u00e9 unique de rencontrer des experts pr\u00e8s de chez vous dans les Vals du Dauphin\u00e9.<\/p>\n","protected":false},"excerpt":{"rendered":"<p>Rencontrez les experts de l&rsquo;ADIE pr\u00e8s de chez vous du 2 au 6 juin 2025 pour concr\u00e9tiser votre projet entrepreneurial Un premier pas vers l&rsquo;entrepreneuriat&#8230;<\/p>\n","protected":false},"author":1,"featured_media":7538,"comment_status":"closed","ping_status":"closed","sticky":false,"template":"","format":"standard","meta":{"_acf_changed":false,"footnotes":""},"categories":[5],"tags":[452,451,453,454],"categoriescommunes":[],"class_list":{"0":"post-7534","1":"post","2":"type-post","3":"status-publish","4":"format-standard","5":"has-post-thumbnail","7":"category-monde-economique","8":"tag-adie","9":"tag-creation-entreprise","10":"tag-financement","11":"tag-vals-du-dauphine"},"acf":[],"aioseo_notices":[],"_links":{"self":[{"href":"https:\/\/www.acteurs-du-nord-isere.fr\/story\/wp-json\/wp\/v2\/posts\/7534","targetHints":{"allow":["GET"]}}],"collection":[{"href":"https:\/\/www.acteurs-du-nord-isere.fr\/story\/wp-json\/wp\/v2\/posts"}],"about":[{"href":"https:\/\/www.acteurs-du-nord-isere.fr\/story\/wp-json\/wp\/v2\/types\/post"}],"author":[{"embeddable":true,"href":"https:\/\/www.acteurs-du-nord-isere.fr\/story\/wp-json\/wp\/v2\/users\/1"}],"replies":[{"embeddable":true,"href":"https:\/\/www.acteurs-du-nord-isere.fr\/story\/wp-json\/wp\/v2\/comments?post=7534"}],"version-history":[{"count":15,"href":"https:\/\/www.acteurs-du-nord-isere.fr\/story\/wp-json\/wp\/v2\/posts\/7534\/revisions"}],"predecessor-version":[{"id":7561,"href":"https:\/\/www.acteurs-du-nord-isere.fr\/story\/wp-json\/wp\/v2\/posts\/7534\/revisions\/7561"}],"wp:featuredmedia":[{"embeddable":true,"href":"https:\/\/www.acteurs-du-nord-isere.fr\/story\/wp-json\/wp\/v2\/media\/7538"}],"wp:attachment":[{"href":"https:\/\/www.acteurs-du-nord-isere.fr\/story\/wp-json\/wp\/v2\/media?parent=7534"}],"wp:term":[{"taxonomy":"category","embeddable":true,"href":"https:\/\/www.acteurs-du-nord-isere.fr\/story\/wp-json\/wp\/v2\/categories?post=7534"},{"taxonomy":"post_tag","embeddable":true,"href":"https:\/\/www.acteurs-du-nord-isere.fr\/story\/wp-json\/wp\/v2\/tags?post=7534"},{"taxonomy":"categoriescommunes","embeddable":true,"href":"https:\/\/www.acteurs-du-nord-isere.fr\/story\/wp-json\/wp\/v2\/categoriescommunes?post=7534"}],"curies":[{"name":"wp","href":"https:\/\/api.w.org\/{rel}","templated":true}]}}