{"id":7581,"date":"2025-05-30T22:33:28","date_gmt":"2025-05-30T20:33:28","guid":{"rendered":"https:\/\/www.acteurs-du-nord-isere.fr\/story\/?p=7581"},"modified":"2025-05-30T22:34:39","modified_gmt":"2025-05-30T20:34:39","slug":"fete-du-village-doissin-samedi-14-juin","status":"publish","type":"post","link":"https:\/\/www.acteurs-du-nord-isere.fr\/story\/fete-du-village-doissin-samedi-14-juin\/","title":{"rendered":"F\u00eate du village \u00e0 Doissin le Samedi 14 juin &#8211; Jeux, soir\u00e9e dansante et feux d&rsquo;artifices"},"content":{"rendered":"\n<p>Comme chaque ann\u00e9e la commune de <a href=\"https:\/\/www.acteurs-du-nord-isere.fr\/commune\/doissin\/\" target=\"_blank\" rel=\"noopener\" title=\"\">Doissin <\/a>organise : <strong>la F\u00eate du village avec une soir\u00e9e bal et feu d&rsquo;artifices le samedi 14 juin<\/strong>. Cette journ\u00e9e aura un programme riche en divertissements pour tous, de quoi ravir petits et grands, le tout imagin\u00e9 par le comit\u00e9 des f\u00eates et les nombreux b\u00e9n\u00e9voles qui animeront ce bel \u00e9v\u00e8nement.<\/p>\n\n\n\n<h2 class=\"wp-block-heading\">Un programme riche en activit\u00e9s pour toute la famille le samedi 14 juin<\/h2>\n\n\n\n<div class=\"wp-block-media-text alignwide has-media-on-the-right is-stacked-on-mobile\"><div class=\"wp-block-media-text__content\">\n<h2 class=\"wp-block-heading\">Concours de p\u00e9tanque <\/h2>\n\n\n\n<p><strong>D\u00e8s 9h30<\/strong>, place au traditionnel tournoi de p\u00e9tanque !<br>Que vous soyez un joueur chevronn\u00e9 ou que vous veniez simplement pour profiter de l\u2019ambiance conviviale, <strong>venez lancer quelques boules<\/strong>, d\u00e9fier les autres participants et partager un bon moment autour du cochonnet.<\/p>\n<\/div><figure class=\"wp-block-media-text__media\"><img loading=\"lazy\" decoding=\"async\" width=\"960\" height=\"638\" src=\"https:\/\/www.acteurs-du-nord-isere.fr\/story\/wp-content\/uploads\/sites\/3\/2024\/05\/bowling-2680738_960_720.jpg\" alt=\"\" class=\"wp-image-7336 size-full\" srcset=\"https:\/\/www.acteurs-du-nord-isere.fr\/story\/wp-content\/uploads\/sites\/3\/2024\/05\/bowling-2680738_960_720.jpg 960w, https:\/\/www.acteurs-du-nord-isere.fr\/story\/wp-content\/uploads\/sites\/3\/2024\/05\/bowling-2680738_960_720-300x199.jpg 300w, https:\/\/www.acteurs-du-nord-isere.fr\/story\/wp-content\/uploads\/sites\/3\/2024\/05\/bowling-2680738_960_720-768x510.jpg 768w\" sizes=\"auto, (max-width: 960px) 100vw, 960px\" \/><\/figure><\/div>\n\n\n\n<div class=\"wp-block-media-text alignwide is-stacked-on-mobile\" style=\"grid-template-columns:42% auto\"><figure class=\"wp-block-media-text__media\"><img loading=\"lazy\" decoding=\"async\" width=\"640\" height=\"427\" src=\"https:\/\/www.acteurs-du-nord-isere.fr\/story\/wp-content\/uploads\/sites\/3\/2024\/05\/bicycle-2553927_640.jpg\" alt=\"\" class=\"wp-image-7337 size-full\" srcset=\"https:\/\/www.acteurs-du-nord-isere.fr\/story\/wp-content\/uploads\/sites\/3\/2024\/05\/bicycle-2553927_640.jpg 640w, https:\/\/www.acteurs-du-nord-isere.fr\/story\/wp-content\/uploads\/sites\/3\/2024\/05\/bicycle-2553927_640-300x200.jpg 300w\" sizes=\"auto, (max-width: 640px) 100vw, 640px\" \/><\/figure><div class=\"wp-block-media-text__content\">\n<h2 class=\"wp-block-heading\">D\u00e9fil\u00e9 : D\u00e9guise toi avec ton v\u00e9lo !<\/h2>\n\n\n\n<p><strong>Les enfants seront \u00e0 l&rsquo;honneur d\u00e8s 11h avec un d\u00e9fil\u00e9 haut en couleurs !<\/strong><br>Qu\u2019ils soient \u00e0 pied ou sur leurs v\u00e9los d\u00e9cor\u00e9s pour l\u2019occasion, les petits participants se retrouveront devant<a href=\"https:\/\/bistro-dauphinois.fr\/\" target=\"_blank\" rel=\"noopener\" title=\"\"> le restaurant Bistro Dauphinois <\/a>pour un moment festif et joyeux. Costumes, accessoires, cr\u00e9ativit\u00e9 : tout est permis pour \u00e9merveiller les spectateurs !<br>Le cort\u00e8ge s\u2019\u00e9lancera ensuite \u00e0 11h30 pour une parade s\u00e9curis\u00e9e dans les rues du village, o\u00f9 les jeunes artistes sur deux roues pourront fi\u00e8rement montrer leurs talents et leurs d\u00e9corations aux habitants.<\/p>\n<\/div><\/div>\n\n\n\n<div class=\"wp-block-columns is-layout-flex wp-container-core-columns-is-layout-9d6595d7 wp-block-columns-is-layout-flex\">\n<div class=\"wp-block-column is-layout-flow wp-block-column-is-layout-flow\">\n<h2 class=\"wp-block-heading\">Buvette et restauration sur place<\/h2>\n\n\n\n<p><strong>Apr\u00e8s l\u2019effort, le r\u00e9confort !<\/strong><br>D\u00e8s midi, place \u00e0 un moment de d\u00e9tente <strong>autour d\u2019un ap\u00e9ritif partag\u00e9<\/strong>, suivi d\u2019<strong>un savoureux repas barbecue<\/strong> qui ravira toutes les g\u00e9n\u00e9rations.<strong> La buvette<\/strong>, g\u00e9r\u00e9e par le Comit\u00e9 des F\u00eates de Doissin, vous proposera boissons fra\u00eeches et rafra\u00eechissements \u00e0 prix doux. Une belle occasion de se retrouver, de discuter et de faire connaissance dans une ambiance d\u00e9contract\u00e9e et chaleureuse.<\/p>\n\n\n\n<div class=\"wp-block-media-text alignwide is-stacked-on-mobile\"><figure class=\"wp-block-media-text__media\"><img loading=\"lazy\" decoding=\"async\" width=\"1024\" height=\"768\" src=\"https:\/\/www.acteurs-du-nord-isere.fr\/story\/wp-content\/uploads\/sites\/3\/2023\/06\/IMG_20210904_182821.jpg\" alt=\"\" class=\"wp-image-6587 size-full\" srcset=\"https:\/\/www.acteurs-du-nord-isere.fr\/story\/wp-content\/uploads\/sites\/3\/2023\/06\/IMG_20210904_182821.jpg 1024w, https:\/\/www.acteurs-du-nord-isere.fr\/story\/wp-content\/uploads\/sites\/3\/2023\/06\/IMG_20210904_182821-300x225.jpg 300w, https:\/\/www.acteurs-du-nord-isere.fr\/story\/wp-content\/uploads\/sites\/3\/2023\/06\/IMG_20210904_182821-768x576.jpg 768w\" sizes=\"auto, (max-width: 1024px) 100vw, 1024px\" \/><\/figure><div class=\"wp-block-media-text__content\">\n<p><strong>Un apr\u00e8s-midi plac\u00e9 sous le signe du jeu et de la bonne humeur !<\/strong><br>D\u00e8s le d\u00e9but de l\u2019apr\u00e8s-midi, une multitude d\u2019activit\u00e9s viendront animer le village : jeux d\u2019adresse, courses en sac, d\u00e9fis ludiques\u2026 il y en aura pour tous les \u00e2ges et toutes les envies !<br>Les plus jeunes profiteront \u00e9galement d\u2019un man\u00e8ge et d\u2019une grande structure gonflable, accessibles gratuitement, pour s\u2019amuser en toute libert\u00e9. Une ambiance festive et familiale garantie !<\/p>\n<\/div><\/div>\n<\/div>\n<\/div>\n\n\n\n<div class=\"wp-block-columns is-layout-flex wp-container-core-columns-is-layout-9d6595d7 wp-block-columns-is-layout-flex\">\n<div class=\"wp-block-column is-layout-flow wp-block-column-is-layout-flow\">\n<h2 class=\"wp-block-heading\">Soir\u00e9e Bal avec Animastar &#8211; DJ Sunny<\/h2>\n\n\n\n<p><strong>Une soir\u00e9e rythm\u00e9e pour finir la journ\u00e9e en beaut\u00e9 !<\/strong><br><strong>D\u00e8s 19h30<\/strong>, la f\u00eate continue avec <strong>une soir\u00e9e dansante ouverte \u00e0 tous<\/strong>. Ambiance musicale garantie pour faire bouger petits et grands, dans un esprit de partage et de bonne humeur. Et si l&rsquo;app\u00e9tit vous revient, le barbecue sera de nouveau \u00e0 votre disposition pour combler les gourmands.<\/p>\n\n\n\n<p>Puis, <strong>\u00e0 22h30, le ciel de Doissin s\u2019embrasera de mille feux avec un feu d\u2019artifice spectaculaire.<\/strong> Un final magique et color\u00e9 qui viendra clore cette belle journ\u00e9e de f\u00eate sur une note \u00e9tincelante.<\/p>\n\n\n\n<figure class=\"wp-block-image size-full\"><img loading=\"lazy\" decoding=\"async\" width=\"1280\" height=\"914\" src=\"https:\/\/www.acteurs-du-nord-isere.fr\/story\/wp-content\/uploads\/sites\/3\/2024\/05\/artifice-1538582_1280.jpg\" alt=\"\" class=\"wp-image-7338\" srcset=\"https:\/\/www.acteurs-du-nord-isere.fr\/story\/wp-content\/uploads\/sites\/3\/2024\/05\/artifice-1538582_1280.jpg 1280w, https:\/\/www.acteurs-du-nord-isere.fr\/story\/wp-content\/uploads\/sites\/3\/2024\/05\/artifice-1538582_1280-300x214.jpg 300w, https:\/\/www.acteurs-du-nord-isere.fr\/story\/wp-content\/uploads\/sites\/3\/2024\/05\/artifice-1538582_1280-1024x731.jpg 1024w, https:\/\/www.acteurs-du-nord-isere.fr\/story\/wp-content\/uploads\/sites\/3\/2024\/05\/artifice-1538582_1280-768x548.jpg 768w\" sizes=\"auto, (max-width: 1280px) 100vw, 1280px\" \/><\/figure>\n<\/div>\n<\/div>\n\n\n\n<div class=\"wp-block-columns is-layout-flex wp-container-core-columns-is-layout-9d6595d7 wp-block-columns-is-layout-flex\">\n<div class=\"wp-block-column is-layout-flow wp-block-column-is-layout-flow\">\n<h2 class=\"wp-block-heading\">Rendez-vous le samedi 14 Juin \u00e0 Doissin en Nord-Is\u00e8re<\/h2>\n\n\n\n<p><strong>La F\u00eate du Village \u00e0 Doissin, c\u2019est l\u2019occasion r\u00eav\u00e9e de vivre une journ\u00e9e conviviale en famille.<\/strong><br>Animations, musique, ambiance chaleureuse et plaisirs gourmands seront au rendez-vous pour combler toutes les envies. Notez bien la date : <strong>samedi 14 juin<\/strong> ! Venez nombreux partager des instants de joie, d\u2019\u00e9change et de f\u00eate au c\u0153ur du village. Une journ\u00e9e \u00e0 ne pas manquer !<\/p>\n\n\n\n<ul class=\"wp-block-list\">\n<li><strong>9h30 <\/strong>Concours p\u00e9tanque <\/li>\n\n\n\n<li><strong>11h00<\/strong> D\u00e9fil\u00e9, d\u00e9guise toi avec ton v\u00e9lo, rassemblement sur la place devant Le Bistro Dauphinois<br><strong>11h30 <\/strong>d\u00e9part du circuit (parcours s\u00e9curis\u00e9)<\/li>\n\n\n\n<li><strong>12h <\/strong>Ap\u00e9ritif + Repas barbecue<\/li>\n\n\n\n<li><strong>14h<\/strong> Jeux divers et man\u00e8ges<\/li>\n\n\n\n<li><strong>19h30 <\/strong>Soir\u00e9e Bal<\/li>\n\n\n\n<li>Repas barbecue<\/li>\n\n\n\n<li><strong>22h30 <\/strong>Feu d&rsquo;artifice<\/li>\n\n\n\n<li><strong>1h00<\/strong> Fin de la soir\u00e9e<\/li>\n<\/ul>\n<\/div>\n\n\n\n<div class=\"wp-block-column is-layout-flow wp-block-column-is-layout-flow\">\n<figure class=\"wp-block-image size-large\"><img loading=\"lazy\" decoding=\"async\" width=\"724\" height=\"1024\" src=\"https:\/\/www.acteurs-du-nord-isere.fr\/story\/wp-content\/uploads\/sites\/3\/2025\/05\/A3-Affiche-Doissin-724x1024.jpg\" alt=\"\" class=\"wp-image-7583\" srcset=\"https:\/\/www.acteurs-du-nord-isere.fr\/story\/wp-content\/uploads\/sites\/3\/2025\/05\/A3-Affiche-Doissin-724x1024.jpg 724w, https:\/\/www.acteurs-du-nord-isere.fr\/story\/wp-content\/uploads\/sites\/3\/2025\/05\/A3-Affiche-Doissin-212x300.jpg 212w, https:\/\/www.acteurs-du-nord-isere.fr\/story\/wp-content\/uploads\/sites\/3\/2025\/05\/A3-Affiche-Doissin.jpg 768w\" sizes=\"auto, (max-width: 724px) 100vw, 724px\" \/><\/figure>\n<\/div>\n<\/div>\n\n\n\n<div class=\"wp-block-columns is-layout-flex wp-container-core-columns-is-layout-9d6595d7 wp-block-columns-is-layout-flex\">\n<div class=\"wp-block-column is-layout-flow wp-block-column-is-layout-flow\"><\/div>\n<\/div>\n","protected":false},"excerpt":{"rendered":"<p>La F\u00eate du village et de la musique \u00e0 Doissin est l&rsquo;occasion id\u00e9ale pour passer une journ\u00e9e inoubliable en famille. Entre les jeux, la musique, la bonne humeur<\/p>\n","protected":false},"author":1,"featured_media":6587,"comment_status":"closed","ping_status":"closed","sticky":false,"template":"","format":"standard","meta":{"_acf_changed":false,"footnotes":""},"categories":[6,7],"tags":[431,320,321,319,432],"categoriescommunes":[116],"class_list":{"0":"post-7581","1":"post","2":"type-post","3":"status-publish","4":"format-standard","5":"has-post-thumbnail","7":"category-culture-loisirs","8":"category-evenements","9":"tag-annees-80s","10":"tag-fete-du-village","11":"tag-feu-dartifice","12":"tag-musique","13":"tag-petanque","14":"categoriescommunes-doissin"},"acf":[],"aioseo_notices":[],"_links":{"self":[{"href":"https:\/\/www.acteurs-du-nord-isere.fr\/story\/wp-json\/wp\/v2\/posts\/7581","targetHints":{"allow":["GET"]}}],"collection":[{"href":"https:\/\/www.acteurs-du-nord-isere.fr\/story\/wp-json\/wp\/v2\/posts"}],"about":[{"href":"https:\/\/www.acteurs-du-nord-isere.fr\/story\/wp-json\/wp\/v2\/types\/post"}],"author":[{"embeddable":true,"href":"https:\/\/www.acteurs-du-nord-isere.fr\/story\/wp-json\/wp\/v2\/users\/1"}],"replies":[{"embeddable":true,"href":"https:\/\/www.acteurs-du-nord-isere.fr\/story\/wp-json\/wp\/v2\/comments?post=7581"}],"version-history":[{"count":3,"href":"https:\/\/www.acteurs-du-nord-isere.fr\/story\/wp-json\/wp\/v2\/posts\/7581\/revisions"}],"predecessor-version":[{"id":7586,"href":"https:\/\/www.acteurs-du-nord-isere.fr\/story\/wp-json\/wp\/v2\/posts\/7581\/revisions\/7586"}],"wp:featuredmedia":[{"embeddable":true,"href":"https:\/\/www.acteurs-du-nord-isere.fr\/story\/wp-json\/wp\/v2\/media\/6587"}],"wp:attachment":[{"href":"https:\/\/www.acteurs-du-nord-isere.fr\/story\/wp-json\/wp\/v2\/media?parent=7581"}],"wp:term":[{"taxonomy":"category","embeddable":true,"href":"https:\/\/www.acteurs-du-nord-isere.fr\/story\/wp-json\/wp\/v2\/categories?post=7581"},{"taxonomy":"post_tag","embeddable":true,"href":"https:\/\/www.acteurs-du-nord-isere.fr\/story\/wp-json\/wp\/v2\/tags?post=7581"},{"taxonomy":"categoriescommunes","embeddable":true,"href":"https:\/\/www.acteurs-du-nord-isere.fr\/story\/wp-json\/wp\/v2\/categoriescommunes?post=7581"}],"curies":[{"name":"wp","href":"https:\/\/api.w.org\/{rel}","templated":true}]}}